{"id":8917,"date":"2009-04-07T15:20:00","date_gmt":"2009-04-07T15:20:00","guid":{"rendered":"http:\/\/www.lospoliticosveracruz.com.mx\/?p=8917"},"modified":"2014-10-08T19:26:56","modified_gmt":"2014-10-08T19:26:56","slug":"lamentos","status":"publish","type":"post","link":"https:\/\/lospoliticosveracruz.com.mx\/?p=8917","title":{"rendered":"Lamentos"},"content":{"rendered":"<p><strong>Fernando Hern\u00e1ndez<\/strong><br \/><em>El Marcaje<\/em><\/p>\n<p>Cu\u00e1nta melancol\u00eda me dio volver a ir a un estadio de Primera Divisi\u00f3n despu\u00e9s de casi un a\u00f1o de no hacerlo y la tristeza aument\u00f3 cuando ese duelo termin\u00f3 para dar paso al de Primera A entre el Atl\u00e9tico Mexiquense y el Veracruz.<br \/>En un abrir y cerrar de ojos el estadio Nemesio D\u00edez de Toluca qued\u00f3 vac\u00edo. Las alrededor de 20 almas que estuvieron en el grader\u00edo para ver a sus Diablos Rojos contra Morelia se fueron. A muy pocos, pero extremadamente pocos, les interesa el circuito de ascenso.<br \/>Repentinamente, aparecieron unos 40 aficionados de los Tiburones Rojos, con un esc\u00e1ndalo como si fuera el triple; a ellos se agregaron, aunque en otro sitio de la tribuna, los fan\u00e1ticos de los Pingos, a lo mucho 60; es decir, la cuota en el inmueble no llegaba ni a 200 personas.<br \/>En el palco de prensa hab\u00eda tres camar\u00f3grafos, un fot\u00f3grafo y un periodista, m\u00e1s dos reporteros gr\u00e1ficos en cancha. Tambi\u00e9n una cifra infame para un juego de futbol profesional.<br \/>Me ven\u00eda a la cabeza la duda de c\u00f3mo se motivar\u00e1n los jugadores de ambos conjuntos ante un estadio desnudo, con un ambiente \u00ednfimo, enmarcado por desinter\u00e9s notable.<br \/>Cuando el Veracruz juega en casa, por lo menos se habla de miles, pero lo del domingo pasado en el Nemesio D\u00edez fue una verdadera pesadilla. Creo que he visto m\u00e1s gente en juegos de Tercera Divisi\u00f3n.<br \/>Qu\u00e9 l\u00e1stima que por malos manejos, malas decisiones, errores y \u201ctontejadas\u201d los escualos jueguen en un circuito que es una selva y que se ve muy complicado regresen a la \u00e9lite del futbol nacional, porque hasta eso, el equipo juega bastante feo, aunque ah\u00ed est\u00e1 y en lo particular conf\u00edo en la suerte y un milagro para que los porte\u00f1os est\u00e9n de nuevo en la m\u00e1xima categor\u00eda.<\/p>\n<p><strong>Marcaje por zona<\/strong><\/p>\n<p>Ah qu\u00e9 cosas con \u201cEl Grandote de Cerro Azul\u201d. Qu\u00e9 tristeza es ver a un tipo como Carlos Hermosillo como candidato a diputado federal. Como deportista le admir\u00e9 mucho, aunque se jug\u00f3 en dos equipos que odio: Cruz Azul y Chivas; a\u00fan as\u00ed se le reconoce que como caza goles fue muy bueno y por eso sus marcas; adem\u00e1s de que como seleccionado nacional siempre fue un guerrero.<br \/>Qu\u00e9 l\u00e1stima que haya terminado como pol\u00edtico. En la Comisi\u00f3n Nacional de Cultura F\u00edsica y Deporte obvio que tambi\u00e9n hay grillas, pero es un \u00e1mbito de administraci\u00f3n deportiva, justamente para lo que estudi\u00f3 en Espa\u00f1a.<br \/>Si llegara a una curul por C\u00f3rdoba no s\u00e9 qu\u00e9 va a hacer. A Carlos Hermosillo se le recuerda recientemente por inconstancias y por proyectos inconclusos; para colmo va a un distrito que no conoce, los propios panistas no le quieren y no conf\u00edan en \u00e9l, al igual no tiene la experiencia para aventarse a un ruedo de tal magnitud.<br \/>En fin, es como si a Alejandro C\u00e1rdenas le llamaran de Sonora para ir por una candidatura, aunque no s\u00e9 para cu\u00e1l partido porque seg\u00fan el meridiano cambia de color de rojo a azul y viceversa, cual vil camale\u00f3n; aunque no es mala la idea de que el subdirector de alto rendimiento en el Instituto Veracruzano del Deporte buscara eso all\u00e1 por el norte del pa\u00eds, muchos presidentes de Asociaci\u00f3n estar\u00edan felices de eso, porque el ex corredor ni los ha pelado.<\/p>\n<p>Hasta la vista.<br \/>fhernandez1980@gmail.com<\/p>\n","protected":false},"excerpt":{"rendered":"<p>Fernando Hern\u00e1ndezEl Marcaje Cu\u00e1nta melancol\u00eda me dio volver a ir a un estadio de Primera Divisi\u00f3n despu\u00e9s de casi un a\u00f1o de no hacerlo y la tristeza aument\u00f3 cuando ese duelo termin\u00f3 para dar paso al de Primera A entre el Atl\u00e9tico Mexiquense y el Veracruz.En un abrir y cerrar de ojos el estadio Nemesio [&hellip;]<\/p>\n","protected":false},"author":1,"featured_media":0,"comment_status":"open","ping_status":"open","sticky":false,"template":"","format":"standard","meta":{"_jetpack_newsletter_access":"","_jetpack_dont_email_post_to_subs":false,"_jetpack_newsletter_tier_id":0,"_jetpack_memberships_contains_paywalled_content":false,"_jetpack_memberships_contains_paid_content":false,"footnotes":""},"categories":[1],"tags":[],"class_list":["post-8917","post","type-post","status-publish","format-standard","hentry","category-sin-categoria"],"jetpack_featured_media_url":"","jetpack_sharing_enabled":true,"jetpack_shortlink":"https:\/\/wp.me\/s4Qcd3-lamentos","_links":{"self":[{"href":"https:\/\/lospoliticosveracruz.com.mx\/index.php?rest_route=\/wp\/v2\/posts\/8917","targetHints":{"allow":["GET"]}}],"collection":[{"href":"https:\/\/lospoliticosveracruz.com.mx\/index.php?rest_route=\/wp\/v2\/posts"}],"about":[{"href":"https:\/\/lospoliticosveracruz.com.mx\/index.php?rest_route=\/wp\/v2\/types\/post"}],"author":[{"embeddable":true,"href":"https:\/\/lospoliticosveracruz.com.mx\/index.php?rest_route=\/wp\/v2\/users\/1"}],"replies":[{"embeddable":true,"href":"https:\/\/lospoliticosveracruz.com.mx\/index.php?rest_route=%2Fwp%2Fv2%2Fcomments&post=8917"}],"version-history":[{"count":0,"href":"https:\/\/lospoliticosveracruz.com.mx\/index.php?rest_route=\/wp\/v2\/posts\/8917\/revisions"}],"wp:attachment":[{"href":"https:\/\/lospoliticosveracruz.com.mx\/index.php?rest_route=%2Fwp%2Fv2%2Fmedia&parent=8917"}],"wp:term":[{"taxonomy":"category","embeddable":true,"href":"https:\/\/lospoliticosveracruz.com.mx\/index.php?rest_route=%2Fwp%2Fv2%2Fcategories&post=8917"},{"taxonomy":"post_tag","embeddable":true,"href":"https:\/\/lospoliticosveracruz.com.mx\/index.php?rest_route=%2Fwp%2Fv2%2Ftags&post=8917"}],"curies":[{"name":"wp","href":"https:\/\/api.w.org\/{rel}","templated":true}]}}