{"id":8918,"date":"2009-04-07T15:15:00","date_gmt":"2009-04-07T15:15:00","guid":{"rendered":"http:\/\/www.lospoliticosveracruz.com.mx\/?p=8918"},"modified":"2014-10-08T19:26:56","modified_gmt":"2014-10-08T19:26:56","slug":"muchas-obras-para-xalapa","status":"publish","type":"post","link":"https:\/\/lospoliticosveracruz.com.mx\/?p=8918","title":{"rendered":"Muchas obras para Xalapa"},"content":{"rendered":"<blockquote><p>* No hay cambio de suplente<br \/>* Beatriz deshoja la margarita<\/p><\/blockquote>\n<p><strong>Jos\u00e9 Ortiz Medina<\/strong><br \/><em>En corto&#8230; sin cortes<\/em><\/p>\n<p>Cuando los alcaldes no hacen obra los ciudadanos se quejan y cuando las obras son muchas, tambi\u00e9n hay malestar de los habitantes por los inevitables problemas viales que ello conlleva.<br \/>Pues mil veces es preferible que haya alguna que otra molestia por parte de los gobernados por la gran cantidad de obras, pues peor ser\u00eda ver dilapidados los recursos en acciones que no benefician a la colectividad.<br \/>Algo parecido le est\u00e1 ocurriendo al presidente municipal de Xalapa, David Velasco Chedraui quien nos ha \u201cbombardeado\u201d con nuevos puentes, t\u00faneles, pasos a desnivel y dem\u00e1s acciones que est\u00e1n colocando a la Atenas Veracruzana a la altura de las urbes m\u00e1s modernas del pa\u00eds.<br \/>Claro que la mayor\u00eda de estos beneficios son realizados con el apoyo invaluable del gobernador Fidel Herrera Beltr\u00e1n.<br \/>De mientras, ayer funcionarios municipales anunciaron que dentro de algunas semanas arrancar\u00e1 el embellecimiento de la avenida Manuel \u00c1vila Camacho, trabajos que durar\u00e1n entre seis y siete meses.<br \/>Por supuesto que todo esto ocasionar\u00e1 trastornos en la circulaci\u00f3n vehicular, pero la recompensa vendr\u00e1 despu\u00e9s al contar con una r\u00faa con un nuevo rostro.  <br \/>El proyecto, como se sabe, no implica tocar ning\u00fan \u00e1rbol y si esto se diera, ser\u00eda porque cumpli\u00f3 su ciclo de vida y as\u00ed evitar riesgos a los automovilistas y transe\u00fantes.<br \/>Velasco Chedraui inform\u00f3 que la rehabilitaci\u00f3n integral de la citada  avenida contempla desde el arreglo de banquetas y la colocaci\u00f3n de fuentes, hasta el retiro de postes y cables de luz para hacer una electrificaci\u00f3n subterr\u00e1nea.<br \/> Asimismo se pretende aumentar la vegetaci\u00f3n con la siembra de flores y plantas,  y repavimentar la avenida par darle otra imagen. Contempla la rehabilitaci\u00f3n de banquetas, instalar mobiliario urbano, como pueden ser bancas o botes de basura, y rehabilitar y colocar fuentes, todo para mejorar la imagen urbana y fomentar el turismo.<br \/>Este proyecto es tripartita. La Secretar\u00eda de Turismo Federal ya deposit\u00f3 los recursos que le corresponden a la Secretar\u00eda de Finanzas y Planeaci\u00f3n estatal y el Ayuntamiento envi\u00f3 los documentos correspondientes, como son el convenio y el acta de Cabildo.<br \/>La comuna autoriz\u00f3 que se eroguen 10 millones de pesos para este proyecto, donde tambi\u00e9n participar\u00edan con 7 millones el gobierno del estado y el gobierno federal a trav\u00e9s de la Sectur, con el fin de lograr una inversi\u00f3n de 24 millones de pesos.<br \/>S\u00f3lo falta la autorizaci\u00f3n del Congreso local para posteriormente enviar la documentaci\u00f3n correspondiente a la Secretar\u00eda Turismo y abrir una cuenta bancaria especial para administrar el recurso.<\/p>\n<p>NO SE HAGAN bolas, dir\u00eda un ex hu\u00e9sped de Los Pinos. No se contempla cambio de suplentes en la f\u00f3rmula que acompa\u00f1a al candidato a diputado federal por el Distrito 16. Daniela Nadal se mantiene firme. Cabe mencionar que ayer circul\u00f3 la versi\u00f3n de que el Alcalde de Ixtaczoquitl\u00e1n, Nelson Votte, habr\u00eda sido invitado para sustituirla. Empero, esto es falso, ya que el edil est\u00e1 muy preocupado por entregar una buena administraci\u00f3n municipal, y as\u00ed contribuir a la causa del PRI en C\u00f3rdoba. Daniela Nadal Riquelme tuvo un desempe\u00f1o sobresaliente en la precampa\u00f1a, respaldando al Candidato en las visitas y recorridos con la militancia del Distrito. Por cierto, el candidato priista por C\u00f3rdoba y su equipo de campa\u00f1a est\u00e1n totalmente ocupados ahora  en la preparaci\u00f3n de lo que ser\u00e1 la campa\u00f1a electoral que arranca el 3 de mayo pr\u00f3ximo, en la que habr\u00e1 de ratificarse el gran trabajo realizado con la base militante. Por tal motivo no hay descanso en los trabajos para afinar cada una de las actividades que se programan para los sesenta d\u00edas de actividad proselitista a favor del abanderado tricolor<\/p>\n<p>CON EL prop\u00f3sito de contribuir al fortalecimiento de la cultura democr\u00e1tica en la entidad, el Congreso del Estado de Veracruz iniciar\u00e1 una serie de conferencias con diversos temas relacionados con la materia, por lo que este martes 7 de abril tendr\u00e1 lugar la Conferencia Magistral \u201cEstado y Gobernabilidad: desaf\u00edos y transformaciones\u201d, que sustentar\u00e1 el Dr. Joan Prats i Catala, presidente de la Asociaci\u00f3n Internacional de Gobernanza, Ciudadan\u00eda y Empresas.<\/p>\n<p>DURANTE una entrevista la dirigente nacional del PRI Beatriz Paredes declar\u00f3 que si llega a coordinar la bancada del PRI a partir de septiembre en la C\u00e1mara de Diputados, dejar\u00eda la presidencia del partido tricolor. En cambio si s\u00f3lo llega como diputada no renunciar\u00e1 a su actual encargo. Dijo: \u201ces un asunto que vamos ir evaluando en el Comit\u00e9 Nacional en funci\u00f3n del desarrollo de las campa\u00f1as y en funci\u00f3n de la propia oposici\u00f3n de la bancada &#8230;Todav\u00eda no he decidido intentar ser coordinadora\u201d.<\/p>\n","protected":false},"excerpt":{"rendered":"<p>* No hay cambio de suplente* Beatriz deshoja la margarita Jos\u00e9 Ortiz MedinaEn corto&#8230; sin cortes Cuando los alcaldes no hacen obra los ciudadanos se quejan y cuando las obras son muchas, tambi\u00e9n hay malestar de los habitantes por los inevitables problemas viales que ello conlleva.Pues mil veces es preferible que haya alguna que otra [&hellip;]<\/p>\n","protected":false},"author":1,"featured_media":0,"comment_status":"open","ping_status":"open","sticky":false,"template":"","format":"standard","meta":{"_jetpack_newsletter_access":"","_jetpack_dont_email_post_to_subs":false,"_jetpack_newsletter_tier_id":0,"_jetpack_memberships_contains_paywalled_content":false,"_jetpack_memberships_contains_paid_content":false,"footnotes":""},"categories":[1],"tags":[],"class_list":["post-8918","post","type-post","status-publish","format-standard","hentry","category-sin-categoria"],"jetpack_featured_media_url":"","jetpack_sharing_enabled":true,"jetpack_shortlink":"https:\/\/wp.me\/p4Qcd3-2jQ","_links":{"self":[{"href":"https:\/\/lospoliticosveracruz.com.mx\/index.php?rest_route=\/wp\/v2\/posts\/8918","targetHints":{"allow":["GET"]}}],"collection":[{"href":"https:\/\/lospoliticosveracruz.com.mx\/index.php?rest_route=\/wp\/v2\/posts"}],"about":[{"href":"https:\/\/lospoliticosveracruz.com.mx\/index.php?rest_route=\/wp\/v2\/types\/post"}],"author":[{"embeddable":true,"href":"https:\/\/lospoliticosveracruz.com.mx\/index.php?rest_route=\/wp\/v2\/users\/1"}],"replies":[{"embeddable":true,"href":"https:\/\/lospoliticosveracruz.com.mx\/index.php?rest_route=%2Fwp%2Fv2%2Fcomments&post=8918"}],"version-history":[{"count":0,"href":"https:\/\/lospoliticosveracruz.com.mx\/index.php?rest_route=\/wp\/v2\/posts\/8918\/revisions"}],"wp:attachment":[{"href":"https:\/\/lospoliticosveracruz.com.mx\/index.php?rest_route=%2Fwp%2Fv2%2Fmedia&parent=8918"}],"wp:term":[{"taxonomy":"category","embeddable":true,"href":"https:\/\/lospoliticosveracruz.com.mx\/index.php?rest_route=%2Fwp%2Fv2%2Fcategories&post=8918"},{"taxonomy":"post_tag","embeddable":true,"href":"https:\/\/lospoliticosveracruz.com.mx\/index.php?rest_route=%2Fwp%2Fv2%2Ftags&post=8918"}],"curies":[{"name":"wp","href":"https:\/\/api.w.org\/{rel}","templated":true}]}}