{"id":8919,"date":"2009-04-07T00:26:00","date_gmt":"2009-04-07T00:26:00","guid":{"rendered":"http:\/\/www.lospoliticosveracruz.com.mx\/?p=8919"},"modified":"2014-10-08T19:26:57","modified_gmt":"2014-10-08T19:26:57","slug":"es-lo-que-la-gente-quiere","status":"publish","type":"post","link":"https:\/\/lospoliticosveracruz.com.mx\/?p=8919","title":{"rendered":"\u201cEs lo que la gente quiere\u201d"},"content":{"rendered":"<p><strong>Salvador Mu\u00f1oz<\/strong><br \/><em>Los Pol\u00edticos<\/em><\/p>\n<p>As\u00ed se excusaba Saparmirat Niyazov, presidente fallecido de Turkmenist\u00e1n cuando ve\u00eda por todo el pa\u00eds su nombre, estatuas o cualquier cosa que tuviera que ver con \u00e9l.<br \/>Para ubicarlo, fue el que cambi\u00f3 los nombres a dos meses del a\u00f1o, enero y abril, para ponerle Turkmenbashi (L\u00edder de Todos los Turcomanos, eso significa y as\u00ed se autonombr\u00f3) y el apelativo de su santa madre (muy largo y enredado para leer).<br \/>Adem\u00e1s, escribi\u00f3 un libro b\u00e1sico de texto que llam\u00f3 \u201cRuhnama\u201d o \u201cLibro del Alma\u201d que todo estudiante de secundaria deb\u00eda saberse al derecho y al rev\u00e9s para poder egresar.<br \/>Igual mand\u00f3 a hacer estatuas cubiertas de oro (no s\u00e9 si bustos tambi\u00e9n) y hechas del material de un meteorito al que llam\u00f3 \u00a1\u201cTurkmenbashi\u201d!<br \/>No hab\u00eda \u201cJuramento hipocr\u00e1tico\u201d, sino \u201cJuramento a Tukmenbashi\u201d.<br \/>Un pueblo llamado Krasnovodsk creo que no le gustaba la fon\u00e9tica que ten\u00eda y prefiri\u00f3 llamarlo con otro nombre\u2026 \u00a1\u201cTurkmenbashi\u201d!<br \/>\u00bfParece loco? Pudiera ser, pero fue de esos grandes hombres que buscaban la libertad de su pueblo en ese tiempo bajo el yugo de la desaparecida Uni\u00f3n Sovi\u00e9tica\u2026 \u00bfle recuerda a alguien este libertador?<br \/>S\u00ed\u2026 por supuesto\u2026 se parece a Fidel\u2026 bueno\u2026 dicen.<br \/>La verdad yo no conozco la Isla, pero pues tampoco conozco Turkmenist\u00e1n, as\u00ed que le seguimos\u2026<br \/>En Cuba dicen que ya no hay una gran difusi\u00f3n de la imagen de Fidel Castro como hace muchos a\u00f1os. Comprensible porque con el tiempo, las nuevas generaciones van perdiendo parte de su historia y Fidel ya no es el mismo que sali\u00f3 de Tuxpan. El culto a la personalidad se combinaba con el adoctrinamiento a trav\u00e9s de pintas y frases que el mismo \u201cMaximus\u201d, el de \u201cEl Gladiador\u201d, envidiar\u00eda: \u00a1Patria o muerte! \u00a1Venceremos! \u00a1Hasta la victoria siempre! que m\u00e1s que exaltar la figura de Fidel, adoctrinaban (por decirlo de una forma vulgar) o hac\u00edan que despertara el esp\u00edritu (siendo idealistas).<br \/>Pero me dicen los que han estado all\u00ed, que en las casas mucha gente mantiene con cari\u00f1o y respeto, una foto de Fidel Castro Ruz\u2026 es decir que el culto a la persona lo da el pueblo de una manera sencilla, sin alharaca y sin que cueste mucho dinero.<br \/>Aseguran que no es parte de alguna campa\u00f1a del Estado, porque son fotos en distintas poses, tama\u00f1os y a\u00f1os.<br \/>En M\u00e9xico y mucho menos en Veracruz, nos salvamos del culto a la personalidad\u2026<br \/>Si el pueblo no me miente, da pena comentarlo pero es un veracruzano el que puso la nota sobre este tema que a veces nos acerca a un dictador (el tema, no el veracruzano). \u00bfYa sabe qui\u00e9n es? \u00bfNo?<br \/>\u00a1P\u00f3ngase buzo! \u00a1No soy pap\u00e1 gobierno para que le tenga que dar todo! Est\u00e9 alerta con las caracter\u00edsticas del culto a la personalidad\u2026 \u00a1ojo! Y de inmediato se dar\u00e1 cuenta de qu\u00e9 veracruzano le hablo\u2026<br \/>1.- Devoci\u00f3n total de las personas para el l\u00edder (porque eso son, aut\u00e9nticos l\u00edderes o mes\u00edas que quieren llevar a la salvaci\u00f3n a su pueblo)\u2026 por eso usted estar\u00e1 oyendo a la gente, pol\u00edticos y funcionarios, referirse a esta persona como \u201cEl Se\u00f1or\u201d, \u201cEl Maestro\u201d o \u201cEl Jefe\u201d sin mencionar ya su nombre.<br \/>2.- Excesivos halagos en los medios de informaci\u00f3n.<br \/>3.- Por lo mismo, la presencia exagerada en notas, fotos, esl\u00f3ganes por todo el territorio.<br \/>4.- El nombre del l\u00edder empezar\u00e1 a aparecer en escuelas, canchas, edificios p\u00fablicos y \u00a1hasta en ciudades!<br \/>5.- La relaci\u00f3n del l\u00edder con todo lo que acontece en el territorio o en el mundo\u2026 vaya, es ajonjol\u00ed de todos los moles, y sus seguidores lo enaltecen diciendo: \u00a1Sabe mucho!<br \/>Si con estas caracter\u00edsticas no ha dado con este veracruzano a quien se le rindi\u00f3 culto a la personalidad, pues no me queda m\u00e1s que decirlo: Miguel Alem\u00e1n Vald\u00e9s.<br \/>Si no, baste observar que a la fecha haya por todos lados avenidas, calles, edificios p\u00fablicos, ciudades, carreteras y un sinf\u00edn de cosas, as\u00ed como un hijo al que le puso tambi\u00e9n su nombre\u2026 a ciencia cierta no s\u00e9 si esto haya sido durante su mandato o estando vivo, pero estamos seguros que eso se llama Culto a la Personalidad.<br \/>\u00a1Igual que ocurri\u00f3 con otros l\u00edderes, a Miguel Alem\u00e1n se le vio como el gran revolucionario pero algunos a\u00fan lo llaman el Gran Robolucionario!<br \/>Por supuesto\u2026 en algunos casos, las estatuas al culto a la personalidad, tras ser derrocado el gran l\u00edder, el maestro, el jefe, igual caen, como ocurri\u00f3 con Saddam Hussein, Hitler, Fox o el mismo Alem\u00e1n (recuerden CU)\u2026<br \/>As\u00ed es la historia\u2026 \u00a1ah! Al gobernador Fidel Herrera le acaban de hacer un busto en Tierra Blanca. No cabe duda\u2026 \u201ces lo que la gente quiere\u201d.<br \/><a href=\"http:\/\/www.lospoliticosveracruz.com.mx\/wp-content\/uploads\/2009\/04\/busto.jpg\"><img decoding=\"async\" style=\"display:block; margin:0px auto 10px; text-align:center;cursor:pointer; cursor:hand;width: 400px; height: 256px;\" src=\"http:\/\/www.lospoliticosveracruz.com.mx\/wp-content\/uploads\/2009\/04\/busto-300x192.jpg\" border=\"0\" alt=\"\"id=\"BLOGGER_PHOTO_ID_5321740844951508402\" \/><\/a><\/p>\n","protected":false},"excerpt":{"rendered":"<p>Salvador Mu\u00f1ozLos Pol\u00edticos As\u00ed se excusaba Saparmirat Niyazov, presidente fallecido de Turkmenist\u00e1n cuando ve\u00eda por todo el pa\u00eds su nombre, estatuas o cualquier cosa que tuviera que ver con \u00e9l.Para ubicarlo, fue el que cambi\u00f3 los nombres a dos meses del a\u00f1o, enero y abril, para ponerle Turkmenbashi (L\u00edder de Todos los Turcomanos, eso significa [&hellip;]<\/p>\n","protected":false},"author":1,"featured_media":0,"comment_status":"open","ping_status":"open","sticky":false,"template":"","format":"standard","meta":{"_jetpack_newsletter_access":"","_jetpack_dont_email_post_to_subs":false,"_jetpack_newsletter_tier_id":0,"_jetpack_memberships_contains_paywalled_content":false,"_jetpack_memberships_contains_paid_content":false,"footnotes":""},"categories":[1],"tags":[],"class_list":["post-8919","post","type-post","status-publish","format-standard","hentry","category-sin-categoria"],"jetpack_featured_media_url":"","jetpack_sharing_enabled":true,"jetpack_shortlink":"https:\/\/wp.me\/p4Qcd3-2jR","_links":{"self":[{"href":"https:\/\/lospoliticosveracruz.com.mx\/index.php?rest_route=\/wp\/v2\/posts\/8919","targetHints":{"allow":["GET"]}}],"collection":[{"href":"https:\/\/lospoliticosveracruz.com.mx\/index.php?rest_route=\/wp\/v2\/posts"}],"about":[{"href":"https:\/\/lospoliticosveracruz.com.mx\/index.php?rest_route=\/wp\/v2\/types\/post"}],"author":[{"embeddable":true,"href":"https:\/\/lospoliticosveracruz.com.mx\/index.php?rest_route=\/wp\/v2\/users\/1"}],"replies":[{"embeddable":true,"href":"https:\/\/lospoliticosveracruz.com.mx\/index.php?rest_route=%2Fwp%2Fv2%2Fcomments&post=8919"}],"version-history":[{"count":0,"href":"https:\/\/lospoliticosveracruz.com.mx\/index.php?rest_route=\/wp\/v2\/posts\/8919\/revisions"}],"wp:attachment":[{"href":"https:\/\/lospoliticosveracruz.com.mx\/index.php?rest_route=%2Fwp%2Fv2%2Fmedia&parent=8919"}],"wp:term":[{"taxonomy":"category","embeddable":true,"href":"https:\/\/lospoliticosveracruz.com.mx\/index.php?rest_route=%2Fwp%2Fv2%2Fcategories&post=8919"},{"taxonomy":"post_tag","embeddable":true,"href":"https:\/\/lospoliticosveracruz.com.mx\/index.php?rest_route=%2Fwp%2Fv2%2Ftags&post=8919"}],"curies":[{"name":"wp","href":"https:\/\/api.w.org\/{rel}","templated":true}]}}