{"id":8920,"date":"2009-04-07T00:00:00","date_gmt":"2009-04-07T00:00:00","guid":{"rendered":"http:\/\/www.lospoliticosveracruz.com.mx\/?p=8920"},"modified":"2014-10-08T19:26:58","modified_gmt":"2014-10-08T19:26:58","slug":"aguas","status":"publish","type":"post","link":"https:\/\/lospoliticosveracruz.com.mx\/?p=8920","title":{"rendered":"\u00a1Aguas!"},"content":{"rendered":"<p><a href=\"http:\/\/www.lospoliticosveracruz.com.mx\/wp-content\/uploads\/2009\/04\/Agua.jpg\"><img decoding=\"async\" style=\"float:right; margin:0 0 10px 10px;cursor:pointer; cursor:hand;width: 270px; height: 320px;\" src=\"http:\/\/www.lospoliticosveracruz.com.mx\/wp-content\/uploads\/2009\/04\/Agua-252x300.jpg\" border=\"0\" alt=\"\"id=\"BLOGGER_PHOTO_ID_5321733719388228546\" \/><\/a><br \/><strong>Juan Antonio Nemi Dib<\/strong><br \/><em>Historias de Cosas Peque\u00f1as<\/em><\/p>\n<p>Probablemente se trate de un severo error en materia de comunicaci\u00f3n. Y es que a fuerza de repetirlas, las advertencias se han desgastado y se convirtieron en un lugar tan com\u00fan que muy pocos se las toman en serio y todav\u00eda menos hacen algo por cambiar las cosas. Hay evidencias cient\u00edficas irrefutables de que la humanidad enfrenta ya, como un destino que lleg\u00f3 y se impuso sin oposici\u00f3n, uno de los retos m\u00e1s grandes en la historia documentada de la humanidad: la falta de agua.<br \/>Un informe presentado por expertos de la ONU en febrero se\u00f1ala que para el a\u00f1o 2025, dos mil millones de personas vivir\u00e1n con grave escasez de agua; otros c\u00e1lculos \u201cmenos optimistas\u201d estiman que en realidad ser\u00e1n tres mil doscientos millones de personas sin acceso regular al agua, en casi todas las regiones del Mundo.<br \/>Nos lo ense\u00f1aban en la escuela primaria, pero no est\u00e1 de m\u00e1s recordarlo: el 60% del cuerpo humano se compone de agua y la p\u00e9rdida de apenas un 15% de este fluido supone la muerte cl\u00ednica para pr\u00e1cticamente cualquier persona. En t\u00e9rminos muy pr\u00e1cticos: no es s\u00f3lo una frase po\u00e9tica ni una exageraci\u00f3n decir que el agua es la fuente de la vida y su correlativo, la falta de agua, sin\u00f3nimo de mucho sufrimiento.<br \/>El inventario de agua disponible en el planeta es pr\u00e1cticamente el mismo que hace dos mil a\u00f1os, con la diferencia de que los usuarios hemos crecido exponencialmente, igual que los vol\u00famenes de su consumo. Casi el 70% del planeta tiene la superficie cubierta de agua, \u00a1salada! Menos del 3% del agua de la Tierra es dulce y, de ella, apenas un 1% es apta para el consumo. Las malas pr\u00e1cticas agr\u00edcolas e industriales, el fen\u00f3meno de la \u201csuperpoblaci\u00f3n\u201d, la contaminaci\u00f3n ambiental y graves errores en la gesti\u00f3n hidr\u00e1ulica son los factores identificados como potenciadores de su escasez.<br \/>Pero ojal\u00e1 fueran  los \u00fanicos problemas vinculados al agua. Hay otros igualmente graves:<br \/>1.- La distribuci\u00f3n. A nivel planetario, continental, dentro de los pa\u00edses y en las mismas regiones, el agua apta para consumo humano aparece concentrada y no siempre cerca de los sitios donde se le necesita. Trasladarla es un reto por s\u00ed mismo. Las p\u00e9rdidas por evaporaci\u00f3n y por fugas llegan a un escandaloso 70% en ciertos sitios, mientras que los costos \u2013sobre todo energ\u00e9ticos\u2014 para llevar el agua a los lugares de consumo son cada vez mayores.<br \/>2.- Estacionalidad. La disponibilidad de agua cambia de acuerdo con los ciclos naturales y la infraestructura de almacenamiento resulta insuficiente para mantener constante el abasto durante todo el tiempo. Es frecuente escuchar que, a veces, las presas est\u00e1n rebosantes, mientras que en otros momentos se encuentran por debajo de sus niveles cr\u00edticos.<br \/>3.- Precios. Aunque no lo parezca, el agua es un factor determinante de la econom\u00eda contempor\u00e1nea. Hoy, cualquier proyecto de inversi\u00f3n (p\u00fablico, social o privado) tendr\u00e1 necesariamente como primera condici\u00f3n la disponibilidad de agua \u2013lo mismo para una nueva f\u00e1brica que para una unidad habitacional, un fraccionamiento, una plantaci\u00f3n o un hospital\u2014 y, l\u00f3gicamente, la existencia de este insumo cr\u00edtico ser\u00e1 un factor potencial de crecimiento. La escasez de agua, por contrapartida, ralentiza el crecimiento y encarece la vida, a veces a niveles extremos: en Guatemala, el agua cuesta cinco veces m\u00e1s que en Estados Unidos. El ciclo se hace perverso: menos agua = a m\u00e1s pobreza. <br \/>4.- Cambio clim\u00e1tico. \u201cEl panorama que se perfila a futuro ser\u00e1 a\u00fan m\u00e1s inquietante, si la temperatura promedio del planeta sube entre 1,8 y 4 grados hasta fines de siglo, como lo augura el informe presentado\u2026 por expertos de las  Naciones Unidas\u201d. En \u201cEspa\u00f1a y Portugal, comienza a cundir el temor a lo que vendr\u00e1 seg\u00fan los pron\u00f3sticos de los especialistas. Igualmente en Italia se observa con inquietud c\u00f3mo los principales r\u00edos del pa\u00eds, el T\u00edber, el Arno y el Po, presentan los niveles m\u00e1s bajos que se recuerde. Un investigador del medioambiente de la universidad romana \u2018La Sapienza\u2019 lo atribuye a la disminuci\u00f3n de las lluvias y al hecho de que este invierno haya s\u00f3lo 75 cent\u00edmetros de nieve en los Alpes, en lugar de los habituales 150 y concluye que el cambio clim\u00e1tico ya est\u00e1 en marcha\u201d.<br \/>5.- Calidad. Adem\u00e1s de los \u201cefectos androg\u00e9nicos\u201d \u2013los cambios propiciados por la acci\u00f3n del hombre\u2014 hay ciertos cuerpos de agua que por s\u00ed mismos son perniciosos para la salud y que sin embargo se usan indiscriminadamente. Por ejemplo, \u201cdiluido en \u2018agua potable\u2019 el ars\u00e9nico, un semi metal inodoro e ins\u00edpido que se encuentra en estado natural en rocas y suelos, envenena d\u00eda a d\u00eda a millones de consumidores en 36 pa\u00edses. \u00c9ste es el resultado de un estudio desarrollado por la Organizaci\u00f3n Mundial de la Salud (OMS) y el Centro para Agua y Sanidad (IRC)\u201d. De acuerdo con reportes de la UNICEF, cada a\u00f1o se muere mill\u00f3n y medio de ni\u00f1os en el mundo, por utilizar agua no apta para el consumo humano. La cifra se eleva a seis mil muertos diarios, si se incluye a los adultos.<br \/>6.- Discriminaci\u00f3n. Los datos son elocuentes: a mayor pobreza y menores \u00edndices de desarrollo humano, menor disponibilidad de agua. Un tercio de los ni\u00f1os y j\u00f3venes de Am\u00e9rica Latina no tienen acceso al agua, seg\u00fan la CEPAL. Otra ecuaci\u00f3n: agua = a factor de poder y control.<br \/>7.- Corrupci\u00f3n. Sorprende tanto que lo cito textual: \u201cLa corrupci\u00f3n en la exploraci\u00f3n, distribuci\u00f3n y manejo del agua es un peligro mundial subestimado para el desarrollo sostenible, dice \u2018Transparencia Internacional\u2019 (TI) en su \u2018Reporte 2008 sobre Corrupci\u00f3n\u2019.  La corrupci\u00f3n ha penetrado ya los m\u00e1s diferentes aspectos del sector h\u00eddrico. Criminalidad en el suministro, malversaci\u00f3n de fondos para la construcci\u00f3n de regad\u00edos y plantas de generaci\u00f3n de energ\u00eda en conexi\u00f3n con licitaciones, encubrimiento de contaminaci\u00f3n industrial de aguas y fraude en la administraci\u00f3n y distribuci\u00f3n de las mismas.\u201d<br \/>\u201cCuando hay corrupci\u00f3n de por medio, los precios de la conexi\u00f3n de la casa al acueducto municipal se incrementan en un 30%, dice TI, la cual advierte que as\u00ed el precio para alcanzar la 7\u00aa meta del Milenio en el sector de agua y su tratamiento sube en 48 mil millones de d\u00f3lares. En cada eslab\u00f3n del suministro y la evacuaci\u00f3n de aguas residuales se presentan casos de corrupci\u00f3n: desde la planificaci\u00f3n y financiaci\u00f3n de la construcci\u00f3n de plantas, hasta en el funcionamiento y mantenimiento de redes de agua desaparecen dineros de las inversiones, lo que hace subir los precios del suministro de agua.\u201d <br \/>Foros van, foros vienen. Discursos y m\u00e1s discursos. Lo \u00fanico cierto es que el agua escasea cada vez m\u00e1s. Este es un problema ya no s\u00f3lo para el futuro lejano que no nos toca, tambi\u00e9n para nosotros. \u00a1Aguas!<br \/>                                                                         antonionemi@gmail.com<\/p>\n","protected":false},"excerpt":{"rendered":"<p>Juan Antonio Nemi DibHistorias de Cosas Peque\u00f1as Probablemente se trate de un severo error en materia de comunicaci\u00f3n. Y es que a fuerza de repetirlas, las advertencias se han desgastado y se convirtieron en un lugar tan com\u00fan que muy pocos se las toman en serio y todav\u00eda menos hacen algo por cambiar las cosas. [&hellip;]<\/p>\n","protected":false},"author":1,"featured_media":0,"comment_status":"open","ping_status":"open","sticky":false,"template":"","format":"standard","meta":{"_jetpack_newsletter_access":"","_jetpack_dont_email_post_to_subs":false,"_jetpack_newsletter_tier_id":0,"_jetpack_memberships_contains_paywalled_content":false,"_jetpack_memberships_contains_paid_content":false,"footnotes":""},"categories":[1],"tags":[],"class_list":["post-8920","post","type-post","status-publish","format-standard","hentry","category-sin-categoria"],"jetpack_featured_media_url":"","jetpack_sharing_enabled":true,"jetpack_shortlink":"https:\/\/wp.me\/s4Qcd3-aguas","_links":{"self":[{"href":"https:\/\/lospoliticosveracruz.com.mx\/index.php?rest_route=\/wp\/v2\/posts\/8920","targetHints":{"allow":["GET"]}}],"collection":[{"href":"https:\/\/lospoliticosveracruz.com.mx\/index.php?rest_route=\/wp\/v2\/posts"}],"about":[{"href":"https:\/\/lospoliticosveracruz.com.mx\/index.php?rest_route=\/wp\/v2\/types\/post"}],"author":[{"embeddable":true,"href":"https:\/\/lospoliticosveracruz.com.mx\/index.php?rest_route=\/wp\/v2\/users\/1"}],"replies":[{"embeddable":true,"href":"https:\/\/lospoliticosveracruz.com.mx\/index.php?rest_route=%2Fwp%2Fv2%2Fcomments&post=8920"}],"version-history":[{"count":0,"href":"https:\/\/lospoliticosveracruz.com.mx\/index.php?rest_route=\/wp\/v2\/posts\/8920\/revisions"}],"wp:attachment":[{"href":"https:\/\/lospoliticosveracruz.com.mx\/index.php?rest_route=%2Fwp%2Fv2%2Fmedia&parent=8920"}],"wp:term":[{"taxonomy":"category","embeddable":true,"href":"https:\/\/lospoliticosveracruz.com.mx\/index.php?rest_route=%2Fwp%2Fv2%2Fcategories&post=8920"},{"taxonomy":"post_tag","embeddable":true,"href":"https:\/\/lospoliticosveracruz.com.mx\/index.php?rest_route=%2Fwp%2Fv2%2Ftags&post=8920"}],"curies":[{"name":"wp","href":"https:\/\/api.w.org\/{rel}","templated":true}]}}