{"id":8921,"date":"2009-04-06T23:54:00","date_gmt":"2009-04-06T23:54:00","guid":{"rendered":"http:\/\/www.lospoliticosveracruz.com.mx\/?p=8921"},"modified":"2014-10-08T19:26:58","modified_gmt":"2014-10-08T19:26:58","slug":"este-es-el-veracruz-seguro","status":"publish","type":"post","link":"https:\/\/lospoliticosveracruz.com.mx\/?p=8921","title":{"rendered":"\u00c9ste es el Veracruz Seguro!!!"},"content":{"rendered":"<p><strong>C. LIC. FIDEL HERRERA BELTR\u00c1N<\/strong><br \/>GOBERNADOR DE VERACRUZ <br \/>P R E S E N T E :<\/p>\n<p>A trav\u00e9s de estas l\u00edneas y al no tener otra forma de hacer valer mis derechos contemplados en nuestra Carta Magna, quiero manifestarle mi m\u00e1s profundo rechazo a la forma en que operan sus elementos encargados de la Seguridad P\u00fablica en nuestro estado, quienes no conforme con los atropellos cometidos en contra de miles de ciudadanos, al verse descubiertos en sus oscuras formas de actuar, optan por utilizar las armas y la fuerza que el pueblo les confiri\u00f3 para lanzarse en contra de quienes s\u00f3lo tenemos el papel y la pluma para denunciar sus arbitrariedades.<br \/>Este domingo 5 de abril, cuando transitaba con rumbo al municipio de Colipa, lugar donde viven mis padres y del que soy originario, fui v\u00edctima de este tipo de \u201cdelincuentes\u201d, que como ya dec\u00eda, armados del poder que el mismo pueblo les ha conferido, tristemente fui testigo de como ahora lo utilizan para robar mientras viajan en patrullas sin placas y n\u00famero econ\u00f3mico.<br \/>Todo sucedi\u00f3 en el tramo carretero Yecuatla-Colipa donde de acuerdo al posterior parte levantado por la Delegaci\u00f3n de Tr\u00e1nsito del Estado 033, con sede en la ciudad de Misantla, la camioneta marca FORD, placas XH-43-601, color roja se hab\u00eda \u201cencunetado\u201d y en el lugar, s\u00f3lo se encontraba la patrulla de la SSP de la V Regi\u00f3n con sede en San Rafael, cuyo comandante de complexi\u00f3n robusta trataba de negociar con los propietarios del veh\u00edculo a quienes ped\u00eda 5 mil pesos por dejarlos ir sin dar aviso a las instancias correspondientes.<br \/>Mientras la negociaci\u00f3n ocurr\u00eda, al percatarse de mi presencia, los elementos a cargo del citado comandante se comenzaron a incomodar, y al exigir que me retirara del lugar, al tiempo que yo les argumentaba que era mi derecho constitucional quedarme a hacer mi trabajo, con palabras altisonantes, bajo empujones y enca\u00f1onado, me esposaron y me subieron a la patrulla donde me despojaron de mi tel\u00e9fono celular, las llaves de mi auto, la c\u00e1mara fotogr\u00e1fica y otras pertenencias que en ese momento cargaba.<br \/>Por desgracia, esa noche yo viajaba s\u00f3lo y al ser despojado de mis pertenencias y sometido con las manos atr\u00e1s, sujetadas por las esposas que fuertemente presionadas me dejaron sus marcas, en medio de consignas como que \u201cning\u00fan pendejo periodista\u201d les dir\u00eda como hacer su trabajo, mi \u00fanica defensa fue pedirles que se comunicaran con el delegado de Seguridad P\u00fablica o con el propio Secretario de la SSP para que se dieran cuenta del atropello que estaban cometiendo.<br \/>Afortunadamente, logr\u00e9 que me quitaran las esposas y tras devolverme mis pertenencias, no sin antes obligarme a borrar el material fotogr\u00e1fico y el audio recabado, me dirig\u00ed a mi auto al que le coloque los seguros, lo encend\u00ed y tras soltar algunos flachazos hacia la mencionada patrulla, fui v\u00edctima de la persecuci\u00f3n nunca antes sufrida, que bien pudo haberme costado la vida, ya que cuando el comandante se sinti\u00f3 de nueva cuenta fotografiado, orden\u00f3 que sus elementos me persiguieran, pero por fortuna, debido a las malas condiciones de su patrulla no lograron darme alcance y aunque con sus armas largas poco falt\u00f3 para que me hubieran disparado e inventarse una buena historia, al menos en ese sentido fueron recatados.<br \/>As\u00ed, sobre un camino lleno de baches en el que los polic\u00edas no lograron darme alcance, mi carrera par\u00f3 frente a la Comandancia de la Polic\u00eda Preventiva Municipal de Yecuatla, ubicada a unos cuatro kil\u00f3metros del lugar en que ocurrieron los hechos, donde tras estacionarme, realice algunas llamadas telef\u00f3nicas a compa\u00f1eros periodistas en Xalapa y a mis familiares a quienes puse sobre aviso respecto de que me encontraba s\u00f3lo y era perseguido por los elementos de la SSP, por lo que si algo me pasaba, ya sab\u00edan d\u00f3nde buscarme.<br \/>Hasta ese lugar, en pocos minutos llegaron mis familiares, quienes en compa\u00f1\u00eda de algunos vecinos de Colipa, quer\u00edan asegurarse de que me encontraba bien, pues antes de que yo mismo diera aviso a mis padres de lo ocurrido, testigos de los hechos se hab\u00edan comunicado con ellos para decirles que los polic\u00edas me hab\u00edan golpeado y mi auto se hab\u00eda quedado abandonado cerca de la localidad conocida como El Mirador que pertenece al municipio de Yecuatla, lo cual para alrededor  de las 10:00 horas de la noche, alarm\u00f3 a varios de nuestros conocidos, que solidarios con mis padres de inmediato acudieron a ofrecerles su apoyo moral al temer que lo peor hubiera ocurrido.<br \/>Por fortuna, los polic\u00edas no lograron su cometido y por ello, Se\u00f1or Gobernador, una vez m\u00e1s quienes nos dedicamos a esta noble labor de informar, y que en medio de todas las advertencias para mantenernos callados, sobrevivimos para continuar narrando los hechos de corrupci\u00f3n que como \u00e9stos, su administraci\u00f3n comete en atropello de los m\u00e1s desfavorecidos, hoy reitero que no nos habremos de callar y si el plomo nos lograra silenciar, el tiempo nos tendr\u00eda que hacer justicia.<br \/>Sabemos de la forma en que operan sus polic\u00edas, y sabemos perfectamente de los compromisos que tiene al haberse entregado este maravilloso estado a la delincuencia, pero lo que no es justo, es que en medio de todos esos compromisos, todav\u00eda se env\u00ede a los uniformados a atracar en los caminos, donde por cinco mil pesos o quiz\u00e1 por m\u00e1s, sus principales v\u00edctimas son la gente de campo. Esa que vive en un mundo ajeno al que Usted proyecta, pues lejos de tener buenas carreteras, recibir apoyos y estar protegidos por los guardianes de orden, hoy son quienes m\u00e1s resienten la embestida de su publicitada \u201cfidelidad\u201d.<br \/>Y que precisamente por ese motivo y pese a haber recibo ayer a primera hora, la llamada del Licenciado Gerardo Perdomo Cueto, titular de la Comisi\u00f3n Estatal para la Defensa de los Periodistas, quien al tener conocimiento del caso me llam\u00f3 para apoyarnos en caso de proceder de manera legal, insisto, en contra de este tipo de delincuentes uniformados, quiero dejar en claro que para bien de estos polic\u00edas, no interpondr\u00e9 denuncia alguna, pues he de precisar que al igual que miles de Veracruzanos, ya no creo en su procuraci\u00f3n de justicia, instituci\u00f3n que convertida en un \u201ccochinero\u201d, con una denuncia m\u00e1s s\u00f3lo engrosar\u00eda los expedientes que de manera viciada ah\u00ed se guardan. Como mejor ejemplo, c\u00ed\u00f1ase a las investigaciones 39\/2008\/PC y 437\/08\/MIS-08 en las que a diez meses de haberse iniciado, no se ha querido ejercitar la acci\u00f3n penal.   <br \/>Y entonces Se\u00f1or Gobernador, lo \u00fanico que queda es recurrir a lo que bien sabemos hacer.<br \/>Tomar \u201cel papel y la pluma\u201d, para decir la verdad, que si bien trastoca los intereses de quienes hoy se encuentran encumbrados en el poder y nos expone a todo tipo de riesgos, vale la pena correrlos por el s\u00f3lo hecho de denunciar a quienes se ensa\u00f1an contra los m\u00e1s pobres en este Veracruz de tantas contradicciones.<br \/>De lo dem\u00e1s, ojala usted Se\u00f1or Gobernador, pueda encargarse, y ante el atropello del que fui v\u00edctima, primero como ciudadano veracruzano y luego como periodista, le exijo pida cuenta a su Secretario de Seguridad P\u00fablica para que por lo menos conozca del incidente, y ya si fuera posible, ordene castigar a quienes de encargados de la seguridad publica, han pasado a ser atracadores con uniformes y armas largas.<\/p>\n<p>A T E N T A M E N T E :<br \/><strong>EVARISTO ORTEGA Z\u00c1RATE<\/strong><br \/>Director de Semanario \u201cESPACIO\u201d<br \/>www.notiespacio.com<\/p>\n<p>Xalapa, Ver., a 06 de Abril de 2009<\/p>\n","protected":false},"excerpt":{"rendered":"<p>C. LIC. FIDEL HERRERA BELTR\u00c1NGOBERNADOR DE VERACRUZ P R E S E N T E : A trav\u00e9s de estas l\u00edneas y al no tener otra forma de hacer valer mis derechos contemplados en nuestra Carta Magna, quiero manifestarle mi m\u00e1s profundo rechazo a la forma en que operan sus elementos encargados de la Seguridad [&hellip;]<\/p>\n","protected":false},"author":1,"featured_media":0,"comment_status":"open","ping_status":"open","sticky":false,"template":"","format":"standard","meta":{"_jetpack_newsletter_access":"","_jetpack_dont_email_post_to_subs":false,"_jetpack_newsletter_tier_id":0,"_jetpack_memberships_contains_paywalled_content":false,"_jetpack_memberships_contains_paid_content":false,"footnotes":""},"categories":[1],"tags":[],"class_list":["post-8921","post","type-post","status-publish","format-standard","hentry","category-sin-categoria"],"jetpack_featured_media_url":"","jetpack_sharing_enabled":true,"jetpack_shortlink":"https:\/\/wp.me\/p4Qcd3-2jT","_links":{"self":[{"href":"https:\/\/lospoliticosveracruz.com.mx\/index.php?rest_route=\/wp\/v2\/posts\/8921","targetHints":{"allow":["GET"]}}],"collection":[{"href":"https:\/\/lospoliticosveracruz.com.mx\/index.php?rest_route=\/wp\/v2\/posts"}],"about":[{"href":"https:\/\/lospoliticosveracruz.com.mx\/index.php?rest_route=\/wp\/v2\/types\/post"}],"author":[{"embeddable":true,"href":"https:\/\/lospoliticosveracruz.com.mx\/index.php?rest_route=\/wp\/v2\/users\/1"}],"replies":[{"embeddable":true,"href":"https:\/\/lospoliticosveracruz.com.mx\/index.php?rest_route=%2Fwp%2Fv2%2Fcomments&post=8921"}],"version-history":[{"count":0,"href":"https:\/\/lospoliticosveracruz.com.mx\/index.php?rest_route=\/wp\/v2\/posts\/8921\/revisions"}],"wp:attachment":[{"href":"https:\/\/lospoliticosveracruz.com.mx\/index.php?rest_route=%2Fwp%2Fv2%2Fmedia&parent=8921"}],"wp:term":[{"taxonomy":"category","embeddable":true,"href":"https:\/\/lospoliticosveracruz.com.mx\/index.php?rest_route=%2Fwp%2Fv2%2Fcategories&post=8921"},{"taxonomy":"post_tag","embeddable":true,"href":"https:\/\/lospoliticosveracruz.com.mx\/index.php?rest_route=%2Fwp%2Fv2%2Ftags&post=8921"}],"curies":[{"name":"wp","href":"https:\/\/api.w.org\/{rel}","templated":true}]}}