{"id":8924,"date":"2009-04-06T15:31:00","date_gmt":"2009-04-06T15:31:00","guid":{"rendered":"http:\/\/www.lospoliticosveracruz.com.mx\/?p=8924"},"modified":"2014-10-08T19:26:58","modified_gmt":"2014-10-08T19:26:58","slug":"incrementaran-oportunidades","status":"publish","type":"post","link":"https:\/\/lospoliticosveracruz.com.mx\/?p=8924","title":{"rendered":"Incrementar\u00e1n Oportunidades"},"content":{"rendered":"<blockquote><p>* Medida \u201celectorera\u201d del PAN<br \/>* Conferencia de Michel Padilla<\/p><\/blockquote>\n<p><strong>Jos\u00e9 Ortiz Medina<\/strong><br \/><em>En Corto&#8230; sin cortes<\/em> <\/p>\n<p>Hemos dicho en varias ocasiones que el PAN procurar\u00e1 sustentar sus victorias electorales en el uso indiscriminado de recursos p\u00fablicos.<br \/>Denuncias sobre estas anomal\u00edas abundan, pero las autoridades electorales se hacen de la vista gorda.<br \/>Hace poco un modesto ciudadano del vecino municipio de Emiliano Zapata nos coment\u00f3 que recientemente funcionarios de la Secretar\u00eda de Desarrollo Social le dijeron que en la pr\u00f3xima entrega mensual del dinero de Oportunidades el monto del apoyo \u201cser\u00e1 el doble\u201d.<br \/>Aunque, claro, a esta persona que pide el anonimato, le advirtieron que deber\u00e1 votar por el candidato a diputado federal de Acci\u00f3n Nacional.<br \/>La cohesi\u00f3n al voto albiazul es descarada. De manera abierta los operadores de Sedesol compran los votos. Ni siquiera disimulan como el promocional del IFE, ese en el que se ve a un hombre sentado con la cabeza agachada, en un cuarto oscuro. \u201cSi no votas por el que ya sabes, perder\u00e1s lo que ya sabes\u201d, dice un personaje que aparece en penumbras. <br \/>Vamos, el \u201cspot\u201d el IFE se ve hasta ingenuo porque la inducci\u00f3n al sufragio por parte de los albiazules se hace de manera c\u00ednica.<br \/>Y no s\u00f3lo aumentar\u00e1n los recursos del programa Oportunidades en las pr\u00f3ximas semanas y meses. Tambi\u00e9n se incrementar\u00e1n los activos de Piso firme, 70 y  m\u00e1s, Procampo, etc\u00e9tera.<br \/>Se lucra, pues, con la necesidad de la gente y eso no se vale.  <\/p>\n<p>ESTE LUNES a las 12 horas Roberto Michel Padilla, titular de la Unidad de Evaluaci\u00f3n y Control (UEC) de la Comisi\u00f3n de Vigilancia de la Auditor\u00eda Superior de la Federaci\u00f3n de la C\u00e1mara de Diputados del Congreso de la Uni\u00f3n disertar\u00e1 la conferencia magistral \u201cLos retos de la fiscalizaci\u00f3n superior en M\u00e9xico\u201d. El evento se efectuar\u00e1 en la biblioteca \u201cJos\u00e9 Mar\u00eda Mata\u201d del Palacio Legislativo.<br \/>Michel Padilla viene a invitaci\u00f3n del presidente de la Comisi\u00f3n de Vigilancia del Congreso del Estado, Gonzalo Gu\u00edzar Valladares. El experto en conferencia magistral hablar\u00e1 del papel preponderante de la UEC, como \u00f3rgano de evaluaci\u00f3n y control de la Auditor\u00eda Superior de la Federaci\u00f3n. Padilla se dirigir\u00e1 a legisladores locales, funcionarios del \u00d3rgano de Fiscalizaci\u00f3n Superior, acad\u00e9micos, contadores p\u00fablicos, abogados, estudiantes universitarios y p\u00fablico en general para resaltar las bondades del UEC. De acuerdo con el programa, el Roberto Michel ofrecer\u00e1 de manera previa una rueda de prensa en la biblioteca \u201cJos\u00e9 Mar\u00eda Mata\u201d.<\/p>\n<p>POR CIERTO, dentro de su permanente gestor\u00eda, el diputado Gonzalo Gu\u00edzar Valladares puso recientemente en marcha un albergue en Coatzacoalcos que estar\u00e1 al servicio de mujeres con padecimientos de c\u00e1ncer de mama. Luego del corte del list\u00f3n inaugural, la Presidenta de la Asociaci\u00f3n Civil \u201cNueva Vida ante el C\u00e1ncer\u201d, Am\u00e9rica Luna L\u00f3pez, agradeci\u00f3 el respaldo del legislador a quien calific\u00f3 como \u201cuna persona excepcional, preocupado por las verdaderas causas que agrandan a Dios y a la humanidad\u201d. El albergue de referencia se ubica en Zamora 321, en pleno coraz\u00f3n de antiguo Puerto M\u00e9xico Ciudad y cuenta con el mobiliario necesario para que las mujeres provenientes de municipios veracruzanos, oaxaque\u00f1os, chiapanecos o tabasque\u00f1os  disfruten de un lugar confortable para descansar luego de recibir tratamientos de quimioterapia en el Hospital de especialidades de Coatzacoalcos. La labor del Diputado Gu\u00edzar Valladares es discreta pero efectiva, toda vez que el sur de Veracruz figura en los primeros lugares en casos de c\u00e1ncer a nivel estatal. Am\u00e9rica Luna, quien se encuentra en franca recuperaci\u00f3n constituy\u00f3 la referida asociaci\u00f3n y encontr\u00f3 \u2013como ella mismo lo expres\u00f3- en Gonzalo Gu\u00edzar a un \u201cser humano que sin mayor tr\u00e1mite abri\u00f3 su coraz\u00f3n para apoyar esta causa tan sensible\u201d.<\/p>\n<p>LOS PANISTAS cordobeses califican como un insulto a la inteligencia lo que fue a decir a C\u00f3rdoba su dirigente estatal, Enrique Cambranis Torres, quien quiso dorarles la p\u00edldora, al afirmar que como la designaci\u00f3n de Hermosillo se decidi\u00f3 en el CEN del PAN nacional no se puede considerar una imposici\u00f3n. \u00bfPensar\u00e1 este se\u00f1or que sus representados son retrasados? Una imposici\u00f3n es una imposici\u00f3n, no importa si lo decidi\u00f3 el comit\u00e9 estatal o el federal. Lo que los 250 panistas que votaron por Emilio Gorbe\u00f1a Marenco le est\u00e1n reclamando es que despu\u00e9s de haber realizado el proceso interno, la precampa\u00f1a y la votaci\u00f3n en la que se manifest\u00f3 la voluntad de la militancia de C\u00f3rdoba, gente de arriba haya considerado que no val\u00eda su decisi\u00f3n y enviaran a un extra\u00f1o a contender a tierra totalmente desconocida para el futbolista.  Por eso han acelerado la \u201coperaci\u00f3n  tintorer\u00eda\u201d entre sus militantes.  A muchos de los panistas que votaron y cabildearon a favor de Guillermo Santos Mart\u00ednez comienzan a \u201cplancharlos\u201d tambi\u00e9n, lo que probar\u00eda que se trat\u00f3 desde un principio de un montaje. El que ha mantenido su postura de inconformidad es Emilio Gorbe\u00f1a, de quien Cambranis dijo que busca \u201csembrar ciza\u00f1a\u201d. <\/p>\n<p>CIENTO treinta y cuatro menores que padecieron maltrato, abandono u orfandad han sido reintegrados mediante la adopci\u00f3n a una vida familiar llena de amor, cuidado y protecci\u00f3n, durante la gesti\u00f3n de la presidenta del DIF Estatal, Rosa Borunda de Herrera.<\/p>\n","protected":false},"excerpt":{"rendered":"<p>* Medida \u201celectorera\u201d del PAN* Conferencia de Michel Padilla Jos\u00e9 Ortiz MedinaEn Corto&#8230; sin cortes Hemos dicho en varias ocasiones que el PAN procurar\u00e1 sustentar sus victorias electorales en el uso indiscriminado de recursos p\u00fablicos.Denuncias sobre estas anomal\u00edas abundan, pero las autoridades electorales se hacen de la vista gorda.Hace poco un modesto ciudadano del vecino [&hellip;]<\/p>\n","protected":false},"author":1,"featured_media":0,"comment_status":"open","ping_status":"open","sticky":false,"template":"","format":"standard","meta":{"_jetpack_newsletter_access":"","_jetpack_dont_email_post_to_subs":false,"_jetpack_newsletter_tier_id":0,"_jetpack_memberships_contains_paywalled_content":false,"_jetpack_memberships_contains_paid_content":false,"footnotes":""},"categories":[1],"tags":[],"class_list":["post-8924","post","type-post","status-publish","format-standard","hentry","category-sin-categoria"],"jetpack_featured_media_url":"","jetpack_sharing_enabled":true,"jetpack_shortlink":"https:\/\/wp.me\/p4Qcd3-2jW","_links":{"self":[{"href":"https:\/\/lospoliticosveracruz.com.mx\/index.php?rest_route=\/wp\/v2\/posts\/8924","targetHints":{"allow":["GET"]}}],"collection":[{"href":"https:\/\/lospoliticosveracruz.com.mx\/index.php?rest_route=\/wp\/v2\/posts"}],"about":[{"href":"https:\/\/lospoliticosveracruz.com.mx\/index.php?rest_route=\/wp\/v2\/types\/post"}],"author":[{"embeddable":true,"href":"https:\/\/lospoliticosveracruz.com.mx\/index.php?rest_route=\/wp\/v2\/users\/1"}],"replies":[{"embeddable":true,"href":"https:\/\/lospoliticosveracruz.com.mx\/index.php?rest_route=%2Fwp%2Fv2%2Fcomments&post=8924"}],"version-history":[{"count":0,"href":"https:\/\/lospoliticosveracruz.com.mx\/index.php?rest_route=\/wp\/v2\/posts\/8924\/revisions"}],"wp:attachment":[{"href":"https:\/\/lospoliticosveracruz.com.mx\/index.php?rest_route=%2Fwp%2Fv2%2Fmedia&parent=8924"}],"wp:term":[{"taxonomy":"category","embeddable":true,"href":"https:\/\/lospoliticosveracruz.com.mx\/index.php?rest_route=%2Fwp%2Fv2%2Fcategories&post=8924"},{"taxonomy":"post_tag","embeddable":true,"href":"https:\/\/lospoliticosveracruz.com.mx\/index.php?rest_route=%2Fwp%2Fv2%2Ftags&post=8924"}],"curies":[{"name":"wp","href":"https:\/\/api.w.org\/{rel}","templated":true}]}}