{"id":8927,"date":"2009-04-04T00:41:00","date_gmt":"2009-04-04T00:41:00","guid":{"rendered":"http:\/\/www.lospoliticosveracruz.com.mx\/?p=8927"},"modified":"2014-10-08T19:26:59","modified_gmt":"2014-10-08T19:26:59","slug":"sexo-y-la-mano-del-presidente","status":"publish","type":"post","link":"https:\/\/lospoliticosveracruz.com.mx\/?p=8927","title":{"rendered":"Sexo y la mano del Presidente"},"content":{"rendered":"<p><strong>Salvador Mu\u00f1oz<\/strong><br \/><em>Los Pol\u00edticos<\/em><\/p>\n<p>Dicen que una ocasi\u00f3n, una revista puso en su portada, con letras grandes, muy grandes, la palabra SEXO. En la parte inferior, con letras m\u00e1s peque\u00f1as, el siguiente texto: \u201cYa tengo su atenci\u00f3n, ahora, al interior puede leer bla bla bla\u201d.<br \/>Es innegable que el Sexo, el tema, el asunto, la palabra, \u00a1jala! Es m\u00e1s\u2026 yo hubiera puesto en primera plana esta columna y ser\u00eda la m\u00e1s le\u00edda pero\u2026 el tema es la mano del Presidente.<br \/>Qui\u00e9n dir\u00eda que el presidente, siendo chaparrito, tiene la mano larga. \u00a1Miren que colocar su mano en una de las posaderas de su esposa!<br \/>A lo mejor no tiene nada de malo si lo hace en privado, pero en p\u00fablico, ante el dedo nervioso sobre un obturador que s\u00f3lo espera una imagen \u00a1y se las da!<br \/>Por supuesto\u2026 quiz\u00e1s no sea motivo de esc\u00e1ndalo tanto como de envidia por parte de quienes logren ver esa foto, pero est\u00e1 visto que el sexo y la pol\u00edtica, no se llevan\u2026<br \/>Por eso, no podemos evitar recordar a Bill Clinton y M\u00f3nica Lewinsky. Si bien su caso no fue motivo para tumbarlo s\u00ed para llevarlo a juicio\u2026 oral.<br \/>\u00bfYa les dije c\u00f3mo se llamar\u00eda M\u00f3nica Lewinsky si hubiera sido mexicana?<br \/>D\u00e9borah Vergara\u2026<br \/>Claro que mi favorito es Silvio\u2026 no\u2026 no es Silvio Rodr\u00edguez. Mucho menos Silvio Lagos Mart\u00ednez que el \u00fanico esc\u00e1ndalo sexual que puede tener a estos a\u00f1os es espantar a alguien\u2026 \u00a1a estas alturas de su vida lo \u00fanico que puede hacer es \u201cmeter un susto\u201d.<br \/>\u00a1Qu\u00e9! \u00bfSilvio Lagos Galindo? \u00a1Para nada! El \u00fanico esc\u00e1ndalo que se le conoce al joven es estar involucrado en venta de placas de taxi seg\u00fan youtube.<br \/>Hablo de Silvio Berlusconi, aut\u00e9ntico pol\u00edtico rabo verde autor de piropos como \u201cSi no estuviera casado me casar\u00eda contigo\u201d o \u201cContigo ir\u00eda a cualquier parte\u201d.<br \/>Sinceramente, si usted es dama, no s\u00e9 qu\u00e9 tanto impacto le ocasionen estos piropos\u2026 quiz\u00e1 sea el acento italiano lo que provocaba el efecto\u2026 de no ser porque do\u00f1a Ver\u00f3nica Berlusconi par\u00f3 en seco a su \u201cviejo\u201d exigi\u00e9ndole unas disculpas p\u00fablicas\u2026<br \/>\u00bfYa les dije c\u00f3mo se apellidar\u00eda Silvio Berlusconi si hubiera sido mexicano?<br \/>Silvio Bercusconi\u2026<br \/>\u00bfY c\u00f3mo no recordar a John F. Kennedy y Marylin Monroe?<br \/>Claro que para hacer \u201cchous\u201d, \u00a1los mexicanos nos pintamos solos!<br \/>\u00bfQu\u00e9 ser\u00eda de nuestra cultura sexual sin los n\u00fameros?<br \/>Por eso hay 13, 18, 69 y 41.<br \/>El primero, es un albur que se hace con la rima del n\u00famero; el segundo, un mito; el tercero, una posici\u00f3n y el \u00faltimo, una leyenda con la que dicha cifra se identifica (ya en desuso) a los homosexuales.<br \/>El 18 de noviembre de 1901, en el n\u00famero 4 de la calle de la Paz, se celebraba una fiesta y un oficial de polic\u00eda se acerc\u00f3 a verificar si contaban con el permiso para ello. Hablamos de tiempos de don Porfirio. A la puerta acudi\u00f3 un hombre vestido de mujer, maquillado como tal. Como todo buen macho, el oficial se escandaliz\u00f3 y al entrar, logr\u00f3 contar a 41 personas, 19 de ellos con ropa de dama. Hubo una redada y se descubri\u00f3 que todos los integrantes eran de familias arist\u00f3cratas, entre ellos Ignacio de la Torre, esposo de Amada, la hija favorita de don Porfirio. Por supuesto, fue al \u00fanico que permitieron huir.<br \/>\u00a1Claro!\u2026 el tema es para ahondar m\u00e1s porque se habla de una doble moral en esa sociedad tan \u201cconservadora\u201d\u2026 pero otro d\u00eda lo abordaremos.<br \/>Y ya que hablamos de presidentes de M\u00e9xico, c\u00f3mo no recordar a la Tigresa, Irma Serrano, hoy con arresto domiciliario, quien jura que Gustavo D\u00edaz Ordaz no tuvo nada que ver con la matanza de Tlatelolco porque esa noche durmi\u00f3 en sus brazos\u2026 \u00a1qu\u00e9 valor de do\u00f1a Irma! No para declarar eso, sino para dormir con don Gustavo\u2026<br \/>Y do\u00f1a Sasha Montenegro, madre del cine cabaretero en M\u00e9xico gracias al apoyo del presidente m\u00e1s perro de todos: Jos\u00e9 L\u00f3pez Portillo\u2026 por supuesto, tras acabar con su cargo pol\u00edtico (y con el dinero de M\u00e9xico), pudieron realizar entre el morbo y dem\u00e1s, su matrimonio.<br \/>Pero hoy, es el presidente chaparrito que le agarra la nalga a su mujer \u00a1y lo cachan en la faena! No ser\u00e1 un esc\u00e1ndalo sexual\u2026 no, pero c\u00f3mo dar\u00e1 de qu\u00e9 hablar en Estrasburgo, en su propio pa\u00eds, Francia, en la reuni\u00f3n de los G-20.<br \/>Bueno, si su esposa, la Primera Dama (\u00bfo Primera Nalga) tiene, pues que le agarre pero que don Nicol\u00e1s Sarkozy no coma delante de los pobres\u2026<br \/><a href=\"http:\/\/www.lospoliticosveracruz.com.mx\/wp-content\/uploads\/2009\/04\/Foto-buena.jpg\"><img decoding=\"async\" style=\"display:block; margin:0px auto 10px; text-align:center;cursor:pointer; cursor:hand;width: 400px; height: 265px;\" src=\"http:\/\/www.lospoliticosveracruz.com.mx\/wp-content\/uploads\/2009\/04\/Foto-buena-300x198.jpg\" border=\"0\" alt=\"\"id=\"BLOGGER_PHOTO_ID_5320630590848088498\" \/><\/a><br \/><a href=\"http:\/\/www.lospoliticosveracruz.com.mx\/wp-content\/uploads\/2009\/04\/Mano-dos.jpg\"><img decoding=\"async\" style=\"display:block; margin:0px auto 10px; text-align:center;cursor:pointer; cursor:hand;width: 400px; height: 265px;\" src=\"http:\/\/www.lospoliticosveracruz.com.mx\/wp-content\/uploads\/2009\/04\/Mano-dos-300x198.jpg\" border=\"0\" alt=\"\"id=\"BLOGGER_PHOTO_ID_5320634608491787410\" \/><\/a><\/p>\n","protected":false},"excerpt":{"rendered":"<p>Salvador Mu\u00f1ozLos Pol\u00edticos Dicen que una ocasi\u00f3n, una revista puso en su portada, con letras grandes, muy grandes, la palabra SEXO. En la parte inferior, con letras m\u00e1s peque\u00f1as, el siguiente texto: \u201cYa tengo su atenci\u00f3n, ahora, al interior puede leer bla bla bla\u201d.Es innegable que el Sexo, el tema, el asunto, la palabra, \u00a1jala! [&hellip;]<\/p>\n","protected":false},"author":1,"featured_media":0,"comment_status":"open","ping_status":"open","sticky":false,"template":"","format":"standard","meta":{"_jetpack_newsletter_access":"","_jetpack_dont_email_post_to_subs":false,"_jetpack_newsletter_tier_id":0,"_jetpack_memberships_contains_paywalled_content":false,"_jetpack_memberships_contains_paid_content":false,"footnotes":""},"categories":[1],"tags":[],"class_list":["post-8927","post","type-post","status-publish","format-standard","hentry","category-sin-categoria"],"jetpack_featured_media_url":"","jetpack_sharing_enabled":true,"jetpack_shortlink":"https:\/\/wp.me\/p4Qcd3-2jZ","_links":{"self":[{"href":"https:\/\/lospoliticosveracruz.com.mx\/index.php?rest_route=\/wp\/v2\/posts\/8927","targetHints":{"allow":["GET"]}}],"collection":[{"href":"https:\/\/lospoliticosveracruz.com.mx\/index.php?rest_route=\/wp\/v2\/posts"}],"about":[{"href":"https:\/\/lospoliticosveracruz.com.mx\/index.php?rest_route=\/wp\/v2\/types\/post"}],"author":[{"embeddable":true,"href":"https:\/\/lospoliticosveracruz.com.mx\/index.php?rest_route=\/wp\/v2\/users\/1"}],"replies":[{"embeddable":true,"href":"https:\/\/lospoliticosveracruz.com.mx\/index.php?rest_route=%2Fwp%2Fv2%2Fcomments&post=8927"}],"version-history":[{"count":0,"href":"https:\/\/lospoliticosveracruz.com.mx\/index.php?rest_route=\/wp\/v2\/posts\/8927\/revisions"}],"wp:attachment":[{"href":"https:\/\/lospoliticosveracruz.com.mx\/index.php?rest_route=%2Fwp%2Fv2%2Fmedia&parent=8927"}],"wp:term":[{"taxonomy":"category","embeddable":true,"href":"https:\/\/lospoliticosveracruz.com.mx\/index.php?rest_route=%2Fwp%2Fv2%2Fcategories&post=8927"},{"taxonomy":"post_tag","embeddable":true,"href":"https:\/\/lospoliticosveracruz.com.mx\/index.php?rest_route=%2Fwp%2Fv2%2Ftags&post=8927"}],"curies":[{"name":"wp","href":"https:\/\/api.w.org\/{rel}","templated":true}]}}