{"id":8929,"date":"2009-04-03T13:50:00","date_gmt":"2009-04-03T13:50:00","guid":{"rendered":"http:\/\/www.lospoliticosveracruz.com.mx\/?p=8929"},"modified":"2014-10-08T19:26:59","modified_gmt":"2014-10-08T19:26:59","slug":"los-pronosticos-de-hacienda","status":"publish","type":"post","link":"https:\/\/lospoliticosveracruz.com.mx\/?p=8929","title":{"rendered":"Los pron\u00f3sticos de Hacienda"},"content":{"rendered":"<blockquote><p>* \u201cNo me dar\u00e9 chapuz\u00f3n\u201d: Lila<br \/>* Le cumplen a Armando L\u00f3pez<\/p><\/blockquote>\n<p><strong>Jos\u00e9 Ortiz Medina<\/strong><br \/><em>En corto&#8230; sin cortes<\/em><\/p>\n<p>Seg\u00fan Agust\u00edn Carstens a fines de este a\u00f1o nuestra econom\u00eda tocar\u00e1 fondo y la recuperaci\u00f3n ser\u00e1 \u2013dice \u00e9l\u2013 en 2010.<br \/>En el terreno de la inflaci\u00f3n, Hacienda estima una tasa de 3.8% para este a\u00f1o y una de 3.0 % para el 2010. <br \/>Para el precio del petr\u00f3leo, proyecta que el promedio en el 2009 ser\u00e1 de 42 d\u00f3lares por barril, 28 d\u00f3lares menos que lo proyectado para el presente a\u00f1o. <br \/>Para 2010, la expectativa es de 48.30 d\u00f3lares por barril.<br \/>Asimismo, el escenario prev\u00e9 un tipo de cambio promedio de 14.50 pesos por d\u00f3lar este a\u00f1o y de 14.60 pesos en el 2010.<br \/>Hacienda explic\u00f3 que para la construcci\u00f3n de las principales variables macroecon\u00f3micas se consider\u00f3 que la econom\u00eda de Estados Unidos se recupere el pr\u00f3ximo a\u00f1o con un crecimiento de 1.9%, tras un retroceso de 2.6% en el presente ejercicio.<br \/>Lo anterior se reflejar\u00e1 en las exportaciones de M\u00e9xico, cuyo valor aumentar\u00e1 5.3% en el 2010, como reflejo de la reactivaci\u00f3n de la industria estadounidense.<br \/>Pero no todo ser\u00e1 miel sobre hojuelas el a\u00f1o entrante, pues la ca\u00edda de 134 mil 400 millones de pesos en los ingresos petroleros, debido a la baja en los precios del crudo, afectar\u00e1 la conformaci\u00f3n del Presupuesto de Egresos de 2010. <br \/>O sea, que a pesar de que la lenta recuperaci\u00f3n iniciar\u00e1 dentro de 12 meses, tardar\u00e1 un poco m\u00e1s para que salgamos no del bache, sino del cr\u00e1ter financiero.<br \/>Esta crisis va para largo. La factura la pagar\u00e1 el PAN en las elecciones federales de este a\u00f1o, en el 2010 cuando habr\u00e1 elecciones a gobernador en algunos estados como Veracruz y chance en 2012 durante la elecci\u00f3n presidencial.<\/p>\n<p>FUNCIONARIOS municipales sostuvieron ayer una reuni\u00f3n con estudiantes de la unidad de Humanidades de la Universidad Veracruzana para presentarles el Proyecto Integral de la remodelaci\u00f3n de la avenida \u00c1vila Camacho, donde descartaron el derribo de \u00e1rboles como parte del plan. El director de Desarrollo Urbano Municipal, Ram\u00f3n Hern\u00e1ndez Salas, precis\u00f3 que dentro del aspecto t\u00e9cnico el proyecto contempla sustituci\u00f3n de banquetas, cableado subterr\u00e1neo y mobiliario urbano. Por \u00faltimo, los alumnos se acercaron a las autoridades locales para externarles algunos problemas en relaci\u00f3n a vialidad, y plantearon la necesidad de que haya mayores pasos peatonales. <\/p>\n<p>AL SER cuestionado sobre si se va a dar el chapuz\u00f3n como lo hab\u00edan anunciado anteriormente, el secretario de Salud, Manuel Lila de Arce respondi\u00f3: \u201ccreo que hay que inventar algo m\u00e1s productivo, algo m\u00e1s serio, no un simple show de irse a dar el chapuz\u00f3n\u201d. Y a\u00f1adi\u00f3: \u201cYo el a\u00f1o pasado me met\u00ed (al mar) y no consegu\u00ed nada, creo que debe de haber algo m\u00e1s productivo para constatar la limpieza de las aguas\u201d y neg\u00f3 de nueva cuenta que se fuera a dar un chapuz\u00f3n porque a su criterio, \u201cel show no sirve de nada\u201d. Pero \u00bfy si su patr\u00f3n le pide darse una remojada? \u00bfAh, verdad?<\/p>\n<p>AUNQUE se la hicieron card\u00edaca, finalmente se concret\u00f3 lo que hace un par de meses ya se hab\u00eda especulado: el arribo de Armando L\u00f3pez Contreras a la Direcci\u00f3n de Gobernaci\u00f3n. Cabe se\u00f1alar que es el tercer puesto que ocupa el pol\u00edtico coatepecano en la presente administraci\u00f3n, ya que estuvo en la Fiscal\u00eda Especializada en Delitos Cometidos por los Servidores P\u00fablicos, en la Direcci\u00f3n General de Responsabilidades de la Contralor\u00eda del Estado, y ahora este cargo. <\/p>\n<p>APARTE de Carlos Padilla Becerra, hay otros \u201ctiradores\u201d a la direcci\u00f3n de la Comisi\u00f3n Nacional del Deporte. Por ejemplo, tambi\u00e9n mencionan al ex-capit\u00e1n de la selecci\u00f3n mexicana de futbol, Manuel Negrete, quien ya ha ocupado algunos cargos p\u00fablicos relacionados con el deporte. Una tercera opci\u00f3n es que se promoviera al actual Subdirector General, Eduardo S\u00e1nchez Urrutia. Pero dicen que Padilla es por el momento el que m\u00e1s posibilidades tendr\u00eda. <\/p>\n<p>QUE DESDE hace un par de d\u00edas formalmente fue aprobado el cambio de jurisdicci\u00f3n en el asunto de los cuatro presuntos defraudadores de la caja de ahorro del ingenio El Modelo. Los indiciados se encuentran internados en el penal de Pacho Viejo. Nos aseguran fuentes consultadas en la Direcci\u00f3n de Prevenci\u00f3n y Readaptaci\u00f3n Social que no hubo ninguna irregularidad jur\u00eddica en este caso pues la solicitud se hizo atendiendo a amenazas que sufrieron los acusados en el penal de Allende. Servidos.  <\/p>\n<p>YA INICI\u00d3 en el Circuito Presidentes de esta ciudad la construcci\u00f3n de un nuevo centro comercial, en el que ser\u00e1n invertidos m\u00e1s de mil millones de pesos, y que de inicio est\u00e1 generando 300 empleos. Cuando sea inaugurado, a mediados de 2010, ser\u00e1n abiertos 2 mil empleos directos, y muchos m\u00e1s indirectos.<\/p>\n<p>ENRIQUE Mendoza Filidor, quien se viene desempe\u00f1ando como asesor del secretario de Desarrollo Econ\u00f3mico y Portuario, Carlos Garc\u00eda M\u00e9ndez, ser\u00e1 ungido ma\u00f1ana en Banderilla como dirigente municipal de la CNOP. Enhorabuena.  <\/p>\n<p>EL CHISME de ayer: que un funcionario del ramo de la construcci\u00f3n habr\u00eda cacheteado a un empresario constructor, luego de que \u00e9ste reclamara el pago de una millonaria cantidad. Dicen que el joven pol\u00edtico sure\u00f1o, ahora s\u00ed, perdi\u00f3 los estribos.<\/p>\n","protected":false},"excerpt":{"rendered":"<p>* \u201cNo me dar\u00e9 chapuz\u00f3n\u201d: Lila* Le cumplen a Armando L\u00f3pez Jos\u00e9 Ortiz MedinaEn corto&#8230; sin cortes Seg\u00fan Agust\u00edn Carstens a fines de este a\u00f1o nuestra econom\u00eda tocar\u00e1 fondo y la recuperaci\u00f3n ser\u00e1 \u2013dice \u00e9l\u2013 en 2010.En el terreno de la inflaci\u00f3n, Hacienda estima una tasa de 3.8% para este a\u00f1o y una de 3.0 [&hellip;]<\/p>\n","protected":false},"author":1,"featured_media":0,"comment_status":"open","ping_status":"open","sticky":false,"template":"","format":"standard","meta":{"_jetpack_newsletter_access":"","_jetpack_dont_email_post_to_subs":false,"_jetpack_newsletter_tier_id":0,"_jetpack_memberships_contains_paywalled_content":false,"_jetpack_memberships_contains_paid_content":false,"footnotes":""},"categories":[1],"tags":[],"class_list":["post-8929","post","type-post","status-publish","format-standard","hentry","category-sin-categoria"],"jetpack_featured_media_url":"","jetpack_sharing_enabled":true,"jetpack_shortlink":"https:\/\/wp.me\/p4Qcd3-2k1","_links":{"self":[{"href":"https:\/\/lospoliticosveracruz.com.mx\/index.php?rest_route=\/wp\/v2\/posts\/8929","targetHints":{"allow":["GET"]}}],"collection":[{"href":"https:\/\/lospoliticosveracruz.com.mx\/index.php?rest_route=\/wp\/v2\/posts"}],"about":[{"href":"https:\/\/lospoliticosveracruz.com.mx\/index.php?rest_route=\/wp\/v2\/types\/post"}],"author":[{"embeddable":true,"href":"https:\/\/lospoliticosveracruz.com.mx\/index.php?rest_route=\/wp\/v2\/users\/1"}],"replies":[{"embeddable":true,"href":"https:\/\/lospoliticosveracruz.com.mx\/index.php?rest_route=%2Fwp%2Fv2%2Fcomments&post=8929"}],"version-history":[{"count":0,"href":"https:\/\/lospoliticosveracruz.com.mx\/index.php?rest_route=\/wp\/v2\/posts\/8929\/revisions"}],"wp:attachment":[{"href":"https:\/\/lospoliticosveracruz.com.mx\/index.php?rest_route=%2Fwp%2Fv2%2Fmedia&parent=8929"}],"wp:term":[{"taxonomy":"category","embeddable":true,"href":"https:\/\/lospoliticosveracruz.com.mx\/index.php?rest_route=%2Fwp%2Fv2%2Fcategories&post=8929"},{"taxonomy":"post_tag","embeddable":true,"href":"https:\/\/lospoliticosveracruz.com.mx\/index.php?rest_route=%2Fwp%2Fv2%2Ftags&post=8929"}],"curies":[{"name":"wp","href":"https:\/\/api.w.org\/{rel}","templated":true}]}}