{"id":8930,"date":"2009-04-03T01:50:00","date_gmt":"2009-04-03T01:50:00","guid":{"rendered":"http:\/\/www.lospoliticosveracruz.com.mx\/?p=8930"},"modified":"2014-10-08T19:26:59","modified_gmt":"2014-10-08T19:26:59","slug":"el-sindrome-del-avispon-verde","status":"publish","type":"post","link":"https:\/\/lospoliticosveracruz.com.mx\/?p=8930","title":{"rendered":"El S\u00edndrome del Avisp\u00f3n Verde"},"content":{"rendered":"<p><strong>Salvador Mu\u00f1oz<\/strong><br \/><em>Los Pol\u00edticos<\/em><\/p>\n<p>No s\u00e9 si al resto de la gente le pase lo mismo que a m\u00ed\u2026 ya bastante cansa que el ciudadano com\u00fan y corriente padezca de una falta de credibilidad terrible a todo lo que es pol\u00edtica, a todo lo que es pol\u00edtico, a cualquier partido pol\u00edtico, para que desde hace algunos a\u00f1os a la fecha, nos endilguen a candidatos surgidos de la fama.<br \/>Pareciera que los partidos pol\u00edticos sufren el s\u00edndrome del Avisp\u00f3n Verde.<br \/>Me explico.<br \/>El S\u00edndrome del Avisp\u00f3n Verde es un mal\u2026 \u00a1necesario!<br \/>\u00bfPor qu\u00e9? Porque para que se mantenga 1, tiene que florecer el 2.<br \/>Si no me entiende, le va este ejemplo que de acuerdo al doctor Hanzel I. Gretel, da origen a dicho s\u00edndrome:<br \/>Los nost\u00e1lgicos del pasado han de recordar esta famosa serie\u2026 \u00a1El Avisp\u00f3n Verde!<br \/>Trataba de un playboy que es due\u00f1o de un peri\u00f3dico, pero por las noches, se pone un antifaz y acompa\u00f1ado de su fiel ayudante, salen a las calles a combatir el crimen por las ciudades.<br \/>\u00bfC\u00f3mo saber si el partido pol\u00edtico de su preferencia o aberraci\u00f3n padece del S\u00edndrome del Avisp\u00f3n Verde?<br \/>Muy sencillo:<br \/>Conteste las siguientes preguntas relacionadas con la serie setentera:<br \/>1.- \u00bfQu\u00e9 actor interpretaba al Avisp\u00f3n Verde?<br \/>R:<br \/>2.- \u00bfCu\u00e1l era el nombre del Playboy que por las noches se transformaba en el Avisp\u00f3n Verde?<br \/>R:<br \/>3.- \u00bfQu\u00e9 actor interpretaba al ayudante del Avisp\u00f3n Verde?<br \/>R:<br \/>4.- \u00bfC\u00f3mo se llamaba el ayudante del Avisp\u00f3n Verde?<br \/>R:<br \/>Si usted no supo contestar las dos primeras preguntas y supo las dos \u00faltimas, ir\u00e1 conociendo los s\u00edntomas del S\u00edndrome del Avisp\u00f3n Verde.<br \/>Para saciar curiosidades, baste comentarle que la respuesta 1 es Van Williams y la 2, Britt Reid.<br \/>Por supuesto, la 3, es Bruce Lee y la 4 es el inolvidable Kato.<br \/>Nadie se acuerda del personaje principal pero s\u00ed del secundario\u2026 Es lo mismo que ahora ocurre con los partidos.<br \/>Imagine ahora a un PRD atosigado por esa tela de duda que se cierne sobre de \u00e9l ahora que se supo que hay \u201cZetas Perredistas\u201d y que el lema de campa\u00f1a contra la privatizaci\u00f3n de Pemex es: \u201cEl petr\u00f3leo no se vende\u2026 \u00a1se roba!\u201d<br \/>Por supuesto que necesita urgentemente ser v\u00edctima del Avisp\u00f3n Verde y utilizar a un segundo que le haga sombra al Uno\u2026 es decir al PRD. \u00a1Por eso utilizar a Ana Guevara! Mujer ecu\u00e1nime (hasta el momento) que adem\u00e1s de medallista ol\u00edmpica y dem\u00e1s laureles, supo poner el dedo en la llaga cuando acus\u00f3 o se\u00f1al\u00f3 a la Conade de desviar recursos para otros fines que no fueron la preparaci\u00f3n de los atletas.<br \/>All\u00ed es cuando el PRD sufre (o se beneficia) del S\u00edndrome del Avisp\u00f3n Verde.<br \/>No es el \u00fanico caso en los partidos\u2026<br \/>En el PVEM se insiste en Arturo D\u00edaz\u2026 quiz\u00e1 el nombre no le diga mucho pero qu\u00e9 tal Villano III. Si recuerdan, el Verde Ecologista de repente se convirti\u00f3 en un partido de juniors donde sobresali\u00f3 uno que tambi\u00e9n fue bueno para los costalazos como el Villano III: Jorge Kawaghi\u2026 \u00a1\u00e9ste era un verdadero costal!<br \/>Pero la imagen que se tiene en el PVEM de un partido de ni\u00f1os ricos debe desaparecer en dos de tres ca\u00eddas con este luchador, lo que permitir\u00eda que el \u201cpopulacho\u201d se fije m\u00e1s en esta figura del ring y no en los popis.<br \/>En el PSD la famosa Chiva, la del Big Brother, al menos tuvo recato y se mantuvo al margen\u2026 \u00a1pero hizo bulla!<br \/>En el caso del PAN, ah\u00ed est\u00e1 la remencionada figura de Carlos Hermosillo\u2026 aunque a ciencia cierta, no s\u00e9 qui\u00e9n ayuda m\u00e1s a qui\u00e9n: Si el ex futbolista o el partido\u2026<br \/>Bueno, pero c\u00f3mo ven a \u201cAtlantis\u201d, otro luchador, \u00bfapoyando al PAN?<br \/>Y si piensa que el PRI se salva de este s\u00edndrome, lo invito a que se d\u00e9 una vuelta por Xalapa y vea la urgente necesidad de carisma de Silvio Lagos Galindo para que tenga a su lado a \u201cOctag\u00f3n\u201d, pero no ese jab\u00f3n con mucha lej\u00eda que usaba mi abuelita para dejar bien limpias y puras las s\u00e1banas, sino el luchador xalape\u00f1o.<br \/>Como sea, desde una vista simplista, el PRI apuesta m\u00e1s a candidatos hechos en la pol\u00edtica que a la far\u00e1ndula; el PAN, Convergencia y el PRD, incurren en candidatos hechos en el PRI y en \u00faltima instancia, si la ven muy dif\u00edcil, deben acudir al S\u00edndrome del Avisp\u00f3n Verde\u2026 aunque Kato les haga sombra\u2026 \u00a1el chiste es vencer a su enemigo!<br \/>\u00a1Falta que los periodistas, reporteros y dem\u00e1s entidades se lancen como candidatos! \u00bfEh? Es cierto\u2026 \u00a1algunos partidos ya los envolvieron en espera de que hiciera efecto el S\u00edndrome del Avisp\u00f3n Verde!<br \/>As\u00ed las cosas, el pueblo seguir\u00e1 esperando que renazcan los aut\u00e9nticos l\u00edderes, los jerarcas, los cabeza de manada para que un d\u00eda nos gobiernen aut\u00e9nticos pol\u00edticos, no \u201cherederos\u201d, no \u201cfamosos\u201d, no \u201cdeportistas\u201d y menos \u201cactores\u201d\u2026 mientras\u2026 \u00a1a esperar!<\/p>\n","protected":false},"excerpt":{"rendered":"<p>Salvador Mu\u00f1ozLos Pol\u00edticos No s\u00e9 si al resto de la gente le pase lo mismo que a m\u00ed\u2026 ya bastante cansa que el ciudadano com\u00fan y corriente padezca de una falta de credibilidad terrible a todo lo que es pol\u00edtica, a todo lo que es pol\u00edtico, a cualquier partido pol\u00edtico, para que desde hace algunos [&hellip;]<\/p>\n","protected":false},"author":1,"featured_media":0,"comment_status":"open","ping_status":"open","sticky":false,"template":"","format":"standard","meta":{"_jetpack_newsletter_access":"","_jetpack_dont_email_post_to_subs":false,"_jetpack_newsletter_tier_id":0,"_jetpack_memberships_contains_paywalled_content":false,"_jetpack_memberships_contains_paid_content":false,"footnotes":""},"categories":[1],"tags":[],"class_list":["post-8930","post","type-post","status-publish","format-standard","hentry","category-sin-categoria"],"jetpack_featured_media_url":"","jetpack_sharing_enabled":true,"jetpack_shortlink":"https:\/\/wp.me\/p4Qcd3-2k2","_links":{"self":[{"href":"https:\/\/lospoliticosveracruz.com.mx\/index.php?rest_route=\/wp\/v2\/posts\/8930","targetHints":{"allow":["GET"]}}],"collection":[{"href":"https:\/\/lospoliticosveracruz.com.mx\/index.php?rest_route=\/wp\/v2\/posts"}],"about":[{"href":"https:\/\/lospoliticosveracruz.com.mx\/index.php?rest_route=\/wp\/v2\/types\/post"}],"author":[{"embeddable":true,"href":"https:\/\/lospoliticosveracruz.com.mx\/index.php?rest_route=\/wp\/v2\/users\/1"}],"replies":[{"embeddable":true,"href":"https:\/\/lospoliticosveracruz.com.mx\/index.php?rest_route=%2Fwp%2Fv2%2Fcomments&post=8930"}],"version-history":[{"count":0,"href":"https:\/\/lospoliticosveracruz.com.mx\/index.php?rest_route=\/wp\/v2\/posts\/8930\/revisions"}],"wp:attachment":[{"href":"https:\/\/lospoliticosveracruz.com.mx\/index.php?rest_route=%2Fwp%2Fv2%2Fmedia&parent=8930"}],"wp:term":[{"taxonomy":"category","embeddable":true,"href":"https:\/\/lospoliticosveracruz.com.mx\/index.php?rest_route=%2Fwp%2Fv2%2Fcategories&post=8930"},{"taxonomy":"post_tag","embeddable":true,"href":"https:\/\/lospoliticosveracruz.com.mx\/index.php?rest_route=%2Fwp%2Fv2%2Ftags&post=8930"}],"curies":[{"name":"wp","href":"https:\/\/api.w.org\/{rel}","templated":true}]}}