{"id":8931,"date":"2009-04-02T13:40:00","date_gmt":"2009-04-02T13:40:00","guid":{"rendered":"http:\/\/www.lospoliticosveracruz.com.mx\/?p=8931"},"modified":"2014-10-08T19:26:59","modified_gmt":"2014-10-08T19:26:59","slug":"homologan-salarios-en-la-pgj","status":"publish","type":"post","link":"https:\/\/lospoliticosveracruz.com.mx\/?p=8931","title":{"rendered":"Homologan salarios en la PGJ"},"content":{"rendered":"<blockquote><p>* Cumple palabra Fidel Herrera<br \/>* Incremento retroactivo a enero<\/p><\/blockquote>\n<p><strong>Jos\u00e9 Ortiz Medina<\/strong><br \/><em>En corto&#8230; sin cortes<\/em><\/p>\n<p>Hace poco se lo adelantamos, pero ahora se lo confirmamos a manera de primicia: el gobernador Fidel Herrera Beltr\u00e1n cumple su palabra. Por primera vez en la Procuradur\u00eda General de Justicia del Estado se realiz\u00f3 una homologaci\u00f3n salarial destinada a beneficiar al personal operativo ministerial de esa dependencia. <br \/>Debe anotarse que esta nivelaci\u00f3n busca acercar a la media nacional las percepciones de los servidores p\u00fablicos encargados de la procuraci\u00f3n de justicia en la entidad, as\u00ed como estandarizar al interior de la Procuradur\u00eda las remuneraciones de dicho personal.<br \/>En marzo la homologaci\u00f3n salarial se aplic\u00f3, con retroactividad a enero del presente a\u00f1o, a los agentes del ministerio p\u00fablico y oficiales secretarios de las subprocuradur\u00edas regionales. <br \/>En abril ser\u00e1 beneficiado, tambi\u00e9n en forma retroactiva, el personal operativo de oficinas centrales, que se desempe\u00f1a en las \u00e1reas de supervisi\u00f3n y control, investigaciones ministeriales y control de procesos, principalmente.<br \/>Debe hacerse menci\u00f3n que esta medida es extensiva tanto a los peritos de la Direcci\u00f3n de Servicios Periciales, como a los polic\u00edas ministeriales de la Agencia Veracruzana de Investigaciones.<br \/>De igual forma, se sabe que se est\u00e1n efectuando los estudios t\u00e9cnicos correspondientes para gestionar, en cuanto se den las condiciones financieras, las nivelaciones para los agentes del ministerio p\u00fablico municipal y para el personal administrativo de esa instituci\u00f3n.<\/p>\n<p>ESTAMOS ciertos que la postulaci\u00f3n de Carlos Hermosillo fortalecer\u00e1 a Javier Duarte de Ochoa incluso para lo que venga despu\u00e9s de la elecci\u00f3n del 5 de julio. No hay duda de que el ex secretario de Finanzas ganar\u00e1 la elecci\u00f3n a diputado federal por el distrito de C\u00f3rdoba. Por cierto, ayer hubo muchas y variadas reacciones a la nominaci\u00f3n del ex director de la Conade. Por ejemplo, la Presidenta de la Comisi\u00f3n del  Deporte y la Juventud de  la C\u00e1mara Federal de Diputados, Elizabeth Morales  Garc\u00eda, dijo que la salida de Hermosillo de la Comisi\u00f3n Nacional del Deporte era s\u00f3lo cuesti\u00f3n de tiempo. La legisladora xalape\u00f1a consider\u00f3 que fue una salida pol\u00edtica a un tema que preocupaba al Presidente Felipe Calder\u00f3n. Asegur\u00f3 que el ex funcionario nunca cumpli\u00f3 con la oferta de relanzar al deporte mexicano, y que tras los magros resultados de los juegos ol\u00edmpicos de Beijing \u201chizo promesas, pidi\u00f3 nuevos plazos a la clase deportiva nacional y no cumpli\u00f3.\u201d<br \/>La diputada federal afirm\u00f3 que el propio Presidente de la Rep\u00fablica Felipe Calder\u00f3n, en reuniones en materia deportiva, hab\u00eda manifestado de manera p\u00fablica su inconformidad con el desempe\u00f1o de Carlos Hermosillo: \u201cporque muchos  deportistas se reunieron  con el Presidente para externarle  todas sus quejas sobre el desempe\u00f1o del  hoy ex Funcionario en los juegos ol\u00edmpicos; reproches que se repet\u00edan de manera constante cada vez que se reun\u00eda con deportistas de primer nivel, quienes le hac\u00edan ver los errores en el trabajo de la CONADE\u201d. Por su parte, el diputado federal por el distrito de C\u00f3rdoba de filiaci\u00f3n panista, Mauricio Duck N\u00fa\u00f1ez acus\u00f3 al director general del ISSSTE, Miguel \u00c1ngel Yunes Linares, y al coordinador de los diputados locales, Alejandro V\u00e1squez Cuevas, de haber impuesto a la mayor\u00eda de los candidatos a legisladores federales de mayor\u00eda relativa, entre ellos al ex titular de la Comisi\u00f3n Nacional del Deporte, Carlos Hermosillo, quien jugar\u00e1 por C\u00f3rdoba. El Legislador Federal lament\u00f3 la actual circunstancia por la que atraviesa su partido, y ret\u00f3 a Yunes Linares y a V\u00e1squez Cuevas a que por lo menos ratifiquen el triunfo del partido en los 11 distritos electorales que ganaron en la pasada elecci\u00f3n; \u201cde lo contrario, que se vayan del PAN\u201d. Asimismo, el ex candidato del PAN a la diputaci\u00f3n federal por el distrito de C\u00f3rdoba Emilio Gorbe\u00f1a  censur\u00f3 la designaci\u00f3n del  candidato a diputado federal  por C\u00f3rdoba Carlos Hermosillo y asegur\u00f3: \u201cNo aceptar\u00e9 imposiciones de un extra\u00f1o al partido, defender\u00e9 mis derechos ante las instancias que corresponda y no me voy a rajar como Guillermo Santos\u201d, se\u00f1al\u00f3  en rueda de prensa ofrecida ayer al medio d\u00eda en su ciudad natal. A prop\u00f3sito, suena fuerte como sucesor de Carlos Hermosillo Carlos Padilla Becerra, ex alcalde de Xalapa. Padilla fungi\u00f3 hace unos meses como jefe de la misi\u00f3n de la Delegaci\u00f3n Mexicana en los Juegos Olimpicos de Beijing. Tambi\u00e9n desde hace dos a\u00f1os Carlos Padilla labora en la direcci\u00f3n general del ISSSTE, como Secretario T\u00e9cnico de la Comisi\u00f3n de Vigilancia.<\/p>\n<p>EL MAESTRO y pintor veracruzano Pedro Trueba reconoci\u00f3 el respaldo que el gobernador, Fidel Herrera Beltr\u00e1n y la Presidenta del DIF Estatal, Rosa Borunda de Herrera, brindan continuamente a los creadores veracruzanos para la promoci\u00f3n y difusi\u00f3n del arte y la cultura popular de cada rinc\u00f3n de la entidad. <\/p>\n<p>LA COLEGA y amiga Amigzaday L\u00f3pez Beltr\u00e1n ya se internacionaliz\u00f3. Recientemente le publicaron interesantes reportajes sobre el narcotr\u00e1fico en los diarios El mercurio que se edita en Chile y El comercio que circula en Per\u00fa. Felicidades.<\/p>\n","protected":false},"excerpt":{"rendered":"<p>* Cumple palabra Fidel Herrera* Incremento retroactivo a enero Jos\u00e9 Ortiz MedinaEn corto&#8230; sin cortes Hace poco se lo adelantamos, pero ahora se lo confirmamos a manera de primicia: el gobernador Fidel Herrera Beltr\u00e1n cumple su palabra. Por primera vez en la Procuradur\u00eda General de Justicia del Estado se realiz\u00f3 una homologaci\u00f3n salarial destinada a [&hellip;]<\/p>\n","protected":false},"author":1,"featured_media":0,"comment_status":"open","ping_status":"open","sticky":false,"template":"","format":"standard","meta":{"_jetpack_newsletter_access":"","_jetpack_dont_email_post_to_subs":false,"_jetpack_newsletter_tier_id":0,"_jetpack_memberships_contains_paywalled_content":false,"_jetpack_memberships_contains_paid_content":false,"footnotes":""},"categories":[1],"tags":[],"class_list":["post-8931","post","type-post","status-publish","format-standard","hentry","category-sin-categoria"],"jetpack_featured_media_url":"","jetpack_sharing_enabled":true,"jetpack_shortlink":"https:\/\/wp.me\/p4Qcd3-2k3","_links":{"self":[{"href":"https:\/\/lospoliticosveracruz.com.mx\/index.php?rest_route=\/wp\/v2\/posts\/8931","targetHints":{"allow":["GET"]}}],"collection":[{"href":"https:\/\/lospoliticosveracruz.com.mx\/index.php?rest_route=\/wp\/v2\/posts"}],"about":[{"href":"https:\/\/lospoliticosveracruz.com.mx\/index.php?rest_route=\/wp\/v2\/types\/post"}],"author":[{"embeddable":true,"href":"https:\/\/lospoliticosveracruz.com.mx\/index.php?rest_route=\/wp\/v2\/users\/1"}],"replies":[{"embeddable":true,"href":"https:\/\/lospoliticosveracruz.com.mx\/index.php?rest_route=%2Fwp%2Fv2%2Fcomments&post=8931"}],"version-history":[{"count":0,"href":"https:\/\/lospoliticosveracruz.com.mx\/index.php?rest_route=\/wp\/v2\/posts\/8931\/revisions"}],"wp:attachment":[{"href":"https:\/\/lospoliticosveracruz.com.mx\/index.php?rest_route=%2Fwp%2Fv2%2Fmedia&parent=8931"}],"wp:term":[{"taxonomy":"category","embeddable":true,"href":"https:\/\/lospoliticosveracruz.com.mx\/index.php?rest_route=%2Fwp%2Fv2%2Fcategories&post=8931"},{"taxonomy":"post_tag","embeddable":true,"href":"https:\/\/lospoliticosveracruz.com.mx\/index.php?rest_route=%2Fwp%2Fv2%2Ftags&post=8931"}],"curies":[{"name":"wp","href":"https:\/\/api.w.org\/{rel}","templated":true}]}}