{"id":8933,"date":"2009-04-01T14:24:00","date_gmt":"2009-04-01T14:24:00","guid":{"rendered":"http:\/\/www.lospoliticosveracruz.com.mx\/?p=8933"},"modified":"2014-10-08T19:26:59","modified_gmt":"2014-10-08T19:26:59","slug":"el-tamano-del-miedo-panista","status":"publish","type":"post","link":"https:\/\/lospoliticosveracruz.com.mx\/?p=8933","title":{"rendered":"El tama\u00f1o del miedo panista"},"content":{"rendered":"<blockquote><p>* Casas de UE huelen a fraude<br \/>* Miedo a darse un \u201cchapuz\u00f3n\u201d<\/p><\/blockquote>\n<p><strong>Jos\u00e9 Ortiz Medina<\/strong><br \/><em>En corto&#8230; sin cortes<\/em><\/p>\n<p>Es el tama\u00f1o del miedo. Ayer circul\u00f3 con fuerza la versi\u00f3n extraoficial que el distrito por el cual participar\u00e1 Carlos Hermosillo como candidato a diputado local por el PAN ser\u00e1 C\u00f3rdoba en donde late con fuerza la candidatura del priista Javier Duarte de Ochoa.<br \/>Decimos que es el tama\u00f1o del miedo, pues al parecer de \u00faltima hora Acci\u00f3n Nacional decidi\u00f3 no postular a un abanderado \u201cflancito\u201d como Guillermo Santos Sol\u00eds, quien le acaba de ganar en la contienda interna a Emilio Gober\u00f1a Marenco.<br \/>Tantos tama\u00f1os le vieron al ex titular de Sefiplan que estar\u00edan optando por el hasta ayer director de la Comisi\u00f3n Nacional de Cultura F\u00edsica y Deporte (Conade).<br \/>Lo m\u00e1s extra\u00f1o es que el ex futbolista y ahora tambi\u00e9n ex directivo del deporte mexicano, aunque es veracruzano, no conoce el distrito que pretender\u00eda representar.<br \/>No obstante, no ser\u00e1 f\u00e1cil el \u201ccentralazo\u201d azul, pues ante ese fuerte rumor, el precandidato derrotado, Emilio Gorbe\u00f1a, anunci\u00f3 que solicitar\u00e1 &#8211;de confirmarse la renuncia de Guillermo Santos&#8211; le sea asignada la candidatura, ya que le considera que por ley le corresponder\u00eda a \u00e9l ser el abanderado panista a diputado federal, ello por haber quedado en segundo lugar en la contienda interna. <br \/>De ser ungido Hermosillo como candidato del distrito con cabecera en la ciudad de los 30 caballeros, ser\u00eda un abanderado cuestionado por la militancia por tratarse de una imposici\u00f3n desde el Olimpo azul. <br \/>Adem\u00e1s, Hermosillo no desempe\u00f1\u00f3 un excelente papel en la Conade, pues ah\u00ed est\u00e1n los p\u00edrricos resultados en la reciente Olimpiada de Beijing.<br \/>Asimismo, Carlos Hermosillo enfrent\u00f3 el esc\u00e1ndalo que arm\u00f3 la velocista Ana Gabriela Guevara, quien se retir\u00f3 de su actividad deportiva no sin antes se\u00f1alar falta de apoyo a los talentos mexicanos.<br \/>A ver qu\u00e9 pasa, pero desde ahora les decimos que las imposiciones jam\u00e1s han dado resultados positivos. El electorado siempre se ha revelado en las urnas ante las pr\u00e1cticas antidemocr\u00e1ticas de los partidos pol\u00edticos.  <\/p>\n<p>QUE CONSTE que aqu\u00ed se lo hemos venido diciendo. Eso de las casas que supuestamente apoya la Uni\u00f3n Europea huele a fraude. Quien est\u00e1 dando la cara en este \u201cproyecto\u201d es Javier Lim\u00f3n Segovia, triste y eterno suspirante a todos los cargos pol\u00edticos habidos y por haber, bajo innumerables siglas. Dicen que otro que no da la cara, pero que est\u00e1 escondido tras bambalinas es el senador perredista Arturo Herviz Reyes. Esta oscura alianza se confirma con el inminente anuncio de que Lim\u00f3n Segovia ser\u00e1 candidato a diputado federal por el partido del sol azteca. L\u00e1stima porque personas serias le han entrado a esto que parec\u00eda un negocio, pero que seguramente se llevar\u00e1n la sorpresa de su vida. <\/p>\n<p>INTERESANTE lo que dijo la regidora s\u00e9ptima del ayuntamiento de Boca del R\u00edo, Aurora Delgado Huerta, quien denunci\u00f3 que la ex delegada de la Secretar\u00eda de Desarrollo Social Alma A\u00edda Lamadrid Rodr\u00edguez, habr\u00eda cometido un desfalco de 80 millones de pesos durante su estancia en la dependencia federal. A decir de la edil priista, un integrante del Partido Acci\u00f3n Nacional le hizo entrega de una documentaci\u00f3n en la cual se demuestra que la ex delegada Lamadrid Rodr\u00edguez saque\u00f3 recursos millonarios para beneficiar a integrantes de su partido. \u201cHoy el ciudadano debe saber la doble moral manejada a nivel nacional con desfalcos millonarios en el \u00e1rea de Sedesol. La se\u00f1ora Lamadrid sali\u00f3 de su cargo con un faltante de 80 millones de pesos, que no son justificables\u201d, expres\u00f3. <br \/>Pues esto lo tiene que investigar la Secretar\u00eda de la Funci\u00f3n P\u00fablica. <\/p>\n<p>REALMENTE encomiable la labor que ha venido desarrollando en el municipio de Emiliano Zapata el ex presidente del Comit\u00e9 Directivo Municipal del PRI, Conrado Baez Andrade. Hace poco el destacado abogado entreg\u00f3 a campesinos de escasos recursos de la comunidad de Alborada material de labranza para el campo. Baez Andrade tambi\u00e9n apoya en la introducci\u00f3n del drenaje y agua potable en algunas zonas de dicha congregaci\u00f3n. <\/p>\n<p>EN EL altiplano comentan que en Los Pinos ya habr\u00edan tomado la decisi\u00f3n de instalar la nueva refiner\u00eda en la zona del Baj\u00edo que contempla la franja de Salamanca, Guanajuato hasta Tula, Hidalgo. Pero eso no es todo. Especulan que el anuncio ya no lo har\u00eda Jes\u00fas Reyes Heroles, sino su sucesor en la direcci\u00f3n de Pemex. Incluso, ya se manejan nombres. Uno de ellos puede ser el oriundo de C\u00f3rdoba, Veracruz. Manuel Minjares Jim\u00e9nez, quien como Coordinador del grupo parlamentario del PAN  tuvo una participaci\u00f3n importante en la reforma fiscal y el presupuesto 2008. Es contador p\u00fablico por la Universidad La Salle, tiene estudios fiscales en la UNAM y es militante del PAN desde 1988.<\/p>\n<p>YA SE DIO un chapuz\u00f3n en las playas jarochas el dirigente estatal del Partido Ecologista de M\u00e9xico Eduardo Aubry de Castro y Palomino. Lo mismo hizo ayer la diputada priista Dalia P\u00e9rez Casta\u00f1eda, para demostrar que no hay contaminaci\u00f3n en nuestros cuerpos de agua. \u00bfY los secretarios de Turismo Jer\u00f3nimo Folgueras y de Salud, Manuel Lila de Arce, cu\u00e1ndo se quitar\u00e1n sus mamelucos para internarse en las frescas aguas del Golfo de M\u00e9xico? \u00bfAcaso tienen mello? <\/p>\n<p>CON UN avance de 96 por ciento en su construcci\u00f3n, la planta de tratamiento de aguas negras que forma parte del Programa Integral de Saneamiento est\u00e1 en su etapa primaria de funcionamiento. Dicha obra sanear\u00e1 por primera vez en la historia de la ciudad los 3 mil millones de litros de aguas negras que se generan al mes la ciudad, evitando que estos desechos sigan contaminando r\u00edos, arroyos, lagunas y lagos asentados en territorio municipal.<\/p>\n","protected":false},"excerpt":{"rendered":"<p>* Casas de UE huelen a fraude* Miedo a darse un \u201cchapuz\u00f3n\u201d Jos\u00e9 Ortiz MedinaEn corto&#8230; sin cortes Es el tama\u00f1o del miedo. Ayer circul\u00f3 con fuerza la versi\u00f3n extraoficial que el distrito por el cual participar\u00e1 Carlos Hermosillo como candidato a diputado local por el PAN ser\u00e1 C\u00f3rdoba en donde late con fuerza la [&hellip;]<\/p>\n","protected":false},"author":1,"featured_media":0,"comment_status":"open","ping_status":"open","sticky":false,"template":"","format":"standard","meta":{"_jetpack_newsletter_access":"","_jetpack_dont_email_post_to_subs":false,"_jetpack_newsletter_tier_id":0,"_jetpack_memberships_contains_paywalled_content":false,"_jetpack_memberships_contains_paid_content":false,"footnotes":""},"categories":[1],"tags":[],"class_list":["post-8933","post","type-post","status-publish","format-standard","hentry","category-sin-categoria"],"jetpack_featured_media_url":"","jetpack_sharing_enabled":true,"jetpack_shortlink":"https:\/\/wp.me\/p4Qcd3-2k5","_links":{"self":[{"href":"https:\/\/lospoliticosveracruz.com.mx\/index.php?rest_route=\/wp\/v2\/posts\/8933","targetHints":{"allow":["GET"]}}],"collection":[{"href":"https:\/\/lospoliticosveracruz.com.mx\/index.php?rest_route=\/wp\/v2\/posts"}],"about":[{"href":"https:\/\/lospoliticosveracruz.com.mx\/index.php?rest_route=\/wp\/v2\/types\/post"}],"author":[{"embeddable":true,"href":"https:\/\/lospoliticosveracruz.com.mx\/index.php?rest_route=\/wp\/v2\/users\/1"}],"replies":[{"embeddable":true,"href":"https:\/\/lospoliticosveracruz.com.mx\/index.php?rest_route=%2Fwp%2Fv2%2Fcomments&post=8933"}],"version-history":[{"count":0,"href":"https:\/\/lospoliticosveracruz.com.mx\/index.php?rest_route=\/wp\/v2\/posts\/8933\/revisions"}],"wp:attachment":[{"href":"https:\/\/lospoliticosveracruz.com.mx\/index.php?rest_route=%2Fwp%2Fv2%2Fmedia&parent=8933"}],"wp:term":[{"taxonomy":"category","embeddable":true,"href":"https:\/\/lospoliticosveracruz.com.mx\/index.php?rest_route=%2Fwp%2Fv2%2Fcategories&post=8933"},{"taxonomy":"post_tag","embeddable":true,"href":"https:\/\/lospoliticosveracruz.com.mx\/index.php?rest_route=%2Fwp%2Fv2%2Ftags&post=8933"}],"curies":[{"name":"wp","href":"https:\/\/api.w.org\/{rel}","templated":true}]}}