{"id":8934,"date":"2009-03-31T21:09:00","date_gmt":"2009-03-31T21:09:00","guid":{"rendered":"http:\/\/www.lospoliticosveracruz.com.mx\/?p=8934"},"modified":"2014-10-08T19:26:59","modified_gmt":"2014-10-08T19:26:59","slug":"papantla-ahi-vienen-los-marielitos","status":"publish","type":"post","link":"https:\/\/lospoliticosveracruz.com.mx\/?p=8934","title":{"rendered":"Papantla: \u00a1Ah\u00ed vienen los marielitos!"},"content":{"rendered":"<p><strong>Salvador Mu\u00f1oz<\/strong><br \/><em>Los Pol\u00edticos<\/em><\/p>\n<p>Perd\u00f3n que insista, pero el superlativo con que se trata al penal que se pretende construir en Papantla, me sigue dando m\u00e1s vueltas que un volador de Papantla en la Cumbre Taj\u00edn.<br \/>No estoy en contra de los superlativos, como el que utiliz\u00f3 mi tocayo Manzur en su precampa\u00f1a con \u201cSuperchava\u201d. Insisto, me marea, como si estuviera en la parte m\u00e1s alta donde baila el Volador de Papantla.<br \/>A ciencia cierta desconozco la ubicaci\u00f3n exacta del penal calificado como de \u201cSuper M\u00e1xima Seguridad para internos de Alta Peligrosidad\u201d.<br \/>Pero ya que est\u00e1 de moda Elliot Ness, me recuerda esa frase c\u00e9lebre que dice el jefe de Agentes del Departamento del Tesoro en la pel\u00edcula \u201cLos Intocables\u201d: \u00a1Bienvenido a Chicago! Esta ciudad apesta como prost\u00edbulo por la ma\u00f1ana\u2026<br \/>\u00a1Y no me refiero a la hermosa ciudad que perfuma al mundo! Sino al posible cargamento que llevar\u00edan a su territorio cuando se concrete la construcci\u00f3n de ese penal de superm\u00e1xima seguridad.<br \/>Lo peorcito que nuestra sociedad ha creado\u2026<br \/>\u00bfRecuerdan el penal de Almoloya?<br \/>Pues ya no se llama as\u00ed\u2026 \u00bfpor qu\u00e9? Pues porque la referencia inmediata al mencionar el pueblo, donde est\u00e1 el penal, era \u201ccriminales\u201d. \u00a1El vecindario se indign\u00f3 y pidi\u00f3 que cambiaran de nombre al reclusorio!<br \/>Es algo similar a lo que ocurre en Orizaba. Si dices que eres orizabe\u00f1o, de inmediato te califican de \u201cpoblano\u201d.<br \/>O el despectivo que se tiene al que es de Chacaltianguis porque lo clasifican como homosexual (con todo respeto al pueblo\u2026 es lo que se dice).<br \/>O al poblano, calificado como \u201cPipope\u201d.<br \/>A lo mejor con el penal de Papantla ya no dir\u00edan \u201cLos Voladores de Papantla\u201d, sino \u201cLos violadores de Papantla\u201d.<br \/>Ya no ser\u00eda la cumbre Taj\u00edn, sino \u201cCumbre Narcotraf\u00edn\u201d\u2026<br \/>Ni Papantla de Olarte, sino \u201cPapantla de Robarte\u201d.<br \/>No habr\u00eda vainilla\u2026 \u201ccocainilla\u201d\u2026<br \/>Acabar\u00eda la Ciudad que Perfuma al Mundo para dar paso a \u201cLa Ciudad que Perturba al Mundo\u201d.<br \/>\u00bfParece una exageraci\u00f3n?<br \/>Puede ser que s\u00ed, que exagere en mi preocupaci\u00f3n por temer que en una ciudad tan bella como es Papantla, desaparezca el turismo por su zona arqueol\u00f3gica, sierra y tradiciones, por un pu\u00f1ado de hombres calificados como de \u201cAlta peligrosidad\u201d y d\u00e9 paso a camionetas blindadas, a uniformados armados hasta los dientes, a abogados que concentren sus actividades alrededor de un penal y en una de \u00e9sas, a esc\u00e1ndalos de fugas, comandos que intenten \u201crescatar\u201d a internos o grandes broncones por la supremac\u00eda del penal\u2026<br \/>\u00bfPor qu\u00e9 no se pens\u00f3 mejor en hacerlo en un desierto? \u00bfEn una zona alejada del turismo nacional o internacional?<br \/>\u00bfSer\u00e1 que nos quieren dar un penal a cambio de que no nos den la refiner\u00eda?<br \/>Nom\u00e1s recuerden a Mariel\u2026<br \/>\u00bfTenemos que darle gracias a Genaro Garc\u00eda Luna, secretario de Seguridad P\u00fablica federal, por hacer su \u201c\u00e9xodo de Mariel\u201d con destino a Veracruz?<br \/>No s\u00e9\u2026 quiz\u00e1s exagero\u2026 pero sigue sin gustarme la idea\u2026 \u00bf\u201cMarielitos\u201d en Papantla?<\/p>\n","protected":false},"excerpt":{"rendered":"<p>Salvador Mu\u00f1ozLos Pol\u00edticos Perd\u00f3n que insista, pero el superlativo con que se trata al penal que se pretende construir en Papantla, me sigue dando m\u00e1s vueltas que un volador de Papantla en la Cumbre Taj\u00edn.No estoy en contra de los superlativos, como el que utiliz\u00f3 mi tocayo Manzur en su precampa\u00f1a con \u201cSuperchava\u201d. Insisto, me [&hellip;]<\/p>\n","protected":false},"author":1,"featured_media":0,"comment_status":"open","ping_status":"open","sticky":false,"template":"","format":"standard","meta":{"_jetpack_newsletter_access":"","_jetpack_dont_email_post_to_subs":false,"_jetpack_newsletter_tier_id":0,"_jetpack_memberships_contains_paywalled_content":false,"_jetpack_memberships_contains_paid_content":false,"footnotes":""},"categories":[1],"tags":[],"class_list":["post-8934","post","type-post","status-publish","format-standard","hentry","category-sin-categoria"],"jetpack_featured_media_url":"","jetpack_sharing_enabled":true,"jetpack_shortlink":"https:\/\/wp.me\/p4Qcd3-2k6","_links":{"self":[{"href":"https:\/\/lospoliticosveracruz.com.mx\/index.php?rest_route=\/wp\/v2\/posts\/8934","targetHints":{"allow":["GET"]}}],"collection":[{"href":"https:\/\/lospoliticosveracruz.com.mx\/index.php?rest_route=\/wp\/v2\/posts"}],"about":[{"href":"https:\/\/lospoliticosveracruz.com.mx\/index.php?rest_route=\/wp\/v2\/types\/post"}],"author":[{"embeddable":true,"href":"https:\/\/lospoliticosveracruz.com.mx\/index.php?rest_route=\/wp\/v2\/users\/1"}],"replies":[{"embeddable":true,"href":"https:\/\/lospoliticosveracruz.com.mx\/index.php?rest_route=%2Fwp%2Fv2%2Fcomments&post=8934"}],"version-history":[{"count":0,"href":"https:\/\/lospoliticosveracruz.com.mx\/index.php?rest_route=\/wp\/v2\/posts\/8934\/revisions"}],"wp:attachment":[{"href":"https:\/\/lospoliticosveracruz.com.mx\/index.php?rest_route=%2Fwp%2Fv2%2Fmedia&parent=8934"}],"wp:term":[{"taxonomy":"category","embeddable":true,"href":"https:\/\/lospoliticosveracruz.com.mx\/index.php?rest_route=%2Fwp%2Fv2%2Fcategories&post=8934"},{"taxonomy":"post_tag","embeddable":true,"href":"https:\/\/lospoliticosveracruz.com.mx\/index.php?rest_route=%2Fwp%2Fv2%2Ftags&post=8934"}],"curies":[{"name":"wp","href":"https:\/\/api.w.org\/{rel}","templated":true}]}}