{"id":8939,"date":"2009-03-30T16:45:00","date_gmt":"2009-03-30T16:45:00","guid":{"rendered":"http:\/\/www.lospoliticosveracruz.com.mx\/?p=8939"},"modified":"2014-10-08T19:27:01","modified_gmt":"2014-10-08T19:27:01","slug":"tio-fide-apoya-a-rodrigo-medina-para-gobernador-de-nl","status":"publish","type":"post","link":"https:\/\/lospoliticosveracruz.com.mx\/?p=8939","title":{"rendered":"T\u00edo Fide apoya a Rodrigo Medina para gobernador de NL"},"content":{"rendered":"<p><a href=\"http:\/\/www.lospoliticosveracruz.com.mx\/wp-content\/uploads\/2009\/03\/verimagen.jpg\"><img decoding=\"async\" style=\"display:block; margin:0px auto 10px; text-align:center;cursor:pointer; cursor:hand;width: 400px; height: 266px;\" src=\"http:\/\/www.lospoliticosveracruz.com.mx\/wp-content\/uploads\/2009\/03\/verimagen-300x199.jpg\" border=\"0\" alt=\"\"id=\"BLOGGER_PHOTO_ID_5319024082074126146\" \/><\/a><br \/>El gobernador veracruzano asisti\u00f3 al acto en que rindi\u00f3 protesta como candidato del PRI al gobierno de Nuevo Le\u00f3n, ah\u00ed en la tierra del \u201cRey del Cabrito\u201d. Dijo T\u00edo Fide que \u201cRepresenta una nueva generaci\u00f3n  comprometida con el pa\u00eds y con el estado;  es  un aspirante que con actitudes innovadoras garantizar\u00e1 el desarrollo de la entidad y contribuir\u00e1 a consolidar su engrandecimiento.<br \/>Al asistir al masivo acto que se efectu\u00f3 en la Arena Monterrey del Parque Fundidora de la ciudad regiomontana, donde se ratific\u00f3 la unidad del priismo,  Herrera Beltr\u00e1n destac\u00f3 la importante trayectoria pol\u00edtica de Rodrigo Medina, quien cuenta con la capacidad, la experiencia y los conocimientos para impulsar programas y pol\u00edticas p\u00fablicas que aseguren el bienestar de los neoleoneses. Junto con los gobernadores pri\u00edstas, los coordinadores parlamentarios en la C\u00e1mara de Diputados, Emilio Gamboa Patr\u00f3n, del Senado de la Rep\u00fablica, Manlio Fabio Beltrones, y la dirigente nacional del PRI, Beatriz Paredes, el mandatario veracruzano resalt\u00f3 la cohesi\u00f3n que prevalece al interior del partido, y coincidi\u00f3 en que el PRI es el instituto  pol\u00edtico que ha demostrado que  tiene la mejor oferta para sacar adelante al pa\u00eds en estos momentos de dificultades. Subray\u00f3 que el Revolucionario institucional cuenta con los mejores cuadros para garantizar la victoria en  el proceso electoral del pr\u00f3ximo  5 de julio, cuando la ciudadan\u00eda ratificar\u00e1 su con confianza en el  pri\u00edsmo, mismo que mantiene su compromiso con las causas de las mayor\u00eda del pueblo mexicano.<\/p>\n<p><strong>Fiesta tricolor en Coatepec<\/strong><br \/>El s\u00e1bado fue d\u00eda de fiesta en Coatepec, fiesta tricolor por la entrega de la constancia que acredita oficialmente a Pepe Yunes como el candidato que contender\u00e1 por una curul en San L\u00e1zaro. Con un sal\u00f3n social de la Cruz Roja que pr\u00e1cticamente qued\u00f3 hasta el tope de la concurrencia de los delegados efectivos, que decidieron de manera un\u00e1nime definir por los valores, actitudes, aptitudes, experiencia en su vida profesional y al servicio p\u00fablico, hacer en la persona del Lic. Jos\u00e9 Francisco Yunes Zorrilla el id\u00f3neo para ganar las elecciones del 5 de julio, vimos en ese emotivo acto al Lic. Mario Lozano Carbonell, eficiente Jefe de Prensa del \u201cJefe Carvallo\u201d a quien le confi\u00f3 sus celulares cuando entr\u00f3 al recinto y a quien por cierto fuimos testigos de cuando una se\u00f1ora del municipio de Teocelo se le acerc\u00f3 para presentarle sus respetos y decirle al buen Mario que es su fiel admiradora, por su gran trabajo destacado en la televisi\u00f3n y la radio entre otras cosas que lo hicieron pavonearse de ego al amigo Lozano Carbonell.<br \/>Tambi\u00e9n saludamos al distinguido pol\u00edtico y eficiente servidor p\u00fablico que ha dedicado toda su vida a servir a los veracruzanos, un destacado funcionario educativo, maestro rural y Lic. En Derecho, quien ha dejado huella en el magisterio veracruzano por su valiosa aportaci\u00f3n en bien de la comunidad estudiantil, gracias a sus cargos de primer nivel y ahora como Director del Instituto Veracruzano de Educaci\u00f3n Superior, Profr. Guillermo H. Z\u00fa\u00f1iga Mart\u00ednez, siempre apoyando a su amigo Pepe Yunes, a quien por cierto mi querido maestro le debo gran parte de lo que soy, porque siempre me ha ense\u00f1ado a salir adelante y sin duda es una amistad de la cual siempre me he sentido orgulloso, quiero ser amigo de la vida no del servicio o por conveniencia solamente\u2026 \u00a1Gracias Maestro!<\/p>\n<p><strong>El \u00abcompayito\u00bb Hugo Vega<\/strong><br \/>Como un militante m\u00e1s que acudi\u00f3 a apoyar a su amigo Pepe Yunes, nos encontramos saliendo entre los apretujones al \u201cCompayito\u201d Hugo Vega Morales, Coordinador de Asesores de la Secretar\u00eda de Gobierno, quien muy amablemente nos dijo sobre sus expresiones del evento tricolor y referente al candidato oficial:<br \/>\u201cDefinitivamente Coatepec es un Distrito que con la candidatura de Pepe Yunes ha mantenido esa unidad pri\u00edsta y la ha fortalecido, el trabajo irrestricto que se ha hecho en todos los Presidentes municipales del Partido Revolucionario Institucional, as\u00ed como la del Diputado Federal Adolfo Mota y el local Julio Hern\u00e1ndez Ram\u00edrez, ha sido extraordinario y eso ha provocado que la sociedad del Distrito 09 con cabecera en Coatepec, simple y sencillamente este volcada a la candidatura del Pepe Yunes, ser\u00e1 un triunfo inobjetable de nuestro partido en las elecciones del pr\u00f3ximo 5 de julio\u201d.<br \/>Expresa su punto de vista sobre el papel que juega el Lic. Fidel Herrera Beltr\u00e1n como primer pri\u00edsta en el estado:<br \/>\u201cNo hay un solo candidato en el estado de Veracruz que no tenga el apoyo y respaldo de Fidel Herrera Beltr\u00e1n, no hay candidato en el estado de Veracruz que l\u00f3gicamente no considere que el principal activo pol\u00edtico que tenemos como Partido Revolucionario Institucional, es precisamente Fidel Herrera Beltr\u00e1n.<br \/>El Coordinador de Asesores del Secretario de Gobierno en torno al PRI coatepecano:<br \/>\u201cHoy ha sido una prueba de esa expresi\u00f3n de cari\u00f1o y de aprecio en el cual independientemente de esos atributos que tienen el pueblo coatepecano y las gentes del distrito quiero decirte tambi\u00e9n que las cualidades inherentes de Pepe Yunes como son su capacidad, su experiencia, su gran don de gente lo hacen un candidato sui generis que en ese sentido verdad, sabemos nosotros que \u00e9l es un hombre que en las pr\u00f3ximas elecciones obtendr\u00e1 un triunfo apabullante a favor del PRI\u201d.<br \/>Solamente un hombre caballeroso como siempre se ha distinguido el amigo de los periodistas Vega Morales, con una calidad humana que ya muchos funcionarios del gobierno quisieran tener, es como realiza su invaluable y delicado trabajo, cumpliendo las instrucciones de su amigo el gobernador Fidel Herrera Beltr\u00e1n, \u00e9l como gente cercana sabe que esa es una enorme responsabilidad y compromiso: Hacer las cosas bien, para no hacer quedar mal al ejecutivo del estado.<\/p>\n<p><strong>Rogelio Soto<\/strong><br \/>Estamos en un tiempo en que debemos de sumar no de restar, multiplicar sobre todo esperar los tiempos hoy es la elecci\u00f3n del candidato federal, debemos de olvidarnos que ahora hay elecciones de Presidentes municipales o de Diputados locales, es la de la Diputaci\u00f3n Federal que sin duda se la va a llevar Pepe Yunes, en ese entendido ese fue el mensaje del Presidente del PRI en el estado ha sido claro, sumemos en torno a eso, lo dem\u00e1s se definir\u00e1 en otras contiendas, ahorita es Pepe y creo que la gente del campo, los obreros, las amas de casa son generosos y hoy lo han demostrado.<br \/>Pero si nos toca tambi\u00e9n a los alcaldes asumir nuestra responsabilidad, yo la asumo, no como alcalde, sino como un militante m\u00e1s del PRI, tratando de poner ese granito de arena que me corresponde.<br \/>Debemos de entender los pri\u00edstas que contra lo que tenemos que luchar es contra la descalificaci\u00f3n, el uso indebido de los programas federales que hace Acci\u00f3n Nacional, que ahora se cobija en eso, porque no tiene mas que la fuerza de manipular lo que es del pueblo\u2026\u00a1Contra ellos tenemos que luchar! No contra los de adentro, as\u00ed es como vamos a ganar el d\u00eda de las elecciones.<br \/>Mi mensajes es primero que todo un ofrecimiento, seguir haciendo lo que est\u00e9 en las posibilidades aun ante el embate federal de quitarnos el porcentaje del presupuesto que nos atan de manos pero no al Presidente, atan de manos a la poblaci\u00f3n que requiere y necesita del apoyo de un municipio, misma que ahora con la mano en a cintura el gobierno federal, nos deja pr\u00e1cticamente inoperantes en lo que tenemos que trabajar que es la necesidad del pueblo y ofrecerle a Xico as\u00ed como a los habitantes del Distrito seguir trabajando y pedirles a mis compa\u00f1eros y amigos alcaldes que sigamos adelantes como lo hemos realizado, felicit\u00e1ndolos a todos ellos por su trabajo en bien del pueblo.<br \/>El Lic. Fidel Herrera Beltr\u00e1n tiene un lugar privilegiado en el PRI, es un hombre que ha sabido cabalmente poner en alto el nombre del partido, el nombre de Veracruz y fue a poner el ejemplo en la convenci\u00f3n mas larga, la sesi\u00f3n mas larga, pero sin duda dej\u00f3 convencidos a todos, esperemos que no haya mano negra, para que el puerto de Tuxpan sea el destino final de la refiner\u00eda, Fidel Herrera es hoy por hoy el ejemplo a seguir y se que Veracruz tendr\u00e1 su representaci\u00f3n en el Congreso de la Uni\u00f3n del color rojo de la fidelidad.<\/p>\n<p><strong>Antonio G\u00f3mez Anell<\/strong><br \/>Antonio G\u00f3mez Anell, Director de Administraci\u00f3n y Finanzas de la SEDESMA y destacado pol\u00edtico que ha sabido aprovechar la oportunidad que el Lic. Fidel Herrera Beltr\u00e1n le ha brindado para poder servir a los veracruzanos desde distintas trincheras, hoy mantiene una excelente relaci\u00f3n con actores de la pol\u00edtica y del servicio p\u00fablico, muy conocido en la zona de Coatepec, por su inquieta manera de ser y de apoyar a la gente que lo necesita, sabiendo que es un hombre muy cercano a quien manda en Veracruz, To\u00f1o G\u00f3mez nos comenta que su inquietud pol\u00edtica no se le ha terminado, por el contrario, sabe esperar los tiempos y que su futuro depende de su maestro, gu\u00eda y l\u00edder Fidel Herrera Beltr\u00e1n.<br \/>El funcionario fidelista define al PRI de Coatepec unido en torno a Pepe Yunes\u2026<br \/>\u201cTotal unidad hacia nuestro candidato Pepe Yunes a la diputaci\u00f3n federal, se ha demostrado la fuerza del pri\u00edsmo no solo de Coatepec, sino de toda la regi\u00f3n del Cofre de Perote y de todos los municipios que se conforma el Distrito 09, mismo que es muy fortalecido con las ganas de trabajar por el mismo proyecto, Pepe Yunes sale de un evento lleno de calor pol\u00edtico con la militancia tricolor, vamos bien, vamos a ganar no hay la menor duda\u201d.<br \/>Referente a su labor realizada por su gente del Distrito y ver el gran capital pol\u00edtico que ha obtenido en su labor de apoyo a los habitantes To\u00f1o G\u00f3mez Dice:<br \/>\u201cEl capital pol\u00edtico es del Lic. Fidel Herrera Beltr\u00e1n, la labor que he realizado de apoyo en la gesti\u00f3n social y pol\u00edtico en el Distrito es gracias a la oportunidad que me brind\u00f3 el gobernador y ahora, lo mucho o poco que podamos hacer est\u00e1 a la orden del candidato Pepe Yunes, para coadyuvar en el triunfo inobjetable del nativo de Perote y amigos de todos los habitantes del Distrito, estamos trabajando y lo seguiremos haciendo con la batuta, el orden y el liderazgo del Lic. Fidel Herrera Beltr\u00e1n y vamos a entregarle el pr\u00f3ximo d\u00eda 5 de julio por la tarde muy buenas cuentas al primer pri\u00edsta del estado  y al PRI.<br \/>Dijo sobre su futuro\u2026<br \/>\u201cPrimero seguir trabajando mientras Dios y el gobernador Fidel Herrera Beltr\u00e1n me lo permitan as\u00ed como la gente que habita en el Distrito lo seguir\u00e9 haciendo, la situaci\u00f3n pol\u00edtica de Antonio G\u00f3mez Anell, depende 100% del Lic. Fidel Herrera Beltr\u00e1n el es mi maestro mi gu\u00eda, l\u00edder y jefe pol\u00edtico, lo que ordene y en lo que yo le pueda servir desde cualquier trinchera, siempre estar\u00e9 disponible para servir a los veracruzanos\u201d.<br \/>Su nueva responsabilidad en la Administraci\u00f3n de Finanzas de la SEDESMA\u2026<br \/>\u201cEl gobernador nos ha instruido que los recursos que eroga la SEDESMA se apliquen con total transparencia, honestidad y de manera que exista vigilancia para que los recursos de la obra p\u00fablica de los programas sociales y del medio ambiente se apliquen de manera correcta, no se desv\u00eden a ninguna otra situaci\u00f3n, que no sea el trabajo en beneficio de los veracruzanos en general sin distingos de colores de partidos, ni de grupo y creo que en ese sentido el trabajo que estamos haciendo es garant\u00eda de resultados positivos para el gobernador y del manejo de los recursos quiero que los veracruzanos tengan la seguridad de que los impuestos que aportan ser\u00e1n bien cuidados y tengan la seguridad que se van a utilizar como debe de ser, en obra p\u00fablica y programas sociales en beneficio de los veracruzanos\u201d.<br \/>Afronta los retos el joven nativo de Teocelo\u2026<br \/>\u201cEl reto es seguir trabajando bajo la batuta y liderazgo del Lic. Fidel Herrera Beltr\u00e1n en lo subsecuente y en mi futuro pol\u00edtico y profesional depende de su decisi\u00f3n, si tengo la posibilidad pol\u00edtica, ya que provengo de ambos lados de familia pol\u00edtica y me he desarrollado toda mi vida profesional desde hace 12 a\u00f1os en el servicio p\u00fablico, en aspectos pol\u00edticos y si tengo la inquietud pol\u00edtica y vamos a seguir trabajando en el distrito para futuras encomiendas que nos pudiera pedir el gobernador del estado\u201d.<\/p>\n<p><strong>Marcelino Caicero<\/strong><br \/>A ver miren: \u00bfAlguien m\u00e1s que conozca la CNC pondr\u00eda decirnos como se encuentra a la edad de 86 a\u00f1os? Tuvimos la oportunidad de pedir la opini\u00f3n de un l\u00edder campesino, que desde su infancia ha estado en las filas de la Liga de Comunidades Agrarias, nos referimos al joven que alguna vez so\u00f1\u00f3 con gobernar a su pueblo y hoy lo hace de una manera comprometida con su gente y su mejor ganancia es el cari\u00f1o de los habitantes que se han beneficiado con las obras y acciones que ha entregado a trav\u00e9s del manejo de los recursos que el Ayuntamiento de Jilotepec aplica a favor de los que mas necesitan, Marce\u2026Hoy nos da unos datos muy interesantes en cuanto a lo que significa la Liga en su vida:<br \/>\u201cLa CNC es un organismo del campo que le ha correspondido a muchas etapas, importantes de la vida nacional y de Veracruz, a pesar de los embates y de las circunstancias pol\u00edticas y de la apertura democr\u00e1tica, la C.N.C. ha mantenido como una organizaci\u00f3n de clase, lealtad y de compromiso con los campesinos de Veracruz; Hoy al cumplir un aniversario mas vemos a una Liga renovada, fortalecida, con nuevos cuadros con una dirigencia que est\u00e1 trabajando en la base impulsando los proyectos productivos de gran impacto social y econ\u00f3mico, tenemos una CNC, a la altura de las circunstancias econ\u00f3micas que viven los campesinos en el estado y en el pa\u00eds. La Liga de Comunidades Agrarias fue la pionera, el alma de la Confederaci\u00f3n Nacional Campesina, por eso \u00e9ste hecho es hist\u00f3rico, porque a principios del siglo pasado cuando se fund\u00f3 nuestra organizaci\u00f3n en medio de sangre y de muchas luchas que dieron con hacendados y con la mano negra, hoy con el respaldo del gobernador Fidel Herrera Beltr\u00e1n, se est\u00e1 dando la lucha de para seguir produciendo para seguir combatiendo el d\u00e9ficit de los productos del campo y sobre todo hoy; que tenemos un gran problema con el alza a los precios de la canasta b\u00e1sica, que le est\u00e1 pagando muy fuerte a las familias que menos tienen, la Liga est\u00e1 siempre a la vanguardia de buscar las mejores estrategias pata poder seguir produciendo los alimentos y quiero decirte Pepe Villegas, que somos el Primer Lugar en la producci\u00f3n de arroz, somos un productor importante en la producci\u00f3n de az\u00facar, Veracruz produce el 42% de az\u00facar a nivel nacional, producimos el Tercer Lugar de los c\u00edtricos en el pa\u00eds; En la ganader\u00eda estamos arriba del Tercer Lugar, entonces todo ello nos da la pauta del gran trabajo que ha realizado la Liga de Comunidades Agrarias muchas organizaciones que hoy existen y est\u00e1n trabajando su origen fue en la CNC. La Liga fue el punto de partida y en el caso de nosotros, venimos hoy como parte que hemos sido de esta organizaci\u00f3n y tambi\u00e9n, porque consideramos que es el momento de estar unidos y de seguir respaldando las acciones a favor del campo veracruzano que ha implementado el gobernador Fidel Herrera Beltr\u00e1n. De algo que me he sentido orgulloso toda mi vida, es de ser cenecista, de haberle dejado mi infancia, mi adolescencia y mi juventud a la Liga de Comunidades Agrarias\u2026Y ah\u00ed seguiremos permaneciendo\u201d.<\/p>\n<p><strong>\u00abCon-ciencia tecnol\u00f3gica\u00bb<\/strong><br \/>Con la finalidad de seguir creando conciencia en la sociedad moderna y  ahora tambi\u00e9n en la utilizaci\u00f3n de la tecnolog\u00eda, la Fundaci\u00f3n Fidel Herrera Beltr\u00e1n ha logrado la gesti\u00f3n para que el autor del libro \u201cCon-ciencia tecnol\u00f3gica\u201d  tenga una aportaci\u00f3n para quien as\u00ed lo requiera de aprender a reparar las computadoras en su mismo hogar, ya que muchas veces no sabemos lo indispensable y las desechamos cuando a\u00fan tiene reparaci\u00f3n f\u00e1cil.<br \/>El Ing. \u00c1lvaro Garc\u00eda,  durante la presentaci\u00f3n del libro \u00abReparaci\u00f3n de computadoras\u00bb dijo durante su intervenci\u00f3n que: \u201cMi objetivo como profesionista es ser un ejemplo a seguir por los j\u00f3venes<br \/>estudiantes veracruzanos, comentarles a todos los egresados de cualquier carrera t\u00e9cnica o profesional que no se conformen con tener el titulo en mano, ni mucho menos ser pasantes. Tenemos que tener visi\u00f3n, escribir alg\u00fan proyecto, aportar ideas, ser l\u00edderes y ayudar a las personas, yo agradezco al Profr. Guillermo Hern\u00e1ndez Mart\u00ednez, Coordinador Estatal de la Fundaci\u00f3n que me brind\u00f3 todas las facilidades para lograr mi objetivo, hoy me comprometo a donar mi tiempo a trav\u00e9s de esta instituci\u00f3n noble, para poder ense\u00f1ar a las personas que as\u00ed lo requieran en las Brigadas de Apoyo a la Comunidad o en escuelas en donde ense\u00f1en todo lo referente a computaci\u00f3n\u201d<br \/>Estuvieron en el emotivo evento que se llev\u00f3 a cabo en el Centro Recreativo Xalape\u00f1o, La Directora de Sistemas del Instituto Veracruzano de Educaci\u00f3n Superior, Profra. Ma. Del Pilar Aceitano V\u00e1zquez, Profra. Ma. Elena Rodr\u00edguez Santamar\u00eda, catedr\u00e1tica del mismo instituto educativo, Ma. Isabel Mart\u00ednez Castillo, Elda Castillo Zavaleta y el Lic. Orlando Ruiz Rosales funcionario de la Fundaci\u00f3n Fidel Herrera Beltr\u00e1n.<\/p>\n<p><strong>El suplente de Pepe Yunes<\/strong><br \/>En el caso especial del Distrito 09 de Coatepec, los animos parecen calentarse en torno a la busqueda de la suplencia de la f\u00f3rmula del Lic. Jos\u00e9 Francisco Yunes Yunes Zorrilla; sabemos de antemano que existen muchas prospectos y que de las que se mencionan hasta hoy son mujeres j\u00f3venes, con mucho dinamismo, j\u00f3venes que carecen de experiencia que pudieran hacerlas merecedoras, pero con muchas ganas de sobresalir en la pol\u00edtica, solamente existe una persona capaz de ganarles en una elecci\u00f3n interna, sabemos de buena fuente que hay una Regidora del Ayuntamiento coatepecano que desde siempre se ha distinguido por su amor y pasi\u00f3n por servir a la sociedad a trav\u00e9s de su cargo y en el \u00e1mbito pol\u00edtico partidista, mantiene a las mujeres unidas para fortalecer las tareas que permitan seguir manteniendo la confianza ciudadana en el Distrito de Coatepec, el candidato lo sabe y no la ve con malos ojos, ella siempre se ha definido como gente de trabajo y del equipo del nativo de Perote, as\u00ed que no se metan en l\u00edos, organicen una ELECCI\u00d3N INTERNA y quien gane, que sea la acompa\u00f1ante de la f\u00f3rmula.<\/p>\n<p><strong>Educaci\u00f3n y Cultura vial en Coatepec<\/strong><br \/>Intensas actividades se llevaron a cabo en la vecina ciudad de Coatepec la semana que pas\u00f3, La Delegaci\u00f3n 16 de Tr\u00e1nsito del Estado a cargo del Lic. Oth\u00f3n A. Garc\u00eda Estudillo realiz\u00f3 con mucho \u00e9xito el desfile conmemorativo con motivo de la XXV  Semana Estatal de Educaci\u00f3n y Cultura Vial 2009 en el primer cuadro de la ciudad de Coatepec. Estuvieron presentes para apreciar el desfile el Lic. Jos\u00e9 Dom\u00ednguez y Manuel L\u00f3pez L\u00f3pez, Secretario de Administraci\u00f3n y Secretario del H. Ayuntamiento respectivamente en representaci\u00f3n del presidente municipal de Coatepec; Ing. Jorge Hern\u00e1ndez Quiroz, Delegado Regional de la S.E.V quienes han apoyado enormemente en el programa de cultura vial \u201ccamina Seguro en el Transito Seguro\u201d implementado por la delegaci\u00f3n de Transito n\u00famero 16 con sede en Coatepec; Lic. Manuel Pellico en representaci\u00f3n de la Delegaci\u00f3n regional de la Subsecretaria de Gobierno, con la participaci\u00f3n entusiasta de 6 escuelas primarias y 5 secundarias formando un contingente de 300 estudiantes, personal de la delegaci\u00f3n de transito  y un cami\u00f3n destinado para reforzar las actividades de cultura vial, concluyendo a las 11:00 horas, dicho desfile fue encabezado por el ni\u00f1o Delegado Valent\u00edn B\u00e1ndala N\u00fa\u00f1ez.<\/p>\n<p><strong>Fidel Kuri<\/strong><br \/>Fidel Kuri Grajales recibi\u00f3 la constancia que lo avala como candidato a la Diputaci\u00f3n Federal por el Distrito XV con cabecera en Orizaba esto por el Partido Revolucionario Institucional (PRI),  dentro del marco de la Convenci\u00f3n de delegados del tricolor, en el Cinema Orizaba.<br \/>Ante un abarrotado recinto, con m\u00e1s de 8 mil simpatizantes del tricolor, Fidel Kuri parafrase\u00f3 y bien se\u00f1al\u00f3 \u201cAy\u00fadame a decir la verdad delante de los fuertes, y a no decir mentiras para ganarme el aplauso de los d\u00e9biles\u201d, que levant\u00f3 la ovaci\u00f3n de los ah\u00ed presentes.<br \/>En su discurso, el abanderado por el tricolor, dijo que si recibe fortuna no se vaya la raz\u00f3n, si le dan \u00e9xito, no se le quite la humildad, y si hay humildad, no me quites la dignidad, apunt\u00f3.<br \/>Kuri Grajales fue acompa\u00f1ado por 20 alcaldes de la zona de C\u00f3rdoba-Orizaba, los cuales pertenecen al movimiento de la \u201cMarea Roja\u201d, y quienes le refrendaron su amistad y apoyo en su campa\u00f1a en busca de la diputaci\u00f3n federal por el PRI.<br \/>En una parte de su discurso, Fidel Kuri Grajales dijo que pide \u201cEns\u00e9\u00f1ame que perdonar es un signo de grandeza y que la venganza es una se\u00f1al de bajeza\u201d, asegurando que esta campa\u00f1a a realizarse ser\u00e1 de objetivos y trabajo, y no solo de promesas que se quedar\u00e1n en el aire.<br \/>Para ese momento, el Cinema Orizaba ya se hab\u00eda entregado a Fidel Kuri, quien agradeci\u00f3 a los delegados, a la militancia de todo el distrito y a los ah\u00ed presentes, su apoyo y que espera dar todo de si, para sacar adelante el proyecto de naci\u00f3n que se tiene.<br \/>En el acto estuvieron presentes la secretaria general del PRI, Carla Rodr\u00edguez G\u00f3mez, quien presidi\u00f3 la convenci\u00f3n en representaci\u00f3n del l\u00edder estatal, Jorge Carvallo Delf\u00edn, la cual se\u00f1al\u00f3 que los candidatos del PRI son de unidad, gracias a la fortaleza de sus bases y al trabajo de sus cuadros.<br \/>Aunado a esto dijo que las mujeres son y ser\u00e1n grandes part\u00edcipes, gestoras de los valores y la unidad partidista, \u201clas priistas seguimos fielmente los preceptos y los documentos b\u00e1sicos de nuestro partido, tenemos claro que la voz de la mujer en la pol\u00edtica tiene fuerza y un ejemplo de ello son las mujeres del valle de Orizaba.<br \/>Finalmente, Kuri Grajales recibi\u00f3 la constancia como candidato a la Diputaci\u00f3n Federal por el Distrito XV de Orizaba por el PRI, de manos de los altos mandos en el partido, ante el delirio de los miles y miles de simpatizantes que estuvieron este domingo en el Cinema Orizaba, junto a su abanderado tricolor.<\/p>\n<p><strong>Exportadores de Xalapa<\/strong><br \/>La Compa\u00f1\u00eda ISACE Internacional, S,A,de,C,V, nos informa que \u201cEl pr\u00f3ximo viernes 3 de abril se llevar\u00e1 a cabo el \u201cCongreso  de Iniciaci\u00f3n para Exportadores\u201d, en esta ciudad capital en el auditorio Silvestre Moreno Cora de Palacio de Gobierno. El objetivo principal de dicho congreso es poder asesorar a todas las personas que tengan inquietudes de iniciarse en el medio del comercio exterior en la regi\u00f3n. Hemos preparado un gran evento con ponentes destacados en el \u00e1mbito aduanero, as\u00ed como la valiosa participaci\u00f3n del Dr. Carlos Garc\u00eda M\u00e9ndez. El congreso est\u00e1 dirigido a estudiantes de comercio, abogados, c\u00e1maras de comercio y empresarios. Esperamos contar con su valiosa participaci\u00f3n en este gran evento y que se logre cumplir el objetivo de que los productores puedan ampliar su mercado\u201d.<\/p>\n<p><strong>Tepetl\u00e1n y T\u00edo Fide<\/strong><br \/>Muy interesante el tema del alcoholismo y su lucha contra las adicciones, donde el Presidente municipal de Tepetl\u00e1n, C. Daniel Romero Gonz\u00e1lez ha puesto especial atenci\u00f3n para mejorar el nivel de vida en los habitantes que padecen de esa enfermedad\u2026Platicamos con \u00e9l y nos dijo:<br \/>\u201cSe realiza el Congreso Regional de del cual tu servidor apoya y estimula a todo hombre o mujer, ciudadano que tenga problemas alcoh\u00f3licos para rehabilitarse, cambiar el tema de salud en sus familias, en Tepetl\u00e1n estamos ayud\u00e1ndolos, estoy con ellos, les hablo de ver y saber de la responsabilidad de familia, solo cambiando el habito del alcohol,  por mejorar su estilo de vida es como mejor pueden sacar adelante a sus seres queridos en su hogar, eso es algo que tenemos muy bien revisado y en lo que le apostamos que es una inversi\u00f3n, nos gusta a mi y a mi esposa como Presidenta del DIF invertirle a la salud y a atacar los problemas de las drogas y alcoholismo ah\u00ed es donde va encaminada mi labor social\u201d.<br \/>El mun\u00edcipe destac\u00f3 el apoyo del mandatario para su administraci\u00f3n\u2026<br \/>\u201cGracias al impulso del gobernador del estado Lic. Fidel Herrera Beltr\u00e1n a trav\u00e9s de los programas de la Bursatilizaci\u00f3n, Peso a Peso y todas las obras que tenemos unas realizadas y terminadas al cien por ciento, esperamos que el gobernador las inaugure a finales del mes de abril, los lugares beneficiados son la Colonia Enr\u00edquez una calle de concreto hidr\u00e1ulico, la rehabilitaci\u00f3n del sal\u00f3n social, un parque que se va a inaugurar, un \u00e1rea para cocina econ\u00f3mica para educaci\u00f3n b\u00e1sica, misma que servir\u00e1 para la preparaci\u00f3n de los alimentos de los ni\u00f1os, eso es muy importante para nosotros como primera autoridad municipal.\u201d<br \/>Ya por \u00faltimo Romero Gonz\u00e1lez le dio un voto de confianza al candidato del PRI por Xalapa-Rural:<br \/>\u201cVeo bien al amigo Silvio Lagos, creo que tiene el carisma y pertenecemos respetuosamente a una familia no de sangre nada mas, sino que he dicho que pertenecemos a una familia que me es grato y me siento honrado pero con mucho compromiso que pertenecemos a la dinast\u00eda de los Herrera al se\u00f1or gobernador Fidel Herrera Beltr\u00e1n, \u00bfY que quiere decir para mi entre par\u00e9ntesis dinast\u00eda? Como nosotros sabemos hablar a nuestros compa\u00f1eros que nos leer\u00e1n en su medio de informaci\u00f3n, somos un grupo de hombres y mujeres con mismo prop\u00f3sito, respetuosamente de partido y cleros pero que hoy el se\u00f1or Silvio es la mejor opci\u00f3n y que ese grupo de hombres y mujeres va en el prop\u00f3sito de mejorar a las familias de todo Veracruz, de todos los municipios y en este caso de Tepetl\u00e1n, tiene todo mi apoyo porque se que nos tiene que respaldar y que el se\u00f1or gobernador es nuestro ejemplo. \u00a1Esa es la dinast\u00eda que traemos nosotros! En una sola lucha y en un solo prop\u00f3sito\u201d.<br \/>Comentarios y sugerencias: expresionpersonal@hotmail.com<br \/>Celular: 0442281341440.<\/p>\n","protected":false},"excerpt":{"rendered":"<p>El gobernador veracruzano asisti\u00f3 al acto en que rindi\u00f3 protesta como candidato del PRI al gobierno de Nuevo Le\u00f3n, ah\u00ed en la tierra del \u201cRey del Cabrito\u201d. Dijo T\u00edo Fide que \u201cRepresenta una nueva generaci\u00f3n comprometida con el pa\u00eds y con el estado; es un aspirante que con actitudes innovadoras garantizar\u00e1 el desarrollo de la [&hellip;]<\/p>\n","protected":false},"author":1,"featured_media":0,"comment_status":"open","ping_status":"open","sticky":false,"template":"","format":"standard","meta":{"_jetpack_newsletter_access":"","_jetpack_dont_email_post_to_subs":false,"_jetpack_newsletter_tier_id":0,"_jetpack_memberships_contains_paywalled_content":false,"_jetpack_memberships_contains_paid_content":false,"footnotes":""},"categories":[1],"tags":[],"class_list":["post-8939","post","type-post","status-publish","format-standard","hentry","category-sin-categoria"],"jetpack_featured_media_url":"","jetpack_sharing_enabled":true,"jetpack_shortlink":"https:\/\/wp.me\/p4Qcd3-2kb","_links":{"self":[{"href":"https:\/\/lospoliticosveracruz.com.mx\/index.php?rest_route=\/wp\/v2\/posts\/8939","targetHints":{"allow":["GET"]}}],"collection":[{"href":"https:\/\/lospoliticosveracruz.com.mx\/index.php?rest_route=\/wp\/v2\/posts"}],"about":[{"href":"https:\/\/lospoliticosveracruz.com.mx\/index.php?rest_route=\/wp\/v2\/types\/post"}],"author":[{"embeddable":true,"href":"https:\/\/lospoliticosveracruz.com.mx\/index.php?rest_route=\/wp\/v2\/users\/1"}],"replies":[{"embeddable":true,"href":"https:\/\/lospoliticosveracruz.com.mx\/index.php?rest_route=%2Fwp%2Fv2%2Fcomments&post=8939"}],"version-history":[{"count":0,"href":"https:\/\/lospoliticosveracruz.com.mx\/index.php?rest_route=\/wp\/v2\/posts\/8939\/revisions"}],"wp:attachment":[{"href":"https:\/\/lospoliticosveracruz.com.mx\/index.php?rest_route=%2Fwp%2Fv2%2Fmedia&parent=8939"}],"wp:term":[{"taxonomy":"category","embeddable":true,"href":"https:\/\/lospoliticosveracruz.com.mx\/index.php?rest_route=%2Fwp%2Fv2%2Fcategories&post=8939"},{"taxonomy":"post_tag","embeddable":true,"href":"https:\/\/lospoliticosveracruz.com.mx\/index.php?rest_route=%2Fwp%2Fv2%2Ftags&post=8939"}],"curies":[{"name":"wp","href":"https:\/\/api.w.org\/{rel}","templated":true}]}}