{"id":8940,"date":"2009-03-30T16:41:00","date_gmt":"2009-03-30T16:41:00","guid":{"rendered":"http:\/\/www.lospoliticosveracruz.com.mx\/?p=8940"},"modified":"2014-10-08T19:27:01","modified_gmt":"2014-10-08T19:27:01","slug":"militarizar-la-ministerial","status":"publish","type":"post","link":"https:\/\/lospoliticosveracruz.com.mx\/?p=8940","title":{"rendered":"\u00bfMilitarizar  la Ministerial?"},"content":{"rendered":"<p><strong>Claudia Guerrero Mart\u00ednez<\/strong><br \/><em>Entre lo ut\u00f3pico y lo verdadero<\/em><\/p>\n<p>La noticia de la capacitaci\u00f3n de 30 militares en la Academia  Estatal de Polic\u00eda, ha causado malestar y desacuerdo. Esto no ser\u00eda trascendental  si no se hubiesen integrado a la Polic\u00eda Ministerial del Estado y \u201cmeterlos como dolor de muela\u201d en esta instituci\u00f3n que no cuenta con las plazas necesarias para estos nuevos agentes-militares.  La il\u00f3gica decisi\u00f3n  que  tomaron jefes  de esta corporaci\u00f3n, fue con el af\u00e1n de aparentar hacer cambios beneficiosos; quitar a cinco  comandantes y bajarlos de  rango, para integrar a estos militares y  quiz\u00e1, no fue la decisi\u00f3n m\u00e1s acertada. Luego, sacar las radiograf\u00edas-expedientes de todos los agentes y encontrarles alg\u00fan \u201cdetalle\u201d, para decirles \u201cest\u00e1s despedido\u201d. Esto es grave, pues expone la situaci\u00f3n real y  la descomposici\u00f3n  en la que est\u00e1 sumergida la Polic\u00eda Ministerial, en la que sus elementos  \u201cprobablemente\u201d est\u00e9n inmiscuidos en el crimen organizado. Por eso, se hizo esta medida radical, olvidando  la antig\u00fcedad de polic\u00edas  que ten\u00edan entre 12 a 18 a\u00f1os de servicio y a algunos les descongelan   delitos, para justificar las renuncias. Todo lo que se haga para el bien y buen desarrollo de las polic\u00edas, estaremos de acuerdo, pero tambi\u00e9n, hay que acentuar, que las medidas aplicadas para la limpieza de \u00e9sta corporaci\u00f3n se hacen de mandos medios hacia abajo. Las decisiones y  operatividad en el combate al crimen organizado, delitos del fuero com\u00fan, \u00f3rdenes de aprehensi\u00f3n y narcotr\u00e1fico las toman los mandos altos, de los cuales s\u00f3lo son rotados, pero no se les hacen una radiograf\u00eda en su desempe\u00f1o, trato a los empleados y hasta una investigaci\u00f3n a sus finanzas. Estos puestos son pol\u00edticos 100% y hemos visto que  algunos polic\u00edas  actualmente,  son candidatos a diputaciones federales por el PRI, como el caso de Tom\u00e1s Carillo Almeida, quien las facturas de represor ser\u00e1n cobradas, pues por m\u00e1s que se le aplique todo el aparato estatal, no convence a la ciudadan\u00eda, por tener un historial de mando  con muchas aristas. La indignaci\u00f3n de los elementos es comprensible, pero peor a\u00fan, los fuertes rumores de manifestaciones frente a Palacio de Gobierno, por parte de elementos ministeriales exigiendo aumentos salariales, quienes tienen su sueldo base y una peque\u00f1a compensaci\u00f3n, de la cual   deben  gastar en vi\u00e1ticos y hasta alojamiento, cuando son cambiados de plaza o residencia.  Contrariamente a  los  altos mandos con sueldos irascibles ante una crisis  econ\u00f3mica estatal. El Procurador de Justicia del Estado, Salvador Mikel Rivera anunci\u00f3 el aumento de un diez a 15% al salario y retroactivo al 1\u00ba de enero, como medida precautoria por posibles manifestaciones e irritabilidades. Insisti\u00f3 en la \u201ccrisis\u201d, palabra prohibida por Fidel Herrera en los comunicados y de la que citaba Salvador Mikel  insistentemente cuando se le entrevist\u00f3, para justificar la baja de salarios,  desviando la atenci\u00f3n de la problem\u00e1tica en la Polic\u00eda Ministerial y sarc\u00e1sticamente llamados \u201cElementos de la Perjudicial\u201d. \u00bfHabr\u00e1 limpieza  y pasar\u00e1 la barredora? Pensamos que ser\u00eda sano, pero no sacrificando a los de baja jerarqu\u00eda, pues el hilo se rompe por lo m\u00e1s delgado. Militares en esta corporaci\u00f3n, al igual que en Seguridad P\u00fablica y Tr\u00e1nsito, son medidas que no han dado el resultado esperado y el gobierno fidelista ha  sido condescendiente en el deseo de autoridades federales, quienes tienen el proyecto de militarizar todas las polic\u00edas en el pa\u00eds. Por eso, el Gobierno de Fidel Herrera quiere  \u201ctapar el ojo al macho\u201d, integrando militares en las corporaciones y permitiendo que los viejos vicios  imperen, logrando que los generales se cansen de tanta corrupci\u00f3n en las corporaciones, pues s\u00f3lo los ponen como figuras decorativas en las instituciones estatales. Los engendros ministeriales-militares  no lograr\u00edan ser h\u00edbridos para beneficio institucional, pues su naturaleza no es de aplicar la ley en la mano, sino por la fuerza, como todo militar quien tiene en su mente seguir \u00f3rdenes de su superior. Si la limpieza habr\u00eda de dar resultados, valdr\u00eda la pena  hacer el ejercicio de destituir a los altos  jefes  recomendados y nombrar a polic\u00edas con el perfil y el compromiso en el servicio policiaco.  Los actuales subprocuradores se sienten intocables y lucran con la venia de su jefe directo en Palacio de Gobierno, y  son due\u00f1os actualmente de edificios de despachos jur\u00eddicos, casas en renta y  viven en fraccionamientos exclusivos, con camionetas lujosas en la puerta, sin que nadie le haga un an\u00e1lisis a sus declaraciones patrimoniales.  La desfachatez de uno de estos subprocuradores es  rentarle a la propia Procuradur\u00eda del Estado, oficinas para Agencias Investigadoras y de Conciliaci\u00f3n. Habr\u00eda que barrer desde arriba, pues incluir a 30 militares en la corporaci\u00f3n es como darle una \u201cAspirina\u201d a la Neumon\u00eda\u2026<\/p>\n<p><strong>Los desalojos\u2026 anarqu\u00eda solapada por SPE<\/strong><br \/>Hecho vergonzoso por parte de la Secretar\u00eda de Seguridad P\u00fablica del Estado en su intervenci\u00f3n  del fallido intento de  desalojo  de trabajadores en los talleres de la L\u00ednea de Autotransporte Azteca en Coatepec, Veracruz. Ante  el insuficiente  env\u00edo, de una veintena de polic\u00edas para aplicar el mandato federal judicial en contra de doscientos trabajadores iracundos  y aplicar   el r\u00e1pido desalojo de la propiedad de un  particular, quien ha llevado un v\u00eda crucis durante ocho a\u00f1os para poder desalojar a esta l\u00ednea camionera. Esta acci\u00f3n es el n\u00famero doce en la cuenta y siempre se ha detenido por la furia de los trabajadores  avisados por personal del  juzgado y en otras, la SSP no asiste, a\u00fan cuando el juzgado hace la notificaci\u00f3n correspondiente. La verdadera raz\u00f3n de no ejercer un mandato federal y a\u00fan cuando ha  perdido todas las instancias la l\u00ednea de Autotransportes Azteca, son los compromisos con el partido en el poder,  pues hay que resaltar el servicio y ayuda de la  l\u00ednea Azteca para trasladar a los  acarreados en actos proselitistas del PRI en comunidades apartadas. Son tiempos pol\u00edticos y la necesidad de trasladar a simpatizantes a eventos partidistas para apoyar a candidatos priistas ser\u00e1n la necesidad medular del PRI y sus candidatos. Por eso, este desalojo, al que hubo violaciones al reglamento como agresiones verbales y f\u00edsicas, obstrucci\u00f3n a un mandato  federal,  da\u00f1os  y bloqueos  a las  v\u00edas de comunicaci\u00f3n, son delitos graves para realizar detenciones inmediatamente. En este  fallido desalojo, no hubo detenidos, varios heridos y el obvio  solapamiento por parte de la Secretar\u00eda de Seguridad P\u00fablica, al mandar a 20 elementos a que los agredieran por la mayor\u00eda iracunda. Nadie debe estar fuera de la ley y por eso se hicieron  para ser aplicadas. No omitir a compadres, amigos y clientes, pues ante esto, la ciudadan\u00eda ya no acatar\u00e1 la ley, predominando la anarqu\u00eda\u2026 Sucesos como \u00e9stos,  deben evitarse, pues los veracruzanos est\u00e1n cansados de tanta ineptitud disfrazada por parte de los  jefes policiacos\u2026<\/p>\n<p><strong>Mesa de G\u00f3mez fue visitada por  Fidel Herrera\u2026<\/strong><br \/>Ante los constantes robos en la congregaci\u00f3n de Mesa de G\u00f3mez, municipio de San Andr\u00e9s Tlalnelhuayocan, el Gobernador Fidel Herrera Beltr\u00e1n  se present\u00f3 a las 9 de la noche del lunes pasado,  para dialogar con los vecinos, quienes son profesionistas, catedr\u00e1ticos de la Universidad Veracruzana e investigadores acad\u00e9micos,  entre otros  y ya est\u00e1n cansados de tanto robo a sus residencias sin que la polic\u00eda Intermunicipal  y la Montada hagan algo al respecto. Una de las agraviadas, una prestigiada doctora, se\u00f1al\u00f3 al ejecutivo estatal, los contantes robos sin que haya la vigilancia adecuada. El propio mandatario estatal se comprometi\u00f3 en realizar acciones inmediatas y una investigaci\u00f3n exhaustiva para su localizaci\u00f3n. Lo incre\u00edble de esto, fueron dos comentarios que hizo el Gobernador Fidel Herrera Beltr\u00e1n: Uno, dar instrucciones a  una asistente, v\u00eda celular, de colocar tel\u00e9fonos en esta congregaci\u00f3n, a escasos cuatro kil\u00f3metros del Fraccionamiento Coapexpan y dos, hacer el comentario a los vecinos de su inter\u00e9s de erradicar  los robos, pues \u00e9l mismo dijo: \u201cA m\u00ed me donaron un terreno por este rumbo y me gustar\u00eda m\u00e1s adelante vivir por aqu\u00ed\u201d. Ante esta revelaci\u00f3n, los vecinos se preguntan en d\u00f3nde est\u00e1 dicho terreno o si ya cuenta con una casita cercana al r\u00edo Pixquiac. \u00c9ste regalo al ejecutivo estatal, puede beneficiar a una comunidad marginada, la cual no cuenta con caminos amplios y  prometieron la construcci\u00f3n de cuatro kil\u00f3metros con dos carriles, siendo que s\u00f3lo hicieron 400 metros. Tampoco, TELMEX ni la Secretar\u00eda de Comunicaciones han instalado la  l\u00ednea telef\u00f3nica, peor a\u00fan, la luz lleg\u00f3 a penas hace a\u00f1o y medio con la compra de transformadores por parte de los vecinos, cuando esta comunidad est\u00e1 a  tan s\u00f3lo  diez minutos de Xalapa. Incre\u00edble ser\u00eda, que  si en \u00e9stas condiciones, nuestro Gobernador formara parte de la comunidad de Mesa de G\u00f3mez y  Rancho Viejo, con las carencias descritas. \u00bfPodr\u00eda Fidel Herrera volver a las carencias de su ni\u00f1ez?\u2026 No lo creo\u2026<\/p>\n","protected":false},"excerpt":{"rendered":"<p>Claudia Guerrero Mart\u00ednezEntre lo ut\u00f3pico y lo verdadero La noticia de la capacitaci\u00f3n de 30 militares en la Academia Estatal de Polic\u00eda, ha causado malestar y desacuerdo. Esto no ser\u00eda trascendental si no se hubiesen integrado a la Polic\u00eda Ministerial del Estado y \u201cmeterlos como dolor de muela\u201d en esta instituci\u00f3n que no cuenta con [&hellip;]<\/p>\n","protected":false},"author":1,"featured_media":0,"comment_status":"open","ping_status":"open","sticky":false,"template":"","format":"standard","meta":{"_jetpack_newsletter_access":"","_jetpack_dont_email_post_to_subs":false,"_jetpack_newsletter_tier_id":0,"_jetpack_memberships_contains_paywalled_content":false,"_jetpack_memberships_contains_paid_content":false,"footnotes":""},"categories":[1],"tags":[],"class_list":["post-8940","post","type-post","status-publish","format-standard","hentry","category-sin-categoria"],"jetpack_featured_media_url":"","jetpack_sharing_enabled":true,"jetpack_shortlink":"https:\/\/wp.me\/p4Qcd3-2kc","_links":{"self":[{"href":"https:\/\/lospoliticosveracruz.com.mx\/index.php?rest_route=\/wp\/v2\/posts\/8940","targetHints":{"allow":["GET"]}}],"collection":[{"href":"https:\/\/lospoliticosveracruz.com.mx\/index.php?rest_route=\/wp\/v2\/posts"}],"about":[{"href":"https:\/\/lospoliticosveracruz.com.mx\/index.php?rest_route=\/wp\/v2\/types\/post"}],"author":[{"embeddable":true,"href":"https:\/\/lospoliticosveracruz.com.mx\/index.php?rest_route=\/wp\/v2\/users\/1"}],"replies":[{"embeddable":true,"href":"https:\/\/lospoliticosveracruz.com.mx\/index.php?rest_route=%2Fwp%2Fv2%2Fcomments&post=8940"}],"version-history":[{"count":0,"href":"https:\/\/lospoliticosveracruz.com.mx\/index.php?rest_route=\/wp\/v2\/posts\/8940\/revisions"}],"wp:attachment":[{"href":"https:\/\/lospoliticosveracruz.com.mx\/index.php?rest_route=%2Fwp%2Fv2%2Fmedia&parent=8940"}],"wp:term":[{"taxonomy":"category","embeddable":true,"href":"https:\/\/lospoliticosveracruz.com.mx\/index.php?rest_route=%2Fwp%2Fv2%2Fcategories&post=8940"},{"taxonomy":"post_tag","embeddable":true,"href":"https:\/\/lospoliticosveracruz.com.mx\/index.php?rest_route=%2Fwp%2Fv2%2Ftags&post=8940"}],"curies":[{"name":"wp","href":"https:\/\/api.w.org\/{rel}","templated":true}]}}