{"id":8941,"date":"2009-03-30T16:36:00","date_gmt":"2009-03-30T16:36:00","guid":{"rendered":"http:\/\/www.lospoliticosveracruz.com.mx\/?p=8941"},"modified":"2014-10-08T19:27:02","modified_gmt":"2014-10-08T19:27:02","slug":"david-trascendera-por-la-obra","status":"publish","type":"post","link":"https:\/\/lospoliticosveracruz.com.mx\/?p=8941","title":{"rendered":"David trascender\u00e1 por la obra"},"content":{"rendered":"<blockquote><p>* El antes y el despu\u00e9s de Fidel<br \/>* Icatver, lista para la refiner\u00eda<\/p><\/blockquote>\n<p><strong>Jos\u00e9 Ortiz Medina<\/strong><br \/><em>En corto&#8230; sin cortes<\/em><\/p>\n<p>La administraci\u00f3n de David Velasco Chedraui est\u00e1 cumpliendo el compromiso de realizar la obra p\u00fablica en las congregaciones del municipio en donde muchas veces ni siquiera eran visitadas por un alcalde. Ahora, todo es distinto. Por ejemplo, el Presidente Municipal destinar\u00e1 m\u00e1s de 20 millones de pesos para la realizaci\u00f3n de diversas obras en las cinco congregaciones y la zona rural de la ciudad.<br \/>Y hace poco, David Velasco Chedraui acudi\u00f3 a las congregaciones para dar el banderazo a diversas obras como la construcci\u00f3n de una cancha de usos m\u00faltiples en la localidad de San Antonio Paso del Toro donde tambi\u00e9n se pretende pavimentar la calle principal, principal demanda de la poblaci\u00f3n. <br \/>Adem\u00e1s, a trav\u00e9s de la Comisi\u00f3n Municipal de Agua y Saneamiento con el Ayuntamiento tambi\u00e9n trabajan en la construcci\u00f3n de la red de drenaje de la localidad de San Antonio Paso del Toro, destacando que el a\u00f1o pasado se invirtieron 800 mil pesos en las acciones de introducci\u00f3n del drenaje sanitario que continuar\u00edan en el presente ejercicio para concluir la obra en el 2010.<br \/>El proyecto de obra para San Antonio Paso del Toro comprende la introducci\u00f3n del drenaje y la pavimentaci\u00f3n de la calle principal, donde se invertir\u00e1n 3 millones de pesos, adem\u00e1s de la cancha de usos m\u00faltiples, a la cual se destinar\u00e1n 600 mil pesos.<br \/>Tambi\u00e9n se beneficia a la localidad de Las Cruces, perteneciente a la congregaci\u00f3n de El Castillo, donde el mun\u00edcipe destac\u00f3 el impulso al deporte con la construcci\u00f3n de una cancha de usos m\u00faltiples. <br \/>Al respecto, David Velasco Chedraui se ha comprometido a realizar un cambio radical en la ciudad con los recursos federales y estatales gestionados con el apoyo del gobernador Fidel Herrera Beltr\u00e1n, por lo que su administraci\u00f3n trabajar\u00e1 para el desarrollo y progreso de las congregaciones.<br \/>As\u00ed, para la colonia Arboledas de Xalapa y Valle de Cristal, tambi\u00e9n hay obra p\u00fablica, donde ya se construyen avenidas con pavimento hidr\u00e1ulico en las que se invierten 2 millones 199 mil 943 pesos, as\u00ed como en la calle Municipal de la colonia 7 de Noviembre, se coloc\u00f3 la primera piedra de la construcci\u00f3n del pavimento hidr\u00e1ulico, obra en la que se invertir\u00e1n 2 millones 493 mil 906 pesos. <br \/>Pero eso no es todo. Ah\u00ed est\u00e1 el apoyo que brinda la comuna local a diversas escuelas como son la Telesecundaria \u201cRevoluci\u00f3n Mexicana\u201d, la colonia M\u00e9xico, la escuela primaria Francisco Ramos, as\u00ed como en el Jard\u00edn de Ni\u00f1os Juan de la Luz Enr\u00edquez, de la colonia Lomas del Sede\u00f1o y la Telesecundaria \u201cJuan Torres Bodet\u201d, en las que se construyen cercados perimetrales.<br \/>De esta manera Velasco Chedraui refrenda su compromiso de que su administraci\u00f3n trascender\u00e1 por la obra p\u00fablica y con el apoyo del gobernador Fidel Herrera la ciudad se transformar\u00e1 completamente.  <\/p>\n<p>INTERESANTE sin duda el discurso que pronunci\u00f3 ayer Javier Duarte de Ochoa durante la convenci\u00f3n de delegados en la que fue elegido candidato a diputado federal por el distrito de C\u00f3rdoba. El ex titular de Sefiplan destac\u00f3 que en Veracruz se ha construido una nueva manera de hacer pol\u00edtica y gobierno. Subray\u00f3 que la Fidelidad ha convertido al estado en fortaleza esencial de M\u00e9xico, y bajo esa consigna el PRI  est\u00e1 preparado para ganar y responder a M\u00e9xico, un pa\u00eds que reclama di\u00e1logo constructivo, acciones firmes y efectivas que resuelvan la compleja problem\u00e1tica que hoy como naci\u00f3n enfrentamos. Asimismo, festej\u00f3 el \u00e1nimo  festivo  de la convenci\u00f3n distrital que revela, dijo, la confianza, emoci\u00f3n y compromiso de los priistas por pertenecer al mismo partido en el que milita un hombre que ha transformado a Veracruz. El aspirante a la diputaci\u00f3n federal sostuvo que  la historia de nuestro estado \u201ca partir de este Gobierno, se dividir\u00e1 para su an\u00e1lisis hist\u00f3rico en el Veracruz de antes de Fidel Herrera y el Veracruz que construy\u00f3 Fidel Herrera\u201d. Y tras ratificar su lealtad incondicional, cari\u00f1o y afecto al mandatario estatal a quien calific\u00f3  como el  l\u00edder,  gu\u00eda,  ejemplo y  principal activo del partido, afirm\u00f3 que bajo su tutela pol\u00edtica  se han sentado las bases del Veracruz del futuro. \u201cEl Veracruz de Fidel Herrera Beltr\u00e1n es s\u00edmbolo de una administraci\u00f3n p\u00fablica moderna y ordenada; una econom\u00eda competitiva, con finanzas p\u00fablicas sanas\u201d. Es por ello que &#8211;expres\u00f3 el candidato priista&#8211;  nadie puede ni debe dudar de la fortaleza  de la Fidelidad.<\/p>\n<p>NO HAY PEOR ciego que el que no quiere ver. Esto viene a colaci\u00f3n porque hay sobradas razones para que Tuxpan sea la sede de la nueva refiner\u00eda. Pero habr\u00e1 que esperar el veredicto final. Ojal\u00e1 que pesen m\u00e1s los criterios t\u00e9cnicos por encima de los pol\u00edticos. Y para que vean que Veracruz est\u00e1 preparado para esa posibilidad, vale destacar las recientes declaraciones de Iresine Calzada Rivera, directora gneral del Instituto de Capacitaci\u00f3n para el Trabajo del Estado de Veracruz quien afirm\u00f3 que el Instituto que dirige se encuentra listo ante la posibilidad de la construcci\u00f3n de la refiner\u00eda de Pemex en tierras tuxpe\u00f1as. Al ser cuestionada sobre la participaci\u00f3n del Icatver en este tema, Calzada Rivera se\u00f1al\u00f3: \u201cTal como lo inform\u00f3 recientemente el se\u00f1or Gobernador, el Instituto cuenta en estos momentos con una relaci\u00f3n estrecha con Pemex, ya que a trav\u00e9s de algunos planteles  en el estado, hemos brindado capacitaci\u00f3n en distintas \u00e1reas \u00edntimamente relacionadas con la industria petroqu\u00edmica\u201d.<\/p>\n","protected":false},"excerpt":{"rendered":"<p>* El antes y el despu\u00e9s de Fidel* Icatver, lista para la refiner\u00eda Jos\u00e9 Ortiz MedinaEn corto&#8230; sin cortes La administraci\u00f3n de David Velasco Chedraui est\u00e1 cumpliendo el compromiso de realizar la obra p\u00fablica en las congregaciones del municipio en donde muchas veces ni siquiera eran visitadas por un alcalde. Ahora, todo es distinto. Por [&hellip;]<\/p>\n","protected":false},"author":1,"featured_media":0,"comment_status":"open","ping_status":"open","sticky":false,"template":"","format":"standard","meta":{"_jetpack_newsletter_access":"","_jetpack_dont_email_post_to_subs":false,"_jetpack_newsletter_tier_id":0,"_jetpack_memberships_contains_paywalled_content":false,"_jetpack_memberships_contains_paid_content":false,"footnotes":""},"categories":[1],"tags":[],"class_list":["post-8941","post","type-post","status-publish","format-standard","hentry","category-sin-categoria"],"jetpack_featured_media_url":"","jetpack_sharing_enabled":true,"jetpack_shortlink":"https:\/\/wp.me\/p4Qcd3-2kd","_links":{"self":[{"href":"https:\/\/lospoliticosveracruz.com.mx\/index.php?rest_route=\/wp\/v2\/posts\/8941","targetHints":{"allow":["GET"]}}],"collection":[{"href":"https:\/\/lospoliticosveracruz.com.mx\/index.php?rest_route=\/wp\/v2\/posts"}],"about":[{"href":"https:\/\/lospoliticosveracruz.com.mx\/index.php?rest_route=\/wp\/v2\/types\/post"}],"author":[{"embeddable":true,"href":"https:\/\/lospoliticosveracruz.com.mx\/index.php?rest_route=\/wp\/v2\/users\/1"}],"replies":[{"embeddable":true,"href":"https:\/\/lospoliticosveracruz.com.mx\/index.php?rest_route=%2Fwp%2Fv2%2Fcomments&post=8941"}],"version-history":[{"count":0,"href":"https:\/\/lospoliticosveracruz.com.mx\/index.php?rest_route=\/wp\/v2\/posts\/8941\/revisions"}],"wp:attachment":[{"href":"https:\/\/lospoliticosveracruz.com.mx\/index.php?rest_route=%2Fwp%2Fv2%2Fmedia&parent=8941"}],"wp:term":[{"taxonomy":"category","embeddable":true,"href":"https:\/\/lospoliticosveracruz.com.mx\/index.php?rest_route=%2Fwp%2Fv2%2Fcategories&post=8941"},{"taxonomy":"post_tag","embeddable":true,"href":"https:\/\/lospoliticosveracruz.com.mx\/index.php?rest_route=%2Fwp%2Fv2%2Ftags&post=8941"}],"curies":[{"name":"wp","href":"https:\/\/api.w.org\/{rel}","templated":true}]}}