{"id":8943,"date":"2009-03-28T00:35:00","date_gmt":"2009-03-28T00:35:00","guid":{"rendered":"http:\/\/www.lospoliticosveracruz.com.mx\/?p=8943"},"modified":"2014-10-08T19:27:02","modified_gmt":"2014-10-08T19:27:02","slug":"una-hora-de-tinieblas","status":"publish","type":"post","link":"https:\/\/lospoliticosveracruz.com.mx\/?p=8943","title":{"rendered":"\u00a1Una hora de tinieblas!"},"content":{"rendered":"<p><strong>Salvador Mu\u00f1oz<\/strong><br \/><em>Los Pol\u00edticos<\/em><\/p>\n<p>Antes de entrar en materia, dos cosas: Excelente cobertura de RTV en la exposici\u00f3n de motivos de Fidel Herrera Beltr\u00e1n ante Pemex y la secretaria de Energ\u00eda en el Foro donde se debate la ubicaci\u00f3n de la nueva refiner\u00eda. La segunda cosa: \u00a1Felicidades al Gobernador! En serio que, junto con el equipo que fue, luci\u00f3 y se mostr\u00f3 como lo que es, un pol\u00edtico que hace que Veracruz se sienta orgulloso porque su presentaci\u00f3n nos enaltece a todos\u2026 Siendo localistas, podemos decir que \u00a1tenemos la refiner\u00eda en la bolsa!<br \/>Ahora s\u00ed\u2026<br \/>\u00bfA qui\u00e9n le gustan las tinieblas?<br \/>En lo particular, a m\u00ed no\u2026 lo primero que evoco de las tinieblas es Orizaba en agosto de 1973.<br \/>Ten\u00eda aproximados cuatro a\u00f1os y me despert\u00f3 el rugir de la tierra.<br \/>Dicen que eran las cuatro de la ma\u00f1ana\u2026 no s\u00e9, lo \u00fanico que percib\u00eda era una oscuridad total y ese ruido, estruendo, tronido que produc\u00eda la tierra \u00a1y no ve\u00eda a nadie!<br \/>Una luz muy leve, intentando penetrar esa oscuridad, me dijo que me esperara y tranquilizara, que en unos momentos regresaba por  m\u00ed, porque ya para ese momento ten\u00eda miedo y lloraba pero en mi angustia, no entend\u00eda por qu\u00e9 esa mujer que me hablaba en la oscuridad me dejaba.<br \/>O\u00ed a mi prima Maru\u2026 igual lloraba. Estaba junto a m\u00ed pero no me hab\u00eda percatado de su presencia, \u00a1estaba aterrado! estoy seguro que le dije a esa mujer \u2013que no era mi madre\u2026 por cierto \u00bfd\u00f3nde estaba?\u2013 que no me dejara, que me llevara y me sujet\u00e9 a ella con toda la fuerza que es capaz de tener dos brazos de un ni\u00f1o de cuatro a\u00f1os\u2026<br \/>Sent\u00ed su enojo, su molestia pero no lo pude ver por esas tinieblas que cubr\u00edan esa noche a Orizaba. No obstante, esa mujer me levant\u00f3 y me llev\u00f3 en sus brazos junto a mi prima.<br \/>Desconozco a d\u00f3nde me llev\u00f3 y de igual manera no s\u00e9 qu\u00e9 pas\u00f3 despu\u00e9s\u2026 quiz\u00e1s me tranquilic\u00e9 y me dorm\u00ed y no recuerdo el d\u00eda siguiente. S\u00f3lo mis recuerdos mantienen ese despertar tan brusco en las tinieblas de ese 28 de agosto de 1973.<br \/>A\u00f1os despu\u00e9s entend\u00ed que mi t\u00eda Queta, esa mujer que me ped\u00eda tranquilidad, estaba reci\u00e9n operada y no pod\u00eda cargar a nadie, \u00a1pero nos carg\u00f3 a los dos! Cosas de la vida\u2026<br \/>A la oscuridad dej\u00e9 de perderle miedo cuando me di cuenta que a veces, es mejor estar en su cobijo m\u00e1s que en la luz. Incluso, en las madrugadas de joven bohemio, evitaba caminar bajo haces luminosos que advirtieran mi presencia a esos amigos nocturnos que piden \u201ccoperacha pa\u2019 la chela\u201d.<br \/>Es natural el miedo a la oscuridad m\u00e1s en una sociedad como la nuestra donde desde nuestra religi\u00f3n m\u00e1s com\u00fan, las tinieblas est\u00e1n asociadas al mal.<br \/>Pero \u00bfa poco no es mejor a veces un poco de oscuridad ante cosas tan absurdas que vivimos en el d\u00eda como por ejemplo\u2026<br \/>*Que Elvis Crespo, el cantante de \u201cSuavemente\u201d, lo hayan agarrado en pleno vuelo masturb\u00e1ndose?<br \/>*O que el ni\u00f1o brit\u00e1nico de 13 a\u00f1os que romp\u00eda el r\u00e9cord de ser el padre m\u00e1s peque\u00f1o de edad, ahora sea el \u201ccornamentado\u201d m\u00e1s peque\u00f1o de edad al descubrir, tras una prueba de ADN, que ese ni\u00f1o no es suyo? \u00a1Oye Sorullo!<br \/>*Que en un arranque de rabia, el (a\u00fan) director de Tr\u00e1nsito del Estado, Homero Gamboa, \u201ccastig\u00f3\u201d a sus cuatro subdirectores con cinco d\u00edas sin goce de sueldo?<br \/>*Que el dirigente del PVEM estatal, Eduardo Aubry, les haya ganado el clavado a Jer\u00f3nimo Folgueras y Manuel Lila de Arce, en las playas de Veracruz? pero sin af\u00e1n protag\u00f3nico, seg\u00fan dice.<br \/>*Que un reportero le haya dicho a Silvio Rodr\u00edguez que improvisa sus canciones?<br \/>*Que insistan las autoridades educativas en poner a los ni\u00f1os al sol, hasta desmayarse, cada vez que hay un acto del Gobernador, como en la secundaria Jos\u00e9 Azueta, del puerto jarocho?<br \/>Sin embargo, hoy, este s\u00e1bado 28, es la gran oportunidad de reconciliarnos si no con las tinieblas (que nos provocan algunos pol\u00edticos o hasta mismos medios de difusi\u00f3n), al menos con la oscuridad que nos permee al apagar esas l\u00e1mparas, luces o focos de nuestro hogar, establecimiento o casa.<br \/>La organizaci\u00f3n mundial de conservaci\u00f3n World Wildlife Fund, invita a todo el mundo (literalmente escribiendo): individuos, empresas, gobiernos y organizaciones, a que este s\u00e1bado 28 de marzo, apaguen sus luces durante una hora.<br \/>Por favor, coopere\u2026 asuma el compromiso y preocupaci\u00f3n ante el cambio clim\u00e1tico que vive nuestro Planeta.<br \/>Demos un descanso a nuestra madre, a Gaia, estamos a tiempo de hacer muchas cosas por ella.<br \/>As\u00ed que, haga como los ayuntamientos de Veracruz, Minatitl\u00e1n y Xalapa, apague esas luces\u2026 y si est\u00e1 en casa, aproveche, encu\u00e9ntrele el lado rom\u00e1ntico al asunto y abrace a la se\u00f1ora, o usted se\u00f1ora, p\u00f3ngase \u201cchenchual\u201d para su viejo, ahora s\u00ed, al ritmo de Elvis Crespo \u201c\u00a1Suavementeee!\u201d\u2026 ver\u00e1 que las tinieblas no son malas como parecen.<\/p>\n","protected":false},"excerpt":{"rendered":"<p>Salvador Mu\u00f1ozLos Pol\u00edticos Antes de entrar en materia, dos cosas: Excelente cobertura de RTV en la exposici\u00f3n de motivos de Fidel Herrera Beltr\u00e1n ante Pemex y la secretaria de Energ\u00eda en el Foro donde se debate la ubicaci\u00f3n de la nueva refiner\u00eda. La segunda cosa: \u00a1Felicidades al Gobernador! En serio que, junto con el equipo [&hellip;]<\/p>\n","protected":false},"author":1,"featured_media":0,"comment_status":"open","ping_status":"open","sticky":false,"template":"","format":"standard","meta":{"_jetpack_newsletter_access":"","_jetpack_dont_email_post_to_subs":false,"_jetpack_newsletter_tier_id":0,"_jetpack_memberships_contains_paywalled_content":false,"_jetpack_memberships_contains_paid_content":false,"footnotes":""},"categories":[1],"tags":[],"class_list":["post-8943","post","type-post","status-publish","format-standard","hentry","category-sin-categoria"],"jetpack_featured_media_url":"","jetpack_sharing_enabled":true,"jetpack_shortlink":"https:\/\/wp.me\/p4Qcd3-2kf","_links":{"self":[{"href":"https:\/\/lospoliticosveracruz.com.mx\/index.php?rest_route=\/wp\/v2\/posts\/8943","targetHints":{"allow":["GET"]}}],"collection":[{"href":"https:\/\/lospoliticosveracruz.com.mx\/index.php?rest_route=\/wp\/v2\/posts"}],"about":[{"href":"https:\/\/lospoliticosveracruz.com.mx\/index.php?rest_route=\/wp\/v2\/types\/post"}],"author":[{"embeddable":true,"href":"https:\/\/lospoliticosveracruz.com.mx\/index.php?rest_route=\/wp\/v2\/users\/1"}],"replies":[{"embeddable":true,"href":"https:\/\/lospoliticosveracruz.com.mx\/index.php?rest_route=%2Fwp%2Fv2%2Fcomments&post=8943"}],"version-history":[{"count":0,"href":"https:\/\/lospoliticosveracruz.com.mx\/index.php?rest_route=\/wp\/v2\/posts\/8943\/revisions"}],"wp:attachment":[{"href":"https:\/\/lospoliticosveracruz.com.mx\/index.php?rest_route=%2Fwp%2Fv2%2Fmedia&parent=8943"}],"wp:term":[{"taxonomy":"category","embeddable":true,"href":"https:\/\/lospoliticosveracruz.com.mx\/index.php?rest_route=%2Fwp%2Fv2%2Fcategories&post=8943"},{"taxonomy":"post_tag","embeddable":true,"href":"https:\/\/lospoliticosveracruz.com.mx\/index.php?rest_route=%2Fwp%2Fv2%2Ftags&post=8943"}],"curies":[{"name":"wp","href":"https:\/\/api.w.org\/{rel}","templated":true}]}}