{"id":89443,"date":"2022-05-04T10:08:38","date_gmt":"2022-05-04T15:08:38","guid":{"rendered":"https:\/\/lospoliticosveracruz.com.mx\/?p=89443"},"modified":"2022-05-04T10:08:46","modified_gmt":"2022-05-04T15:08:46","slug":"gobiernos-resultados-y-pendientes-aciertos-y-errores","status":"publish","type":"post","link":"https:\/\/lospoliticosveracruz.com.mx\/?p=89443","title":{"rendered":"Gobiernos: resultados y pendientes; aciertos y errores"},"content":{"rendered":"\n<p><br><strong>Rafael Arias Hern\u00e1ndez<\/strong><\/p>\n\n\n\n<p><em>Mutatis mutandis<\/em><br><br><\/p>\n\n\n\n<p>De entrada, importante tener presente y nunca olvidar, que los gobernantes, salvo contadas excepciones, no entienden ni atienden bien y a tiempo, la Econom\u00eda. Mucho menos la de hoy, m\u00e1s extensa, intensa y compleja; individualizada y globalizada, simplificada y tecnificada, tanto en una realidad real, como en una realidad virtual.<br>Demasiados, en su ef\u00edmero tiempo en el poder p\u00fablico, tampoco logran superar, el empobrecimiento creciente de la poblaci\u00f3n, aunque la pol\u00edtica de m\u00e1s y mayores programas sociales se hace presente, con reconocidas contenciones, lo cierto es que no logran alcanzar soluciones definitivas, de larga duraci\u00f3n y alcances. La inflaci\u00f3n presente y creciente, es uno de los ejemplos, de las limitaciones y errores gubernamentales frecuentes.<br>Cumplir con responsabilidades de fortalecer la Econom\u00eda, exige entre otros aspectos, garantizar crecimiento econ\u00f3mico, fuentes de trabajo, sueldos y salarios dignos y, desde luego, apoyo a empresarios y sus diversos mercados.<br>Se sabe que, desatendidas causas y or\u00edgenes, los efectos se hacen presentes y crecientes, sobresaliendo tanto la inocultable violencia, como la inseguridad p\u00fablica, la desolaci\u00f3n persistente, que sostienen y fortalecen incertidumbre e inestabilidad, insuficiencia e incapacidad, mismas que afectan a m\u00e1s y m\u00e1s, millones de personas.<br>Por si fuera poco, cuando menos, otros tres aspectos se complican, incrementando conflictos y problemas: primero, destaca la inflaci\u00f3n presente y en aumento, que incrementa el empobrecimiento general, ya que propicia p\u00e9rdida de capacidad de pago y reducci\u00f3n de ingresos, salarios y utilidades reales; segundo, la ingobernabilidad ocasionada por ineficientes y corruptos, que se caracteriza por insuficiencia y falta de recursos p\u00fablicos, y por la notoria falta de pol\u00edticas econ\u00f3micas actualizadas y efectivas, reducidas a repetidas y conocidas declaraciones y repetidos discursos oficiales; y tercero, la inconformidad ciudadana y social que, ante m\u00e1s y mejores t\u00e9cnicas y formas de comunicaci\u00f3n individual y colectiva, se organiza, moviliza y hace presente.<br>Se incrementan afectados, limitados y sacrificados, ante un sinf\u00edn de causas y razones, que sufren y padecen, que los afectan y alertan, organizan y movilizan, ocasionando o facilitando sus cada vez mayores y m\u00e1s frecuentes manifestaciones y movilizaciones, de inconformidad y protesta.<br>As\u00ed, en esta realidad concreta, inflaci\u00f3n, ingobernabilidad y organizaci\u00f3n y movilizaci\u00f3n popular, incrementan y complican el esfuerzo individual y social; m\u00e1s a\u00fan, cuando por desatenci\u00f3n, indisposici\u00f3n o mala atenci\u00f3n; o por simple falta de atenci\u00f3n y soluci\u00f3n gubernamental, se preservan, y hasta fortalecen dificultades y problemas, conflictos y obst\u00e1culos.<br>De entrada, se sabe qu\u00e9 hay m\u00e1s hambre y pobreza; que se vive y reconoce, encarecimiento y carest\u00eda crecientes; y, concretamente, que lo que se gana y obtiene, pierde capacidad de compra y reduce cantidad y calidad de lo que se puede adquirir. Lo peor es que una poblaci\u00f3n en aumento (se estima que cuando menos el 40%) no cuenta con lo suficiente para obtener la canasta b\u00e1sica alimentaria. En pocas palabras, cada vez m\u00e1s tienen menos y padecen mayores limitaciones y sacrificios.<br>\u00bfCu\u00e1ntos cuentan, en la zona urbana con los casi $2,000, y en la zona rural con los casi $1,500, para la canasta b\u00e1sica alimentaria?<br>As\u00ed, la realidad real, esto es lo que se vive y enfrenta d\u00eda con d\u00eda, exige una intervenci\u00f3n verdadera y efectiva de todos los \u00e1mbitos de gobierno (federal, estatal y municipal).<br>Y tambi\u00e9n requiere, cambios verdaderos y pertinentes en las pol\u00edticas, programas y actividades gubernamentales.<br>Empezando por identificar el buen trabajo realizado, los logros y avances obtenidos, y las ventajas y oportunidades ganadas. Es probable que no sea mucho lo positivo, frente a lo negativo; pero aqu\u00ed lo importante es defender y fortalecer lo que se consigue, con base en tanto esfuerzo y sacrificio.<br>Importante conocer lo que se intenta hacer; imprescindible analizar y comprobar que lo que se anuncia, no queda solo en palabras.<br>La pol\u00edtica gubernamental en general y la econ\u00f3mica en particular, exige hechos y resultados positivos comprobables.<br>No m\u00e1s opacidad y rapacidad, ni simulaci\u00f3n y enga\u00f1os. No m\u00e1s abuso de presupuestos oficiales, inundados de inconsistencias y fallas, deudas y subejercicios. No m\u00e1s rollo del desarrollo; ni discursos inundados de buenas intenciones y pocos o nulos buenos resultados. Ni vamos bien ni viene lo mejor; urge reorientar y fortalecer, acci\u00f3n y reacci\u00f3n, iniciativa y coordinaci\u00f3n, de todos \u00e1mbitos de gobierno.<br>Tiempos de obligado crecimiento y comprobada reactivaci\u00f3n. No m\u00e1s estancamiento y decrecimiento. Los gobiernos deben ser de buenos resultados; indispensable conocer planes y programas para, sin excepci\u00f3n, evaluarlos y comprobarlos. \u00bfPlanes, programas y acciones con buenos resultados? \u00bfSirve o no sirve, lo que se anuncia y pone en pr\u00e1ctica?<br>La democracia cambia y ayuda a cambiar a la sociedad que la sostiene y fortalece, as\u00ed como a la naturaleza humana que es, propiamente, su origen y destino.<br>Vivir en Democracia, sostenerla y fortalecerla exige continuar, sostener y ampliar, el ancestral esfuerzo, que en la actualidad involucra otras perspectivas y fundamentos. Activar y reactivar, requiere de continuar y sostener, de evaluar y comprobar, para fortalecer y mejorar. Objetividad y disposici\u00f3n para conocer y reconocer lo bueno y lo malo, lo hecho y lo pendiente. El esfuerzo nunca termina.<\/p>\n\n\n\n<p>-Academico.IIESESUV @RafaelAriasH,Facebook:VeracruzHoydeRafaelAriasH<\/p>\n","protected":false},"excerpt":{"rendered":"<p>Rafael Arias Hern\u00e1ndez Mutatis mutandis De entrada, importante tener presente y nunca olvidar, que los gobernantes, salvo contadas excepciones, no entienden ni atienden bien y a tiempo, la Econom\u00eda. Mucho menos la de hoy, m\u00e1s extensa, intensa y compleja; individualizada y globalizada, simplificada y tecnificada, tanto en una realidad real, como en una realidad virtual.Demasiados, [&hellip;]<\/p>\n","protected":false},"author":2,"featured_media":0,"comment_status":"closed","ping_status":"closed","sticky":false,"template":"","format":"standard","meta":{"_jetpack_newsletter_access":"","_jetpack_dont_email_post_to_subs":false,"_jetpack_newsletter_tier_id":0,"_jetpack_memberships_contains_paywalled_content":false,"_jetpack_memberships_contains_paid_content":false,"footnotes":""},"categories":[70],"tags":[618,33148,2228,27553,1026,8032],"class_list":["post-89443","post","type-post","status-publish","format-standard","hentry","category-de-opinion","tag-andres-manuel-lopez-obrador","tag-canasta-basica-alimentaria","tag-economia","tag-inflacion","tag-morena","tag-rafael-arias-hernandez"],"jetpack_featured_media_url":"","jetpack_sharing_enabled":true,"jetpack_shortlink":"https:\/\/wp.me\/p4Qcd3-ngD","_links":{"self":[{"href":"https:\/\/lospoliticosveracruz.com.mx\/index.php?rest_route=\/wp\/v2\/posts\/89443","targetHints":{"allow":["GET"]}}],"collection":[{"href":"https:\/\/lospoliticosveracruz.com.mx\/index.php?rest_route=\/wp\/v2\/posts"}],"about":[{"href":"https:\/\/lospoliticosveracruz.com.mx\/index.php?rest_route=\/wp\/v2\/types\/post"}],"author":[{"embeddable":true,"href":"https:\/\/lospoliticosveracruz.com.mx\/index.php?rest_route=\/wp\/v2\/users\/2"}],"replies":[{"embeddable":true,"href":"https:\/\/lospoliticosveracruz.com.mx\/index.php?rest_route=%2Fwp%2Fv2%2Fcomments&post=89443"}],"version-history":[{"count":1,"href":"https:\/\/lospoliticosveracruz.com.mx\/index.php?rest_route=\/wp\/v2\/posts\/89443\/revisions"}],"predecessor-version":[{"id":89445,"href":"https:\/\/lospoliticosveracruz.com.mx\/index.php?rest_route=\/wp\/v2\/posts\/89443\/revisions\/89445"}],"wp:attachment":[{"href":"https:\/\/lospoliticosveracruz.com.mx\/index.php?rest_route=%2Fwp%2Fv2%2Fmedia&parent=89443"}],"wp:term":[{"taxonomy":"category","embeddable":true,"href":"https:\/\/lospoliticosveracruz.com.mx\/index.php?rest_route=%2Fwp%2Fv2%2Fcategories&post=89443"},{"taxonomy":"post_tag","embeddable":true,"href":"https:\/\/lospoliticosveracruz.com.mx\/index.php?rest_route=%2Fwp%2Fv2%2Ftags&post=89443"}],"curies":[{"name":"wp","href":"https:\/\/api.w.org\/{rel}","templated":true}]}}