{"id":8945,"date":"2009-03-27T03:12:00","date_gmt":"2009-03-27T03:12:00","guid":{"rendered":"http:\/\/www.lospoliticosveracruz.com.mx\/?p=8945"},"modified":"2014-10-08T19:27:02","modified_gmt":"2014-10-08T19:27:02","slug":"silvio-cardenal-y-fidel","status":"publish","type":"post","link":"https:\/\/lospoliticosveracruz.com.mx\/?p=8945","title":{"rendered":"Silvio, Cardenal y Fidel"},"content":{"rendered":"<p><strong>Salvador Mu\u00f1oz<\/strong><br \/><em>Los Pol\u00edticos<\/em><\/p>\n<p>En el Segundo Encuentro de Escritores por la Tierra, organizado por la UV, si ya hab\u00eda euforia por el poeta nicarag\u00fcense Ernesto Cardenal, su amigo Silvio Rodr\u00edguez vino a darle m\u00e1s sabor al caldo.<br \/>Ernesto Cardenal, para ser m\u00e1s claros, es un libertador, un luchador, un idealista, un maestro, un loco, un quijote y un triunfador en la vida.<br \/>Desde mi simplista punto de vista, el aporte de Cardenal al mundo se significa, no tanto por sus versos como por sus actos contra la dictadura. Sus poemas parecieran ser la cereza del pastel.<br \/>Para ubicar a Ernesto Cardenal creo que es m\u00e1s f\u00e1cil si le ponemos estos versitos:<\/p>\n<p><em>Al perderte yo a ti, t\u00fa y yo hemos perdido: \/<br \/>yo, porque t\u00fa eras lo que yo m\u00e1s amaba \/<br \/>y t\u00fa, porque yo era el que te amaba m\u00e1s.<\/p>\n<p>Pero de nosotros dos t\u00fa pierdes m\u00e1s que yo: \/<br \/>porque yo podr\u00e9 amar a otras como te amaba a ti \/<br \/>pero a ti no te amar\u00e1n como te amaba yo.<\/em><\/p>\n<p>\u00bfAhora s\u00ed lo ubica? \u00bfS\u00ed? \u00a1No es cierto! \u00a1Nada m\u00e1s se acuerda del poema! Pero en fin\u2026 el tema es que, si puede, ac\u00e9rquese un poco a Ernesto Cardenal, a sus letras, a su forma de pensar, a su vida e historia\u2026 puede ayudarle mucho.<br \/>Pero le dec\u00eda que de repente apareci\u00f3 Silvio Rodr\u00edguez\u2026 \u00a1a ese s\u00ed lo ubica m\u00e1s f\u00e1cilmente! Los rom\u00e1nticos (no s\u00e9 si idealistas) suspiraron, se emocionaron y festejaron el encuentro de dos grandes hombres que claman la libertad del hombre: All\u00ed, en el Museo de Antropolog\u00eda de Xalapa, Silvio y Ernesto\u2026 \u00a1ah! Y al lado, Fidel Herrera.<br \/>Me permito, a manera de homenaje a Silvio y Ernesto, una \u201centrevista ficticia\u201d al gobernador:<br \/><strong>\u2013\u00a1Qu\u00e9 emoci\u00f3n tener a Ernesto Cardenal! \u00bfno, Gobernador?<\/strong><br \/>\u2013Pues yo me espant\u00e9 un poquito\u2026<br \/><strong>\u2013\u00bfC\u00f3mo?<\/strong><br \/>\u2013Es que a este pinche Lovillo le entend\u00ed que iba estar el Cardenal Ernesto y pens\u00e9 que era Corripio Ahumada\u2026<br \/><strong>\u2013\u00a1Pues s\u00f3lo que con quija!<\/strong><br \/>\u2013No, a quien debemos llamar con quija es a Reyes Heroles\u2026<br \/><strong>\u2013\u00bfAl pap\u00e1?<\/strong><br \/>\u2013No, al hijo\u2026 no ves que ya lo dio por muerto Calder\u00f3n quesque por favorecer a Veracruz en lo de la refiner\u00eda\u2026<br \/><strong>\u2013Bueno, pero no puede negar que ahora s\u00ed nos \u201crefinamos\u201d al tener al poeta Ernesto Cardenal\u2026<\/strong><br \/>\u2013No hables de \u201crefinar\u201d porque se inquieta G\u00e1ndara\u2026<br \/><strong>\u2013\u00bfY eso?<\/strong><br \/>\u2013Es que nom\u00e1s busca pretexto para el \u201crefine\u201d\u2026<br \/><strong>\u2013Bueno\u2026 \u00bfy qu\u00e9 decir de Silvio?<\/strong><br \/>\u2013Pues a como est\u00e1n las cosas, nom\u00e1s que no le saquen sus trapitos de Tr\u00e1nsito ahora que ande en campa\u00f1a\u2026<br \/><strong>\u2013Me refiero al otro Silvio\u2026<\/strong><br \/>\u2013\u00a1Ah! Pues ojal\u00e1 ya haya arreglado los caminos de Monte P\u00edo\u2026 \u00a1ya tenemos Semana Santa encima!<br \/><strong>\u2013Silvio Rodr\u00edguez, se\u00f1or\u2026 Silvio Rodr\u00edguez\u2026<\/strong><br \/>\u2013\u00a1Claro! El maestro Silvio\u2026<br \/><strong>\u2013\u00bfLe gusta la Trova?<\/strong><br \/>\u2013\u00a1Me fascina!<br \/><strong>\u2013\u00bfY qu\u00e9 tanto sabe de la m\u00fasica de Silvio?<\/strong><br \/>\u2013Pues no quiero presumirte, pero hasta hay una canci\u00f3n que se llama \u201cDomingo Rojo\u201d\u2026<br \/><strong>\u2013\u00bfY qu\u00e9 me dice del Unicornio Azul?<\/strong><br \/>\u2013\u00a1Ah\u00ed te fall\u00f3! La canci\u00f3n se llama \u201cUnicornio\u201d\u2026<br \/><strong>\u2013\u00bfEntonces no hay canci\u00f3n para los panistas?<\/strong><br \/>\u2013Yo creo que s\u00ed\u2026 para Germ\u00e1n Mart\u00ednez y la demanda que me puso, yo le cantar\u00eda \u00e9sta: \u201cUn apagado ruido azul\u201d\u2026<br \/><strong>\u2013\u00a1Ah! Es bonita\u2026 \u00bfY a sus candidatos a diputados federales?<\/strong><br \/>\u2013\u201cY tantos huesos chocar\u00e1n\u201d\u2026<br \/><strong>\u2013\u00bfY a sus detractores locales?<\/strong><br \/>\u2013\u201cSue\u00f1o con serpientes\u201d\u2026<br \/><strong>\u2013\u00bfCree que atr\u00e1s de las campa\u00f1as negras est\u00e9 acaso\u2026 Miguel Angel Yunes Linares?<\/strong><br \/>\u2013\u201cMe acosa el cara p\u00e1lida\u201d\u2026<br \/><strong>\u2013\u00bfYa es acoso?<\/strong><br \/>\u2013\u00a1\u201cTe doy una canci\u00f3n\u201d!<br \/><strong>\u2013Ya me hab\u00eda espantado\u2026 Sent\u00ed como\u2026<\/strong><br \/>\u2013\u201cMariposas\u201d\u2026<br \/><strong>\u2013\u00a1Exacto! \u00bfEh? Me sigue diciendo canciones, \u00bfverdad? A ver\u2026 \u00bfqu\u00e9 canci\u00f3n le dedicar\u00eda a Pe\u00f1a Nieto?<\/strong><br \/>\u2013\u201cLa Gaviota\u201d\u2026<br \/><strong>\u2013\u00a1Ahhh! Buena elecci\u00f3n\u2026 \u00bfy a Duarte?<\/strong><br \/>\u2013\u201cCanci\u00f3n del Elegido\u201d\u2026<br \/><strong>\u2013Bueno, saliendo del tema, \u00bfqu\u00e9 opina del foro del presidente Calder\u00f3n?<\/strong><br \/>\u2013\u201cEl necio\u201d\u2026<br \/><strong>\u2013\u00bfEs otra canci\u00f3n?<\/strong><br \/>\u2013S\u00ed\u2026<br \/><strong>\u2013Pero no me dice nada de la refiner\u00eda\u2026 \u00bfcree que quede en Tuxpan?<\/strong><br \/>\u2013\u201cOjal\u00e1\u201d\u2026<br \/><strong>\u2013Mejor dejemos un poquito a Silvio\u2026 hablemos de Ernesto Cardenal\u2026 \u00bfqu\u00e9 le parece este sacerdote?<\/strong><br \/>\u2013Es totalmente priista\u2026 ya ves que \u201cDesde la Fe\u201d madrean al partido\u2026 \u00a1\u00e9ste no!<br \/><strong>\u2013\u00bfPriista? \u00bfY eso?<\/strong><br \/>\u2013Pues dicen que es Sandinista\u2026<br \/><strong>\u2013\u00bfY qu\u00e9 tiene que ver el caudillo con los priistas?<\/strong><br \/>\u2013\u00bfPues qu\u00e9 no pertenece Ernesto Cardenal a la orden de \u201cSan Dino\u201d\u2026 el santo de los priistas?<br \/><strong>\u2013\u00a1Ese ser\u00e1 San Dinosaurio! Pero ya para acabar\u2026 \u00bfYa sabe qu\u00e9 canci\u00f3n le vamos a dedicar cuando se vaya?<\/strong><br \/>\u2013No<br \/><strong>\u2013\u00a1\u201cSin tu latido\u201d!<\/strong><\/p>\n<p><strong>*A municipalizar el Transporte*<\/strong><br \/>En reuni\u00f3n de trabajo, el alcalde David Velasco Chedraui, el secretario de Gobierno, Reynaldo Escobar P\u00e9rez, y los diputados locales por Xalapa, Dalos Ulises Rodr\u00edguez Vargas y Dalia P\u00e9rez Casta\u00f1eda aclararon supuestas diferencias y coincidieron en dar su respaldo al proyecto de David Velasco Chedraui de municipalizar el servicio de transporte p\u00fablico. Por el proyecto que tambi\u00e9n contar\u00e1 con el apoyo del gobernador Fidel Herrera Beltr\u00e1n, dijeron, es el momento de trabajar en unidad y avanzar a trav\u00e9s del acuerdo. El \u00fanico inconveniente para aterrizar este proyecto, afirmaron los representantes populares, es el financiero, por lo que hay que trabajar en coordinaci\u00f3n y con consensos para  gestionar los recursos estatales, federales y municipales que hagan  falta.<\/p>\n<p><strong>*Nadie pisa tierra*<\/strong><br \/>Ahora estuvo Silva en C\u00f3rdoba\u2026 y se comprometi\u00f3 a que en tres meses, en el municipio de C\u00f3rdoba, no habr\u00e1 casa con piso de tierra\u2026 a ver si es cierto\u2026 mientras, se puso a mano con 300 pisos en San Isidro Palotal\u2026 de seguro ya se ha de sentir muy gallito de tanto pisar.<\/p>\n<p><strong>*Un solo Boca*<\/strong><br \/>El Presidente Municipal de Boca del R\u00edo, Miguel Angel Yunes M\u00e1rquez, sostuvo una reuni\u00f3n con integrantes de la Asociaci\u00f3n de Hoteleros de la zona conurbada para mostrarles el proyecto de la obra p\u00fablica que est\u00e1 realizando este a\u00f1o en las colonias y en la zona tur\u00edstica del municipio y posteriormente realizaron un recorrido por las diferentes obras. La idea del joven alcalde es hacer un solo Boca del R\u00edo y que los ciudadanos de las colonias tambi\u00e9n gocen de una mejor calidad de vida. <\/p>\n<p><strong>*Paco Portilla sigue en las Jornadas*<\/strong><br \/>Este lunes 30 de marzo se llevar\u00e1 a cabo en Vega de Alatorre la 102 Jornada de Gobierno Itinerante de Diagn\u00f3stico, Servicios y Respuesta para escuchar y atender todas y cada una de las demandas de sus habitantes. El gobernador Fidel Herrera Beltr\u00e1n, con ello, da cumplimiento a su compromiso de acercar su gobierno a todos los veracruzanos y, en especial, a quienes est\u00e1n en condiciones de vulnerabilidad.<\/p>\n","protected":false},"excerpt":{"rendered":"<p>Salvador Mu\u00f1ozLos Pol\u00edticos En el Segundo Encuentro de Escritores por la Tierra, organizado por la UV, si ya hab\u00eda euforia por el poeta nicarag\u00fcense Ernesto Cardenal, su amigo Silvio Rodr\u00edguez vino a darle m\u00e1s sabor al caldo.Ernesto Cardenal, para ser m\u00e1s claros, es un libertador, un luchador, un idealista, un maestro, un loco, un quijote [&hellip;]<\/p>\n","protected":false},"author":1,"featured_media":0,"comment_status":"open","ping_status":"open","sticky":false,"template":"","format":"standard","meta":{"_jetpack_newsletter_access":"","_jetpack_dont_email_post_to_subs":false,"_jetpack_newsletter_tier_id":0,"_jetpack_memberships_contains_paywalled_content":false,"_jetpack_memberships_contains_paid_content":false,"footnotes":""},"categories":[1],"tags":[],"class_list":["post-8945","post","type-post","status-publish","format-standard","hentry","category-sin-categoria"],"jetpack_featured_media_url":"","jetpack_sharing_enabled":true,"jetpack_shortlink":"https:\/\/wp.me\/p4Qcd3-2kh","_links":{"self":[{"href":"https:\/\/lospoliticosveracruz.com.mx\/index.php?rest_route=\/wp\/v2\/posts\/8945","targetHints":{"allow":["GET"]}}],"collection":[{"href":"https:\/\/lospoliticosveracruz.com.mx\/index.php?rest_route=\/wp\/v2\/posts"}],"about":[{"href":"https:\/\/lospoliticosveracruz.com.mx\/index.php?rest_route=\/wp\/v2\/types\/post"}],"author":[{"embeddable":true,"href":"https:\/\/lospoliticosveracruz.com.mx\/index.php?rest_route=\/wp\/v2\/users\/1"}],"replies":[{"embeddable":true,"href":"https:\/\/lospoliticosveracruz.com.mx\/index.php?rest_route=%2Fwp%2Fv2%2Fcomments&post=8945"}],"version-history":[{"count":0,"href":"https:\/\/lospoliticosveracruz.com.mx\/index.php?rest_route=\/wp\/v2\/posts\/8945\/revisions"}],"wp:attachment":[{"href":"https:\/\/lospoliticosveracruz.com.mx\/index.php?rest_route=%2Fwp%2Fv2%2Fmedia&parent=8945"}],"wp:term":[{"taxonomy":"category","embeddable":true,"href":"https:\/\/lospoliticosveracruz.com.mx\/index.php?rest_route=%2Fwp%2Fv2%2Fcategories&post=8945"},{"taxonomy":"post_tag","embeddable":true,"href":"https:\/\/lospoliticosveracruz.com.mx\/index.php?rest_route=%2Fwp%2Fv2%2Ftags&post=8945"}],"curies":[{"name":"wp","href":"https:\/\/api.w.org\/{rel}","templated":true}]}}