{"id":8946,"date":"2009-03-26T03:01:00","date_gmt":"2009-03-26T03:01:00","guid":{"rendered":"http:\/\/www.lospoliticosveracruz.com.mx\/?p=8946"},"modified":"2014-10-08T19:27:02","modified_gmt":"2014-10-08T19:27:02","slug":"el-oil-mexican-idol-de-calderon","status":"publish","type":"post","link":"https:\/\/lospoliticosveracruz.com.mx\/?p=8946","title":{"rendered":"\u00a1El \u201cOil Mexican Idol\u201d de Calder\u00f3n!"},"content":{"rendered":"<p><strong>Salvador Mu\u00f1oz<\/strong><br \/><em>Los Pol\u00edticos<\/em><\/p>\n<p>En verdad que lo poco que me merec\u00eda respeto el Presidente de la Rep\u00fablica, Felipe Calder\u00f3n, se fue a un carajo cuando decidi\u00f3 hacer un foro entre Gobernadores para que, cada uno de ellos, diera su propuesta de por qu\u00e9, en su estado, deb\u00eda ubicarse una nueva refiner\u00eda.<br \/>Son diez estados los que, en el foro que inici\u00f3 ayer y concluye el viernes, habr\u00e1n de exponer sus motivos y razones para que la refiner\u00eda petrolera se construya en su tierra.<br \/>La falta de seriedad del Presidente obliga a pensar que su foro sea una especie de \u201cOil Mexican Idol\u201d.<br \/>Lamentablemente, si Veracruz quiere una refiner\u00eda que significa empleos, desarrollo y relaci\u00f3n mundial (Noruega y Canad\u00e1), pues el gober tiene que entrarle al show de Calder\u00f3n.<br \/>Siendo localistas, uno pudiera pensar que si es por argumentos, debate y proyecci\u00f3n de ideas, esa refiner\u00eda la tenemos en la bolsa, pero creo que no es por ah\u00ed.<br \/>La ubicaci\u00f3n de la refiner\u00eda no debe echarse a la suerte como lo propone el presidente, a menos que realmente ya tenga al afortunado. Se debe buscar razones cient\u00edficas, tecnol\u00f3gicas, sustentadas con criterios que m\u00e1s que favorecer a un estado, beneficie al pa\u00eds\u2026 pero supongamos que prevalezca lo pol\u00edtico\u2026<br \/><strong>* \u00bfQu\u00e9 pasar\u00eda si se deciden porque la refiner\u00eda quede en Guanajuato?<\/strong><br \/>J\u00farelo que el gobernador Juan Manuel Oliva, de extracci\u00f3n panista, lo primero que har\u00eda ser\u00eda dejar a un lado la propuesta de nombre de la refiner\u00eda (quieren que se llame Camilo Mouri\u00f1o) y le pondr\u00eda Vicente Fox.<br \/>Por supuesto\u2026 Guanajuato queda descartado porque, aunque sea panista, Juan Manuel Oliva y Felipe Calder\u00f3n nunca se llevaron bien desde que el primero fue l\u00edder estatal del partido y el segundo, l\u00edder nacional y todo indica que el chaparrito es rencoroso.<br \/><strong>* \u00bfQu\u00e9 pasar\u00eda si se deciden porque la refiner\u00eda quede en Michoac\u00e1n?<\/strong><br \/>Es un arma de dos filos\u2026 primero, se ver\u00eda demasiado localista el presidente Felipe Calder\u00f3n (remember de d\u00f3nde es) y segundo, \u00bfc\u00f3mo diablos se ver\u00eda d\u00e1ndole al PRD una refiner\u00eda? Que bueno, ser\u00eda una forma de compensar un poco pues el PRD le dio la presidencia de la Rep\u00fablica.<br \/><strong>* \u00bfQu\u00e9 pasar\u00eda si se deciden porque la refiner\u00eda quede en Campeche?<\/strong><br \/>Nom\u00e1s de entrada, f\u00edsica elemental: Distancia m\u00e1s transporte\u2026 \u00a1muy caro! Adem\u00e1s de que el gobernador Carlos Hurtado (PRI) alude un razonamiento de \u201cacto de justicia\u201d para que le den la refiner\u00eda\u2026 \u00a1mi chavo! Si hubiera justicia, ya estar\u00eda en la c\u00e1rcel quien mand\u00f3 a matar a Colosio; los estados productores de petr\u00f3leo en el pa\u00eds se ver\u00edan beneficiados con grandes riquezas para sus pobladores y al menos en Veracruz, la luz estar\u00eda m\u00e1s baja. Y para rematar: \u00a1Nones por lambisc\u00f3n! El alcalde de Candelaria, un panista por supuesto, propuso que se llame Camilo Mouri\u00f1o la refiner\u00eda.<br \/><strong>* \u00bfQu\u00e9 pasar\u00eda si se deciden porque la refiner\u00eda quede en Hidalgo?<\/strong><br \/>Acarrear\u00eda un conflicto tremendo con el Estado de M\u00e9xico porque el buen Miguel Angel Osorio Chong siente que se le cae el chon cada vez que le recuerdan que la contaminaci\u00f3n de su corredor termoel\u00e9ctrico, de refiner\u00edas e industrias, es la responsable de la nube negra que invade al Valle de M\u00e9xico\u2026 \u00bfy as\u00ed quiere otra refiner\u00eda? Ahora s\u00ed, dijeran: \u00a1Toma tule\u00f1o!<br \/><strong>* \u00bfQu\u00e9 pasar\u00eda si se deciden porque la refiner\u00eda quede en Oaxaca?<\/strong><br \/>Primero, tendr\u00edan que mediar con los maestros que har\u00edan un paro por\u2026 por\u2026 \u00a1cualquier pretexto es bueno! eso, si antes no hay conflicto con la APPO exigiendo que les den plazas (las que nunca trabajar\u00edan pero s\u00ed cobrar\u00edan) en dicha refiner\u00eda que de seguro llamar\u00edan Benito Ju\u00e1rez.<br \/><strong>* \u00bfQu\u00e9 pasar\u00eda si se deciden porque la refiner\u00eda quede en Puebla?<\/strong><br \/>Sin lugar a dudas, ahora s\u00ed, en el remoto caso de que Puebla, aun con sus desventajas competitivas en este ramo, fuera la agraciada, \u00a1Mario Mar\u00edn ser\u00eda el h\u00e9roe de la pel\u00edcula, pap\u00e1!<br \/><strong>* \u00bfQu\u00e9 pasar\u00eda si se deciden porque la refiner\u00eda quede en Tabasco?<\/strong><br \/>\u00a1Mmm! \u00bfY si mejor se apunta para tener una plataforma de perforaci\u00f3n? As\u00ed, cuando se inunde Tabasco, se seguir\u00eda extrayendo petr\u00f3leo sin dificultad alguna\u2026 \u00a1descartemos a Tabasco! \u00a1Sorry, Granier!<br \/><strong>* \u00bfQu\u00e9 pasar\u00eda si se deciden porque la refiner\u00eda quede en Tamaulipas?<\/strong><br \/>Lo m\u00e1s seguro es que los narcos se apoderaran de ella, \u00a1ni modo don Eugenio!<br \/><strong>* \u00bfQu\u00e9 pasar\u00eda si se deciden porque la refiner\u00eda quede en Tlaxcala?<\/strong><br \/>Sencillamente habr\u00eda que desalojar completamente el estado para dar cabida a la Refiner\u00eda con el riesgo de que invada a Puebla a la hora de su construcci\u00f3n.<br \/>S\u00f3lo nos queda Veracruz\u2026 pero, pues mejor que hable este viernes el Gober\u2026 no sea que nos veamos muy localistas en este \u201cOil Mexican Idol\u201d.<\/p>\n<p><strong>*\u00a1A correr!*<\/strong><br \/>En cuanto se inaugur\u00f3 el Muro de Contenci\u00f3n del Malec\u00f3n Costero de Coatzacoalcos, quien se apunt\u00f3 para inaugurarlo de inmediato fue el director general de Pemex Petroqu\u00edmica, Rafael Beverido Lomel\u00edn, quien gusta de correr todas las ma\u00f1anas por esos lares. Todo esto fue cuando con la representaci\u00f3n del Gobernador Fidel Herrera Beltr\u00e1n, el Subsecretario de Infraestructura Regional de la Sedesma, Alberto Silva Ramos, junto al mencionado funcionario paraestatal y el alcalde Marcelo Montiel Montiel, inauguraron dicho muro.<\/p>\n<p><strong>*La crema y nata con Duarte*<\/strong><br \/>Entre los invitados especiales que asistir\u00e1n a la convenci\u00f3n para elegir al candidato a diputado federal del PRI por el distrito XVI, este domingo 29 en las instalaciones del Club Social y Deportivo Azucareros de C\u00f3rdoba, est\u00e1n integrantes del gabinete estatal originarios de C\u00f3rdoba como  V\u00edctor Arredondo \u00c1lvarez, Juan Humberto Garc\u00eda S\u00e1nchez y Francisco Portilla Bonilla, aunque tambi\u00e9n se esperan a Alberto Silva Ramos, Am\u00e9rico Z\u00fa\u00f1iga Mart\u00ednez, Carlos Garc\u00eda M\u00e9ndez, entre otros.<\/p>\n<p><strong>*H\u00e9ctor Yunes y Bueno Torio*<\/strong><br \/>Buen detalle del diputado local, H\u00e9ctor Yunes Landa y del senador Juan Bueno Torio, quienes, desde su tribuna, apoyan la propuesta del gobernador Fidel Herrera para que la refiner\u00eda se ubique en Tuxpan.<br \/>El diputado Yunes Landa pidi\u00f3 a sus compa\u00f1eros del Congreso que alcen la voz y fijen su posicionamiento al respecto. Juan Bueno Torio, por su parte, mand\u00f3 un oficio al Gobernador donde se compromete a apoyarlo ante la Secretar\u00eda de Energ\u00eda y Pemex, para de esa forma, coadyuvar al prop\u00f3sito. Ahora, \u00bfqui\u00e9n m\u00e1s se apunta?<\/p>\n<p><strong>*Que siempre s\u00ed*<\/strong><br \/>Pues Julio Salda\u00f1a dice que s\u00ed va como candidato, de acuerdo, dice en breve comunicado, a resolutivo del Trife. Si es as\u00ed, \u00a1aguas! Viene con todo\u2026 la pelea contin\u00faa.<\/p>\n<p><strong>*\u00a1Orale con Boca!*<\/strong><br \/>\u00a1Qu\u00e9 tino en Comunicaci\u00f3n Social de Boca del R\u00edo! Adem\u00e1s de incluir fotograf\u00edas y el bolet\u00edn informativo, ahora agregan sonido a su difusi\u00f3n en archivos de mp.3<br \/>Por ejemplo, estuve escuchando a Gaspar Monteagudo, subdirector de Ecolog\u00eda municipal, quien coment\u00f3 que se contin\u00faa con los trabajos en materia tur\u00edstica y de remodelaci\u00f3n de las \u00e1reas verdes en la Avenida Adolfo Ruiz Cortines y el Boulevard Miguel Alem\u00e1n, reforestando los camellones y transplantando algunas palmeras por unas nuevas y m\u00e1s altas. Mi reconocimiento\u2026 \u00a1no lo hab\u00eda notado!<\/p>\n<p><strong>*Felicidades a la mam\u00e1*<\/strong><br \/>Y ya que hablamos de reconocimiento, no pod\u00eda faltar la menci\u00f3n al zool\u00f3gico Miguel \u00c1ngel de Quevedo por el logro de un nuevo inquilino. Naci\u00f3 una cr\u00eda de Marta o Martucha. Doctor Jon, da gusto saber que tiene en su equipo gente que ama a la fauna\u2026 \u00a1felicidades! \u00a1Ah! Y vaya con tiento\u2026 los pulmones son delicados\u2026 \u00a1cu\u00eddese m\u00e1s!<\/p>\n","protected":false},"excerpt":{"rendered":"<p>Salvador Mu\u00f1ozLos Pol\u00edticos En verdad que lo poco que me merec\u00eda respeto el Presidente de la Rep\u00fablica, Felipe Calder\u00f3n, se fue a un carajo cuando decidi\u00f3 hacer un foro entre Gobernadores para que, cada uno de ellos, diera su propuesta de por qu\u00e9, en su estado, deb\u00eda ubicarse una nueva refiner\u00eda.Son diez estados los que, [&hellip;]<\/p>\n","protected":false},"author":1,"featured_media":0,"comment_status":"open","ping_status":"open","sticky":false,"template":"","format":"standard","meta":{"_jetpack_newsletter_access":"","_jetpack_dont_email_post_to_subs":false,"_jetpack_newsletter_tier_id":0,"_jetpack_memberships_contains_paywalled_content":false,"_jetpack_memberships_contains_paid_content":false,"footnotes":""},"categories":[1],"tags":[],"class_list":["post-8946","post","type-post","status-publish","format-standard","hentry","category-sin-categoria"],"jetpack_featured_media_url":"","jetpack_sharing_enabled":true,"jetpack_shortlink":"https:\/\/wp.me\/p4Qcd3-2ki","_links":{"self":[{"href":"https:\/\/lospoliticosveracruz.com.mx\/index.php?rest_route=\/wp\/v2\/posts\/8946","targetHints":{"allow":["GET"]}}],"collection":[{"href":"https:\/\/lospoliticosveracruz.com.mx\/index.php?rest_route=\/wp\/v2\/posts"}],"about":[{"href":"https:\/\/lospoliticosveracruz.com.mx\/index.php?rest_route=\/wp\/v2\/types\/post"}],"author":[{"embeddable":true,"href":"https:\/\/lospoliticosveracruz.com.mx\/index.php?rest_route=\/wp\/v2\/users\/1"}],"replies":[{"embeddable":true,"href":"https:\/\/lospoliticosveracruz.com.mx\/index.php?rest_route=%2Fwp%2Fv2%2Fcomments&post=8946"}],"version-history":[{"count":0,"href":"https:\/\/lospoliticosveracruz.com.mx\/index.php?rest_route=\/wp\/v2\/posts\/8946\/revisions"}],"wp:attachment":[{"href":"https:\/\/lospoliticosveracruz.com.mx\/index.php?rest_route=%2Fwp%2Fv2%2Fmedia&parent=8946"}],"wp:term":[{"taxonomy":"category","embeddable":true,"href":"https:\/\/lospoliticosveracruz.com.mx\/index.php?rest_route=%2Fwp%2Fv2%2Fcategories&post=8946"},{"taxonomy":"post_tag","embeddable":true,"href":"https:\/\/lospoliticosveracruz.com.mx\/index.php?rest_route=%2Fwp%2Fv2%2Ftags&post=8946"}],"curies":[{"name":"wp","href":"https:\/\/api.w.org\/{rel}","templated":true}]}}