{"id":8947,"date":"2009-03-26T01:54:00","date_gmt":"2009-03-26T01:54:00","guid":{"rendered":"http:\/\/www.lospoliticosveracruz.com.mx\/?p=8947"},"modified":"2014-10-08T19:27:03","modified_gmt":"2014-10-08T19:27:03","slug":"a-correr-por-el-malecon","status":"publish","type":"post","link":"https:\/\/lospoliticosveracruz.com.mx\/?p=8947","title":{"rendered":"A correr por el Malec\u00f3n!!!"},"content":{"rendered":"<p><a href=\"http:\/\/www.lospoliticosveracruz.com.mx\/wp-content\/uploads\/2009\/03\/Cotaza-Silva_-Ramos_-25-03-09_096_-Medium-.jpg\"><img decoding=\"async\" style=\"display:block; margin:0px auto 10px; text-align:center;cursor:pointer; cursor:hand;width: 400px; height: 266px;\" src=\"http:\/\/www.lospoliticosveracruz.com.mx\/wp-content\/uploads\/2009\/03\/Cotaza-Silva_-Ramos_-25-03-09_096_-Medium--300x199.jpg\" border=\"0\" alt=\"\"id=\"BLOGGER_PHOTO_ID_5317309793338835586\" \/><\/a><br \/><a href=\"http:\/\/www.lospoliticosveracruz.com.mx\/wp-content\/uploads\/2009\/03\/Cotaza-Silva_-Ramos_-25-03-09_084_-Medium-.jpg\"><img decoding=\"async\" style=\"display:block; margin:0px auto 10px; text-align:center;cursor:pointer; cursor:hand;width: 400px; height: 266px;\" src=\"http:\/\/www.lospoliticosveracruz.com.mx\/wp-content\/uploads\/2009\/03\/Cotaza-Silva_-Ramos_-25-03-09_084_-Medium--300x199.jpg\" border=\"0\" alt=\"\"id=\"BLOGGER_PHOTO_ID_5317309784575767810\" \/><\/a><br \/><a href=\"http:\/\/www.lospoliticosveracruz.com.mx\/wp-content\/uploads\/2009\/03\/Cotaza-Silva_-Ramos_-25-03-09_052_-Medium-.jpg\"><img decoding=\"async\" style=\"display:block; margin:0px auto 10px; text-align:center;cursor:pointer; cursor:hand;width: 400px; height: 266px;\" src=\"http:\/\/www.lospoliticosveracruz.com.mx\/wp-content\/uploads\/2009\/03\/Cotaza-Silva_-Ramos_-25-03-09_052_-Medium--300x199.jpg\" border=\"0\" alt=\"\"id=\"BLOGGER_PHOTO_ID_5317309774179211650\" \/><\/a><br \/>Rafael P\u00e9rez Partida<br \/>Coatzacoalcos<\/p>\n<p>Con la representaci\u00f3n personal del gobernador Fidel Herrera Beltr\u00e1n, el subsecretario de Infraestructura de la Sedesma, Alberto Silva Ramos, acudi\u00f3 a este lugar para efectuar la inauguraci\u00f3n de la construcci\u00f3n y rehabilitaci\u00f3n del malec\u00f3n costero y del muro de contenci\u00f3n del antiguo Puerto M\u00e9xico, evento en el que estuvieron entre otras personalidades, el director general de Pemex Petroqu\u00edmica, Rafael Beverido Lomel\u00ed, as\u00ed como el alcalde, Marcelo Montiel Montiel, adem\u00e1s de autoridades civiles y navales.<br \/>Al hacer uso de la palabra dijo \u201creciban a nombre del gobernador Fidel Herrera Beltr\u00e1n su afecto, respeto y reconocimiento a la gente del sur de Veracruz, para m\u00ed es un alto honor representar a nuestro querido gobernador, quien le env\u00eda un saludo solidario al ingeniero Beverido Lomel\u00ed\u201d.<br \/>Coatzacoalcos muestra su fuerza y unidad, pues crece r\u00e1pidamente y con el trabajo de todos, es decir de los gobiernos federal y estatal tiene seguro rumbo, para convertirse en el polo del desarrollo del sureste <br \/>Beverido Lomel\u00ed dijo: \u201cel primero en estrenar este magnifico malec\u00f3n ser\u00e9 yo, ya que cuando salgo a correr lo hago por aqu\u00ed\u201d, reiter\u00f3 la voluntad de Pemex y la voluntad personal de mejorar Coatzacoalcos \u00aby en breve iniciaremos una obra de 500 millones de d\u00f3lares para le regi\u00f3n en materia petrolera, por ello agradecemos el apoyo del alcalde y del gobernador Fidel Herrera Beltr\u00e1n que como siempre est\u00e1n prestos para mejorar el estado\u00bb.<br \/>En tanto el presidente Marcelo Montiel agradeci\u00f3 el apoyo incondicional del mandatario Herrera Beltr\u00e1n de quien dijo siempre esta pendiente del acontecer de la entidad y tambi\u00e9n extern\u00f3 su reconocimiento al ingeniero Rafael Beverido Lomel\u00ed destacando que han mantenido una buena relaci\u00f3n por el bien de Coatzacoalcos.<\/p>\n","protected":false},"excerpt":{"rendered":"<p>Rafael P\u00e9rez PartidaCoatzacoalcos Con la representaci\u00f3n personal del gobernador Fidel Herrera Beltr\u00e1n, el subsecretario de Infraestructura de la Sedesma, Alberto Silva Ramos, acudi\u00f3 a este lugar para efectuar la inauguraci\u00f3n de la construcci\u00f3n y rehabilitaci\u00f3n del malec\u00f3n costero y del muro de contenci\u00f3n del antiguo Puerto M\u00e9xico, evento en el que estuvieron entre otras personalidades, [&hellip;]<\/p>\n","protected":false},"author":1,"featured_media":0,"comment_status":"open","ping_status":"open","sticky":false,"template":"","format":"standard","meta":{"_jetpack_newsletter_access":"","_jetpack_dont_email_post_to_subs":false,"_jetpack_newsletter_tier_id":0,"_jetpack_memberships_contains_paywalled_content":false,"_jetpack_memberships_contains_paid_content":false,"footnotes":""},"categories":[1],"tags":[],"class_list":["post-8947","post","type-post","status-publish","format-standard","hentry","category-sin-categoria"],"jetpack_featured_media_url":"","jetpack_sharing_enabled":true,"jetpack_shortlink":"https:\/\/wp.me\/p4Qcd3-2kj","_links":{"self":[{"href":"https:\/\/lospoliticosveracruz.com.mx\/index.php?rest_route=\/wp\/v2\/posts\/8947","targetHints":{"allow":["GET"]}}],"collection":[{"href":"https:\/\/lospoliticosveracruz.com.mx\/index.php?rest_route=\/wp\/v2\/posts"}],"about":[{"href":"https:\/\/lospoliticosveracruz.com.mx\/index.php?rest_route=\/wp\/v2\/types\/post"}],"author":[{"embeddable":true,"href":"https:\/\/lospoliticosveracruz.com.mx\/index.php?rest_route=\/wp\/v2\/users\/1"}],"replies":[{"embeddable":true,"href":"https:\/\/lospoliticosveracruz.com.mx\/index.php?rest_route=%2Fwp%2Fv2%2Fcomments&post=8947"}],"version-history":[{"count":0,"href":"https:\/\/lospoliticosveracruz.com.mx\/index.php?rest_route=\/wp\/v2\/posts\/8947\/revisions"}],"wp:attachment":[{"href":"https:\/\/lospoliticosveracruz.com.mx\/index.php?rest_route=%2Fwp%2Fv2%2Fmedia&parent=8947"}],"wp:term":[{"taxonomy":"category","embeddable":true,"href":"https:\/\/lospoliticosveracruz.com.mx\/index.php?rest_route=%2Fwp%2Fv2%2Fcategories&post=8947"},{"taxonomy":"post_tag","embeddable":true,"href":"https:\/\/lospoliticosveracruz.com.mx\/index.php?rest_route=%2Fwp%2Fv2%2Ftags&post=8947"}],"curies":[{"name":"wp","href":"https:\/\/api.w.org\/{rel}","templated":true}]}}