{"id":8949,"date":"2009-03-24T19:17:00","date_gmt":"2009-03-24T19:17:00","guid":{"rendered":"http:\/\/www.lospoliticosveracruz.com.mx\/?p=8949"},"modified":"2014-10-08T19:27:03","modified_gmt":"2014-10-08T19:27:03","slug":"tercera-reunion-del-primer-consejo-estatal-frente-amplio-social-de-veracruz","status":"publish","type":"post","link":"https:\/\/lospoliticosveracruz.com.mx\/?p=8949","title":{"rendered":"Tercera reuni\u00f3n del Primer Consejo Estatal Frente Amplio Social de Veracruz"},"content":{"rendered":"<p><strong>Ra\u00fal Abraham L\u00f3pez Mart\u00ednez*<\/strong><br \/><em>Coyuntura Pol\u00edtica XXI<\/em><\/p>\n<p>El pasado s\u00e1bado se realiz\u00f3 en la ciudad de Xalapa, la tercera reuni\u00f3n del Primer Consejo Estatal del Frente Amplio Social, reuni\u00f3n en la cual se dieron cita los integrantes de este \u00f3rgano de direcci\u00f3n.<br \/>Uno de los puntos que se abordaron en el Consejo del FAS fue la presentaci\u00f3n del documento que tiene por t\u00edtulo \u201cInforme general a la tercera reuni\u00f3n del Consejo estatal de Frente Amplio Social de Veracruz\u201d, este punto estuvo a cargo Uriel Flores Aguayo, coordinador general de esta organizaci\u00f3n social.<br \/>Este documento aborda de manera sint\u00e9tica un balance de trabajo de los \u00faltimos tres meses del FAS, una organizaci\u00f3n que se ha centrado en promover la gesti\u00f3n social, ante instancias del gobierno estatal y federal, en beneficio de distintos sectores de la poblaci\u00f3n que se encuentran sufriendo los estragos del modelo econ\u00f3mico neoliberal. <br \/>Dentro de este balance de actividades, destaca de manera fehaciente la fuerte capacidad de convocatoria para la realizaci\u00f3n de distintas movilizaciones sociales que le ha permitido al FAS ganarse un lugar en el escenario pol\u00edtico de Veracruz.<br \/>Estas movilizaciones, se dan en un marco en el cual las autoridades a las que se ha acercado el FAS para realizar sus respectivas gestiones no han respondido de manera positiva a las peticiones de esta organizaci\u00f3n social.<br \/>Motivo por el cual, el FAS ha tenido que salir a las calles, para hacer escuchar sus demandas a las autoridades.<br \/>Un breve recuento de estas movilizaciones nos arroja el siguiente saldo:<br \/>a) Una serie de Movilizaciones a partir del 3 de Febrero en contra del cobro excesivo de la tarifa de saneamiento por parte de CMAS-Xalapa.<br \/>b) Marcha del d\u00eda 10 de Febrero contando con la asistencia de mil simpatizantes del FAS.<br \/>c) La toma de la delegaci\u00f3n de SEDESOL, el d\u00eda 19 de Febrero.<br \/>d) Mitin en el terreno en donde se encontraban las oficinas del IPE, d\u00eda 2 de Marzo. <br \/>e) Mitin dentro del Palacio Municipal de Xalapa el d\u00eda 10 de Marzo<br \/>f) Plant\u00f3n en la Plaza Lerdo el d\u00eda 17 de Marzo.<br \/>g) La realizaci\u00f3n de una audiencia p\u00fablica con el presidente municipal de Xalapa.<br \/>Es importante hacer \u00e9nfasis, que estas movilizaciones son producto de la falta de apertura pol\u00edtica por parte de las autoridades estatales y federales para resolver las demandas del FAS. Debido a que el gobierno estatal ha privilegiado un trato exclusivo en materia de gesti\u00f3n social con las organizaciones que forman parte del PRI y por su parte el gobierno federal, en su caso SEDESOL, los apoyos han sido condicionados a cambio de votar por el PAN en el proceso electoral federal.<br \/>Ante este complejo escenario de control en los recursos p\u00fablicos, organizaciones sociales como el FAS, que no forman parte del PRI y tampoco del PAN, han tenido que desplegar creativas formas de hacer pol\u00edtica para poder acceder a estos recursos.<br \/>Con este saldo, el FAS a sus escasos siete y medio meses de vida, ha demostrado que las organizaciones de izquierda cuando aceptan constituirse y trabajar de manera plural, sin dogmas y falsos pasamonta\u00f1as, pueden mantener su identidad y principios de manera s\u00f3lida. Caminando con la gente que habita la colonias populares, o las colonias de clase media, llevando su propuestas de organizaci\u00f3n al campo y a la ciudad.<br \/>Reivindicando el trabajo social con la gente para promover la solidaridad y la lucha para enfrentar la crisis.<\/p>\n<p>*Director de la revista digital Voz Universitaria<\/p>\n<p>www.vozuniversitaria.org.mx <br \/>raul@vozuniversitaria.org.mx<\/p>\n","protected":false},"excerpt":{"rendered":"<p>Ra\u00fal Abraham L\u00f3pez Mart\u00ednez*Coyuntura Pol\u00edtica XXI El pasado s\u00e1bado se realiz\u00f3 en la ciudad de Xalapa, la tercera reuni\u00f3n del Primer Consejo Estatal del Frente Amplio Social, reuni\u00f3n en la cual se dieron cita los integrantes de este \u00f3rgano de direcci\u00f3n.Uno de los puntos que se abordaron en el Consejo del FAS fue la presentaci\u00f3n [&hellip;]<\/p>\n","protected":false},"author":1,"featured_media":0,"comment_status":"open","ping_status":"open","sticky":false,"template":"","format":"standard","meta":{"_jetpack_newsletter_access":"","_jetpack_dont_email_post_to_subs":false,"_jetpack_newsletter_tier_id":0,"_jetpack_memberships_contains_paywalled_content":false,"_jetpack_memberships_contains_paid_content":false,"footnotes":""},"categories":[1],"tags":[],"class_list":["post-8949","post","type-post","status-publish","format-standard","hentry","category-sin-categoria"],"jetpack_featured_media_url":"","jetpack_sharing_enabled":true,"jetpack_shortlink":"https:\/\/wp.me\/p4Qcd3-2kl","_links":{"self":[{"href":"https:\/\/lospoliticosveracruz.com.mx\/index.php?rest_route=\/wp\/v2\/posts\/8949","targetHints":{"allow":["GET"]}}],"collection":[{"href":"https:\/\/lospoliticosveracruz.com.mx\/index.php?rest_route=\/wp\/v2\/posts"}],"about":[{"href":"https:\/\/lospoliticosveracruz.com.mx\/index.php?rest_route=\/wp\/v2\/types\/post"}],"author":[{"embeddable":true,"href":"https:\/\/lospoliticosveracruz.com.mx\/index.php?rest_route=\/wp\/v2\/users\/1"}],"replies":[{"embeddable":true,"href":"https:\/\/lospoliticosveracruz.com.mx\/index.php?rest_route=%2Fwp%2Fv2%2Fcomments&post=8949"}],"version-history":[{"count":0,"href":"https:\/\/lospoliticosveracruz.com.mx\/index.php?rest_route=\/wp\/v2\/posts\/8949\/revisions"}],"wp:attachment":[{"href":"https:\/\/lospoliticosveracruz.com.mx\/index.php?rest_route=%2Fwp%2Fv2%2Fmedia&parent=8949"}],"wp:term":[{"taxonomy":"category","embeddable":true,"href":"https:\/\/lospoliticosveracruz.com.mx\/index.php?rest_route=%2Fwp%2Fv2%2Fcategories&post=8949"},{"taxonomy":"post_tag","embeddable":true,"href":"https:\/\/lospoliticosveracruz.com.mx\/index.php?rest_route=%2Fwp%2Fv2%2Ftags&post=8949"}],"curies":[{"name":"wp","href":"https:\/\/api.w.org\/{rel}","templated":true}]}}