{"id":8951,"date":"2009-03-24T02:51:00","date_gmt":"2009-03-24T02:51:00","guid":{"rendered":"http:\/\/www.lospoliticosveracruz.com.mx\/?p=8951"},"modified":"2014-10-08T19:27:03","modified_gmt":"2014-10-08T19:27:03","slug":"fidel-fidel-te-perdimos-que-hemos-hecho","status":"publish","type":"post","link":"https:\/\/lospoliticosveracruz.com.mx\/?p=8951","title":{"rendered":"Fidel, Fidel\u2026 Te perdimos, \u00bfqu\u00e9 hemos hecho?"},"content":{"rendered":"<p><strong>Sergio Valverde y Camposeco<\/strong><br \/><em>Aciertos y Resbalones<\/em><\/p>\n<p>Una brillante carrera pol\u00edtica puede quedar en el olvido, por los \u201cresbalones\u201d que  ha venido realizando el \u201cSiempre Fiel, Fidel Herrera Beltr\u00e1n\u201d. Creemos que este slogan ya pas\u00f3 a la historia por comentarios de sus allegados, pues  lo menos que tiene es ser \u201cfiel\u201d, al no respetar los acuerdos, las bases, las promesas y hasta los pactos de caballeros, los cuales, promete, promete, y promete, pero nunca dice cu\u00e1ndo.<br \/>Los que comandan a  la dirigencia del  PRI  estatal, quieren preservar la \u201cespecie\u201d y har\u00e1n hasta lo imposible  para ganar las diputaciones federales y la gubernatura en el 2010. Por eso, Fidel Herrera \u201cnombra\u201d a un personaje toluque\u00f1o, Jorge Carvallo Delf\u00edn, quien no tiene la menor idea  de c\u00f3mo hacer pol\u00edtica, no sabe en d\u00f3nde est\u00e1 parado y s\u00f3lo da palos de ciego, atacando a uno un d\u00eda,  siendo \u201cdizque enemigo\u201d, para el otro d\u00eda, pegarle a otro, todo con la asesor\u00eda de un demente como Mario Lozano Carbonell, quien por m\u00e1s que le buscamos algo bueno, s\u00f3lo le resaltan sus denuncias como servidor p\u00fablico inhabilitado en Capufe, su ingreso y el que le falta, al Penal Ignacio Allende  y su gran habilidad en la altaner\u00eda, soberbia y narcisismo, \u00e9ste \u00faltimo, con tintes de ceguera y bipolaridad ante el espejo. Por eso, no nos explicamos c\u00f3mo el Gobernador Fidel Herrera haya \u201cpuesto\u201d a Carvallo Delf\u00edn, como su gestor pol\u00edtico y el \u201cdelf\u00edn\u201d que le dar\u00e1 buenos resultados.<br \/>Por otro lado,  los peque\u00f1os \u201cresbalones\u201d del T\u00edo Fide, con la deuda p\u00fablica, la cual crece y crece y ya el diputado local convergente, Sergio Vaca pronostica, que cuando finalice este sexenio, llegar\u00e1  la deuda a los 19 mil millones de pesos  y retando: \u201cY que tenga el valor Fidel Herrera de desmentirme\u201d.<br \/>Ante este comentario, creemos que estas cifras se quedar\u00e1n cortas, pues a\u00fan faltan elecciones  federales y la reina de todas, la gubernatura.<br \/>Por eso, en un principio, el brillo de Herrera Beltr\u00e1n nos deslumbr\u00f3, para que ahora, las malas decisiones y alcahueter\u00edas cobren facturas, adem\u00e1s  de meterse en problemas por su gallard\u00eda con las f\u00e9minas, a quienes nunca dejar\u00e1n de pasar por su vida. El castillo de naipes que construy\u00f3 Fidel puede derrumbarse, a  quien se le debe el clima de anarqu\u00eda y miedo entre los veracruzanos.<br \/>Los \u201ccasos aislados\u201d como los recientes levantones en Naolinco a empresarios zapateros, los cobros a los tianguistas en San Bruno obligados a pagar, por tener a uno de los suyos secuestrado, las llamadas telef\u00f3nicas extorsionando, los cuerpos que siguen y siguen encontr\u00e1ndose en las calles de importantes municipios en Veracruz y son la encomienda de ocultar  por parte de polic\u00edas, a cualquier precio. Tambi\u00e9n la compra de conciencias de medios  de comunicaci\u00f3n ambiciosos y el rojo por todos lados, color socialista y de izquierda, que es usado como pertenencia, mismas que a\u00f1os atr\u00e1s, tambi\u00e9n eran usadas por los nazis en Alemania y sus las \u201cCamisas Pardas\u201d.<br \/>Adem\u00e1s, su enorme fortuna, la cual es la comidilla de columnistas y  dicta la punta del iceberg, pues tiene todo el dinero que en sus d\u00edas, cuando estaba descalzo, podr\u00eda so\u00f1ar. As\u00ed es Fidel, muy diferente cuando trabajaba con el expresidente Luis Echeverr\u00eda, pues cambi\u00f3 tanto, que su apariencia y cara  no son  las mismas, ni sus gustos tampoco.<br \/>Ahora los enga\u00f1os\u2026  Se dice que Fidel ya pact\u00f3 con Felipe Calder\u00f3n Hinojosa, Presidente de M\u00e9xico, del que  ser\u00e1 su sucesor  a la gubernatura. Habr\u00eda que estar muy pendientes de este pacto, pues no vaya a pasar como aquel d\u00eda en una gira del Presidente, como lo cuenta  Ricardo Alem\u00e1n en su reconocida columna del Peri\u00f3dico <em>El Universal <\/em> del 23 de mayo del 2008, que visit\u00f3  Felipe Calder\u00f3n Huayacocotla, Tecolutla y Tlapacoyan, lugares en donde se hab\u00edan enviado fotos  con antelaci\u00f3n, de las obras que inaugurar\u00eda el ejecutivo federal. El d\u00eda lleg\u00f3 y se dirigi\u00f3 a la inauguraci\u00f3n respectiva. Cu\u00e1l ser\u00eda su sorpresa, cuando vio el enga\u00f1o de viviendas sin sanitarios y escuelas sin servicio de drenaje, causando el enojo de Felipe Calder\u00f3n, quien no pudo ocultar  su indignaci\u00f3n  preguntando: \u201cY los ba\u00f1os y el drenaje, Sr. Gobernador\u201d\u2026 Fidel Herrera, quien siempre domina la situaci\u00f3n, sus tartamudos e incoherencias lo traicionaron\u2026 Por eso,  situaciones como esa y muchas m\u00e1s, el mandatario de los Pinos  cataloga a nuestro Gobernador como \u201cmentiroso y traicionero\u201d.<br \/>Grave el concepto en el que est\u00e1 sumergido Fidel Herrera, como tatuaje en la frente que acompa\u00f1a a su placa de metal, por aquel accidente en el que casi pierde la vida y nunca  fue  aclarado del todo. Cada vez que escribimos esta columna, hay nuevos resbalones  del exsenador, ex,ex,ex,diputado  federal y en un futuro, exgobernador, el cual se  pronostica, que en las citas de sitios como Wikipedia y otros diccionarios electr\u00f3nicos, adem\u00e1s de Yuotube, le har\u00e1n justicia y tendr\u00e1 como cita: \u201cPol\u00edtico priista, que de ni\u00f1o sufre muchas carencias, luch\u00f3 para llegar a ser Gobernador y  al terminar su administraci\u00f3n, dej\u00f3 al estado, en el peor de los endeudamientos  y crisis pol\u00edtica\u201d.<\/p>\n","protected":false},"excerpt":{"rendered":"<p>Sergio Valverde y CamposecoAciertos y Resbalones Una brillante carrera pol\u00edtica puede quedar en el olvido, por los \u201cresbalones\u201d que ha venido realizando el \u201cSiempre Fiel, Fidel Herrera Beltr\u00e1n\u201d. Creemos que este slogan ya pas\u00f3 a la historia por comentarios de sus allegados, pues lo menos que tiene es ser \u201cfiel\u201d, al no respetar los acuerdos, [&hellip;]<\/p>\n","protected":false},"author":1,"featured_media":0,"comment_status":"open","ping_status":"open","sticky":false,"template":"","format":"standard","meta":{"_jetpack_newsletter_access":"","_jetpack_dont_email_post_to_subs":false,"_jetpack_newsletter_tier_id":0,"_jetpack_memberships_contains_paywalled_content":false,"_jetpack_memberships_contains_paid_content":false,"footnotes":""},"categories":[1],"tags":[],"class_list":["post-8951","post","type-post","status-publish","format-standard","hentry","category-sin-categoria"],"jetpack_featured_media_url":"","jetpack_sharing_enabled":true,"jetpack_shortlink":"https:\/\/wp.me\/p4Qcd3-2kn","_links":{"self":[{"href":"https:\/\/lospoliticosveracruz.com.mx\/index.php?rest_route=\/wp\/v2\/posts\/8951","targetHints":{"allow":["GET"]}}],"collection":[{"href":"https:\/\/lospoliticosveracruz.com.mx\/index.php?rest_route=\/wp\/v2\/posts"}],"about":[{"href":"https:\/\/lospoliticosveracruz.com.mx\/index.php?rest_route=\/wp\/v2\/types\/post"}],"author":[{"embeddable":true,"href":"https:\/\/lospoliticosveracruz.com.mx\/index.php?rest_route=\/wp\/v2\/users\/1"}],"replies":[{"embeddable":true,"href":"https:\/\/lospoliticosveracruz.com.mx\/index.php?rest_route=%2Fwp%2Fv2%2Fcomments&post=8951"}],"version-history":[{"count":0,"href":"https:\/\/lospoliticosveracruz.com.mx\/index.php?rest_route=\/wp\/v2\/posts\/8951\/revisions"}],"wp:attachment":[{"href":"https:\/\/lospoliticosveracruz.com.mx\/index.php?rest_route=%2Fwp%2Fv2%2Fmedia&parent=8951"}],"wp:term":[{"taxonomy":"category","embeddable":true,"href":"https:\/\/lospoliticosveracruz.com.mx\/index.php?rest_route=%2Fwp%2Fv2%2Fcategories&post=8951"},{"taxonomy":"post_tag","embeddable":true,"href":"https:\/\/lospoliticosveracruz.com.mx\/index.php?rest_route=%2Fwp%2Fv2%2Ftags&post=8951"}],"curies":[{"name":"wp","href":"https:\/\/api.w.org\/{rel}","templated":true}]}}