{"id":8953,"date":"2009-03-23T19:26:00","date_gmt":"2009-03-23T19:26:00","guid":{"rendered":"http:\/\/www.lospoliticosveracruz.com.mx\/?p=8953"},"modified":"2014-10-08T19:27:03","modified_gmt":"2014-10-08T19:27:03","slug":"la-hora-del-trabajo-sin-limites","status":"publish","type":"post","link":"https:\/\/lospoliticosveracruz.com.mx\/?p=8953","title":{"rendered":"La hora del trabajo sin l\u00edmites"},"content":{"rendered":"<blockquote><p>* Otro puente en L\u00e1zaro C\u00e1rdenas<br \/>* Quedar\u00e1 listo penal de Papantla<\/p><\/blockquote>\n<p><strong>Jos\u00e9 Ortiz Medina<\/strong><br \/><em>En corto&#8230; sin cortes<\/em><\/p>\n<p>Interesante sin duda el discurso que pronunci\u00f3 Alfredo G\u00e1ndara Andrade durante la ceremonia que se efectu\u00f3 en el municipio de Benito Ju\u00e1rez, enclavado en la sierra de Chicontepec, a prop\u00f3sito del natalicio de Benito Ju\u00e1rez. <br \/>Al dirigirse el director General de Comunicaci\u00f3n Social del Gobierno del Estado a sus compa\u00f1eros de gabinete, afirm\u00f3 que las circunstancias actuales no admiten descanso, negligencia o burocratismo. <br \/>\u201cEsta es la hora del trabajo sin l\u00edmites, de la responsabilidad y el compromiso, de la entrega a la causa de Veracruz, como lo hace todos los d\u00edas Fidel Herrera Beltr\u00e1n. Es ahora o nunca\u201d. <br \/>Agreg\u00f3 que el Gobernador ense\u00f1a todos los d\u00edas c\u00f3mo s\u00f3lo el trabajo sin descanso, la previsi\u00f3n, es decir, la atenci\u00f3n a todos los asuntos de Gobierno, son las mejores armas para enfrentar y vencer cualquier reto, cualquier problema, por muy grande y complejo que sea.<br \/>Manifest\u00f3: \u201cQue nada nos distraiga ni que nada que no sea el inter\u00e9s de los veracruzanos nos ocupe. Entregu\u00e9monos a lo que nos comprometimos: a servir a los veracruzanos al lado de Fidel Herrera Beltr\u00e1n hasta el \u00faltimo segundo de la administraci\u00f3n. Seamos \u00edntegros. Leales. Fieles. Fortalezcamos aun m\u00e1s la unidad de los veracruzanos\u201d. <\/p>\n<p>* G\u00e1ndara Andrade destac\u00f3 la institucionalidad, la austeridad y la rendici\u00f3n de cuentas que distinguen al gobernador y a su administraci\u00f3n. Dijo que el gobierno de Ju\u00e1rez fue itinerante, que no se le hizo necesario permanecer solo en el Palacio Nacional ni en la capital del pa\u00eds para defender los intereses de M\u00e9xico y de los mexicanos; que desde Veracruz proclam\u00f3 las Leyes de Reforma y en su peregrinar encarn\u00f3 el gobierno y la Rep\u00fablica. \u201cPero nunca abus\u00f3 de su poder y se condujo con modestia, sencillez y honestidad aunque, eso s\u00ed, inflexible con los enemigos de la Patria a quienes trat\u00f3 con toda la firmeza, pero siempre dentro de la Ley\u201d. Record\u00f3 que el a\u00f1o pasado el Gobierno del Estado fue al municipio de Benito Ju\u00e1rez para encabezar esta celebraci\u00f3n, porque el gobierno de Fidel Herrera tampoco permanece encerrado en Palacio de Gobierno ni en la comodidad de la oficina. Esa es la caracter\u00edstica de su administraci\u00f3n: acercar el Gobierno a los veracruzanos para atenderlos, escucharlos y buscar juntos soluciones a sus carencias, a sus demandas, a sus problemas.<\/p>\n<p>* AUNQUE algunas obras ser\u00e1n pospuestas porque el ayuntamiento de Xalapa decidi\u00f3 eximir del pago del saneamiento a los ciudadanos, hay otras importantes acciones que no ser\u00e1n canceladas. Hablamos, por ejemplo, de la construcci\u00f3n del t\u00fanel a la altura de Jardines de Xalapa, el puente en L\u00e1zaro C\u00e1rdenas por el rumbo de Sefiplan y otro paso a desnivel cuya primicia le damos en este momento. Se trata de la obra que estar\u00e1 ubicada en L\u00e1zaro C\u00e1rdenas, casi esquina con Aguascalientes. El proyecto a\u00fan es analizado, pero nos dicen fuentes muy enteradas que casi es un hecho. Otras obras que s\u00ed se llevar\u00e1n a cabo es el embellecimiento de la avenida Manuel \u00c1vila Camacho y el saneamiento de Los Lagos. Lo que quedar\u00e1 pendiente ser\u00e1 el reencarpetado de la avenida Enr\u00edquez y parte de Xalape\u00f1os Ilustres. <\/p>\n<p>HABR\u00c1 QUE ver si la nueva delegada de la Sedesol Laura Lira Urdiana se hace de la vista gorda con hechos como \u00e9ste. Resulta que el pasado s\u00e1bado los adultos en plenitud afiliados al programa federal \u201c70 y M\u00e1s\u201d fueron citados al sal\u00f3n de jubilados y pensionados de la colonia Jos\u00e9 L\u00f3pez Portillo, del municipio de Carlos A. Carrillo, supuestamente para una pl\u00e1tica que sostendr\u00edan con el representante de la Sedesol en la Cuenca del Papaloapan, Froyl\u00e1n Estrada Rend\u00f3n. Sin embargo, a la entrada del recinto dos personas les solicitaban la credencial de elector, de la cual extra\u00edan sus datos y los llenaban en un formato que dec\u00eda \u201cSimpatizante del PAN\u201d, lo que caus\u00f3 enojo en cientos de adultos mayores que se dijeron enga\u00f1ados.<\/p>\n<p>* DEL 27 al 29 de este mes se efectuar\u00e1 el \u201cSegundo congreso nacional en Derecho Penal, criminolog\u00eda y seguridad p\u00fablica: los retos del estado mexicano\u201d. Dicho evento es organizado por el Centro de Investigaci\u00f3n y Estudios Avanzados de Veracruz. Entre los conferencistas se encuentran el secretario de Gobierno, Reynaldo Escobar P\u00e9rez; Jos\u00e9 Torres Hern\u00e1ndez Subsecretario A de Seguridad P\u00fablica del Estado; Ra\u00fal Pimentel Murrieta magistrado del Tribunal Superior de Justicia del Estado; Rub\u00e9n Dar\u00edo Mendiola Solano, Secretario Ejecutivo del Consejo Estatal de Seguridad P\u00fablica; Crosby Gonz\u00e1lez Montiel, Subdirector de Servicios Periciales de la Procuradur\u00eda General de Justicia del Estado, entre otros. <\/p>\n<p>* APARTE del nuevo penal \u201cIgnacio Allende\u201d que ser\u00e1 construido en Jamapa, este mismo a\u00f1o ser\u00e1 edificado el centro penitenciario de Papantla, el cual tendr\u00e1 tres niveles de seguridad y funcionar\u00e1 como distribuidor de reos, seg\u00fan inform\u00f3 hace poco el subsecretario de Prevenci\u00f3n, Vinculaci\u00f3n y Derechos Humanos de la Secretar\u00eda de Seguridad P\u00fablica, Facundo Rosas. El funcionario federal a\u00f1adi\u00f3 que tambi\u00e9n en este 2009 se pondr\u00e1 en marcha la Academia Nacional de Administraci\u00f3n Penitenciaria con sede en la capital veracruzana. <\/p>\n<p>* SALVO cambios de agenda, se prev\u00e9 que el gobernador Fidel Herrera Beltr\u00e1n entregar\u00e1 este lunes por la ma\u00f1ana diversos apoyos para el Instituto Tecnol\u00f3gico Superior de Acayucan, entre los que destaca un veh\u00edculo, as\u00ed como libros y computadoras.<\/p>\n","protected":false},"excerpt":{"rendered":"<p>* Otro puente en L\u00e1zaro C\u00e1rdenas* Quedar\u00e1 listo penal de Papantla Jos\u00e9 Ortiz MedinaEn corto&#8230; sin cortes Interesante sin duda el discurso que pronunci\u00f3 Alfredo G\u00e1ndara Andrade durante la ceremonia que se efectu\u00f3 en el municipio de Benito Ju\u00e1rez, enclavado en la sierra de Chicontepec, a prop\u00f3sito del natalicio de Benito Ju\u00e1rez. Al dirigirse el [&hellip;]<\/p>\n","protected":false},"author":1,"featured_media":0,"comment_status":"open","ping_status":"open","sticky":false,"template":"","format":"standard","meta":{"_jetpack_newsletter_access":"","_jetpack_dont_email_post_to_subs":false,"_jetpack_newsletter_tier_id":0,"_jetpack_memberships_contains_paywalled_content":false,"_jetpack_memberships_contains_paid_content":false,"footnotes":""},"categories":[1],"tags":[],"class_list":["post-8953","post","type-post","status-publish","format-standard","hentry","category-sin-categoria"],"jetpack_featured_media_url":"","jetpack_sharing_enabled":true,"jetpack_shortlink":"https:\/\/wp.me\/p4Qcd3-2kp","_links":{"self":[{"href":"https:\/\/lospoliticosveracruz.com.mx\/index.php?rest_route=\/wp\/v2\/posts\/8953","targetHints":{"allow":["GET"]}}],"collection":[{"href":"https:\/\/lospoliticosveracruz.com.mx\/index.php?rest_route=\/wp\/v2\/posts"}],"about":[{"href":"https:\/\/lospoliticosveracruz.com.mx\/index.php?rest_route=\/wp\/v2\/types\/post"}],"author":[{"embeddable":true,"href":"https:\/\/lospoliticosveracruz.com.mx\/index.php?rest_route=\/wp\/v2\/users\/1"}],"replies":[{"embeddable":true,"href":"https:\/\/lospoliticosveracruz.com.mx\/index.php?rest_route=%2Fwp%2Fv2%2Fcomments&post=8953"}],"version-history":[{"count":0,"href":"https:\/\/lospoliticosveracruz.com.mx\/index.php?rest_route=\/wp\/v2\/posts\/8953\/revisions"}],"wp:attachment":[{"href":"https:\/\/lospoliticosveracruz.com.mx\/index.php?rest_route=%2Fwp%2Fv2%2Fmedia&parent=8953"}],"wp:term":[{"taxonomy":"category","embeddable":true,"href":"https:\/\/lospoliticosveracruz.com.mx\/index.php?rest_route=%2Fwp%2Fv2%2Fcategories&post=8953"},{"taxonomy":"post_tag","embeddable":true,"href":"https:\/\/lospoliticosveracruz.com.mx\/index.php?rest_route=%2Fwp%2Fv2%2Ftags&post=8953"}],"curies":[{"name":"wp","href":"https:\/\/api.w.org\/{rel}","templated":true}]}}