{"id":8954,"date":"2009-03-23T19:23:00","date_gmt":"2009-03-23T19:23:00","guid":{"rendered":"http:\/\/www.lospoliticosveracruz.com.mx\/?p=8954"},"modified":"2014-10-08T19:27:03","modified_gmt":"2014-10-08T19:27:03","slug":"finanzas-sanas-en-el-pri","status":"publish","type":"post","link":"https:\/\/lospoliticosveracruz.com.mx\/?p=8954","title":{"rendered":"Finanzas sanas en el PRI"},"content":{"rendered":"<p><strong>Jos\u00e9 Villegas L\u00f3pez<\/strong><br \/><em>Expresi\u00f3n Personal<\/em><\/p>\n<p>Al platicar con el joven profesional de Administraci\u00f3n P\u00fablica, Manuel Rodr\u00edguez Melgarejo, pudimos de muchas maneras constatar el amplio conocimiento de la materia de la cual es el encargado en el Comit\u00e9 Estatal, como es el manejo de los dineros que reciben por parte de las autoridades del IEV; A manera de reconocimiento es como se le ha permitido continuar con su labor desde hace 4 dirigentes estatales, orgulloso de que hasta hoy no le han llamado la atenci\u00f3n las autoridades electorales por incumplimiento de su deber, comenta que para \u00e9l siempre ha sido la institucionalidad y entrega a su profesi\u00f3n y responsabilidad para que se obtengan los resultados positivos.<br \/>Le preguntamos cual ha sido la formula para tener resultados de esa \u00edndole y ser ejemplo de servidor p\u00fablico y contest\u00f3:<br \/>\u201cLa verdad es que ha sido un trabajo de equipo, con una gran colaboraci\u00f3n en todas la \u00e1reas, eso es lo que ha llevado a tener una buena entrega de documentos, hemos sido muy pulcros en llevar el control en el sentido de la documentaci\u00f3n y en el de ejercer el gasto de las prerrogativas que nos otorga el IEV. De acuerdo a nuestro tabulador de lo que manejamos el recurso y te vuelvo a repetir, el llevar una buena relaci\u00f3n con las \u00e1reas; precisamente para que ellos comprueben el recurso que se les otorga y de alguna manera,  apoyarlos tambi\u00e9n cuando muchas veces se atoran con alguna comprobaci\u00f3n, nosotros hacemos lo posible por cumplir y llevarlos a ellos a que sean responsables y cumplan\u201d. Dice que hasta hoy va trabajando con \u00a14! Presidentes estatal del PRI\u2026\u201cActualmente estoy con el cuarto Presidente trabajando, el Lic. Jorge Carvallo Delf\u00edn, quien me dio la oportunidad de colaborar a su lado y lo cual le agradezco mucho\u201d.<br \/>El funcionario tricolor al preguntarle si ha roto record en permanencia en un puesto tan delicado como es la Administraci\u00f3n y Finanzas del PRI, emocionado dice:<br \/>\u201cEn cierta forma si, pero la verdad es que ha sido un trabajo muy institucional, me da mucho orgullo el colaborar con diferentes personalidades que han dirigido al PRI, es  un gusto trabajar con ellos, porque cada uno tiene su propio estilo, ya que en cierto modo el acoplarnos ha sido una parte importante, siempre siendo institucional, trabajador constante y llevando esa pulcritud con la que nos ha inducido el se\u00f1or gobernador Fidel Herrera Beltr\u00e1n, recordemos que esa aptitud es la mejor manera de decir: \u201cTrabajo mata grilla\u201d.<br \/>Pudimos detectar una sonrisa \u201cpresumidilla\u201d de Rodr\u00edguez Melgarejo en su respuesta a la siguiente pregunta: \u00bfNo te han llamado a cuentas por incumplimiento de un deber en el Instituto Electoral Veracruzano?<br \/>\u201cNo, f\u00edjate que no, afortunadamente siempre hemos tenido una buena entrega en todos los a\u00f1os que llevamos aqu\u00ed colaborando, porque hemos llevado esa exactitud en cumplimiento en todos los detalles, para que de cierto modo ir entregando tal cual como lo exige el Instituto Electoral Veracruzano, entonces el llevar ese control, siempre habla del trabajo que se est\u00e1 llevando en el PRI\u201d.<br \/>Ya para finalizar Manuel Melgarejo Rodr\u00edguez env\u00eda un mensaje a la sociedad y a la militancia pri\u00edsta:<br \/>\u201cQuiero agradecer mucho y exhortar a la sociedad a que sigan confiando en el PRI, que es el mejor partido de M\u00e9xico, la verdad es que las causas sociales por las que estamos enarbolando, todo esto es lo que importa el que se unan y que crean en lo que nosotros estamos involucrando a los simpatizantes es precisamente eso, la revoluci\u00f3n mexicana\u201d.<\/p>\n<p>El de FHB, un gobierno juarista: Rey<br \/>Buena la intervenci\u00f3n del Secretario de Gobierno Reynaldo Escobar P\u00e9rez en el acto conmemorativo al natalicio del Lic. Benito Ju\u00e1rez Garc\u00eda en el parque que lleva el nombre del ilustre oaxaque\u00f1o, al se\u00f1alar que entre otras aptitudes que posee el Lic. Fidel Herrera Beltr\u00e1n son: <br \/>\u201cLa vocaci\u00f3n de servicio y su honestidad a prueba de golpes bajos que profieren algunos pol\u00edticos desgastados, que solamente pretenden ensuciar una imagen p\u00fablica que el pueblo reconoce y lo demuestra cada vez que las encuestas preguntan a los distintos sectores sociales de Veracruz y de M\u00e9xico. La calificaci\u00f3n que se aplica a la forma de gobernar de Fidel Herrera Beltr\u00e1n, la mas alta que se ha tenido en los gobiernos revolucionarios, le corresponde a Fidel, mas alta incluso que la calificaci\u00f3n del pueblo de M\u00e9xico le otorga al Presidente de la Rep\u00fablica, orgullosos nos encontramos los veracruzanos de tener un gobierno juarista como lo ha sido Fidel Herrera Beltr\u00e1n\u201d.<\/p>\n<p>CNC pinta su raya<br \/>Bertha Hern\u00e1ndez Rodr\u00edguez, Presidente de la Confederaci\u00f3n Nacional Campesina en el estado de Veracruz, se manifest\u00f3 en contra de las acciones que un grupo de ca\u00f1eros hizo de un supuesto fraude, la l\u00edder de los campesinos dijo en su momento, que se deslinda totalmente de lo que las organizaciones adheridas al organismo que dirige y que tienen su propia administraci\u00f3n hagan y que acaten su responsabilidad, Hern\u00e1ndez Rodr\u00edguez manifest\u00f3 a los medios de comunicaci\u00f3n:<br \/>\u201cLa agrupaci\u00f3n de los ca\u00f1eros adherida a la CNC que hizo esas acciones fraudulentas, tienen sus dirigentes y  en su manera de administrarse son ajenas a nosotros, lo que hacemos solamente es ayudarlos en la representaci\u00f3n, pero de hecho en la cuesti\u00f3n administrativa no tenemos nada que ver, nosotros nos desligamos de los malos manejos por supuesto, no tenemos otra relaci\u00f3n con ellos mas que la institucional, ellos cuentan con sus dirigentes y nosotros de ninguna manera tenemos nada que ver la Liga de Comunidades Agrarias nos deslindamos de lo que sucede ah\u00ed. No nada m\u00e1s los lideres ca\u00f1eros sino todos los lideres debemos de trabajar con las manos limpias, no es un momento en que la sociedad exige y as\u00ed debe de ser, que actuemos con honestidad y con respeto a la gente que representamos. Los lideres que sigan haciendo da\u00f1o patrimonial a sus sindicatos y organizaciones deben de poner sus barbas a remojar, ya que no se trata de usurpar un cargo y hacer malos manejos de los recursos econ\u00f3micos, creo que es en general hacia la sociedad\u201d.<br \/>Bertha Hern\u00e1ndez Rodr\u00edguez fue enf\u00e1tica al se\u00f1alar que : \u201cNo es que no los reconozca, ellos tienen su administraci\u00f3n independiente son ca\u00f1eros adheridos a la Confederaci\u00f3n Nacional Campesina, es como decirles que hay ramas de la producci\u00f3n adheridas a la CNC como hay otras organizaciones campesinas tambi\u00e9n adheridas a otras, no es privativo de la CNC\u201d.<\/p>\n<p>Primer lugar en afiliados al IMSS: Am\u00e9rico<br \/>El Secretario del Trabajo, Previsi\u00f3n Social y Productividad, Am\u00e9rico Z\u00fa\u00f1iga Mart\u00ednez, anunci\u00f3 en entrevista que el estado de Veracruz ocupa el primer lugar en afiliaciones al IMMS, abordado en el marco del evento de conmemoraci\u00f3n del natalicio de Don Benito Ju\u00e1rez Garc\u00eda dijo el joven funcionario fidelista: \u201cDel mes de diciembre del 2008 al mes de febrero del 2009 se ha registrado de acuerdo a datos estad\u00edsticos del IMSS un aumento en sus altas a los servicios medidos aproximadamente 14, 000,000 personas, mas de 13,200 que al d\u00eda de hoy deben de estar ya cerca de los 14, 000,000 veracruzanos registrados en ambas delegaciones tanto en la norte como en la sur. Esos nos coloca entre las muy pocas entidades federativas que est\u00e1n registrando altas y crecimiento en cuanto al numero de afiliados al IMMS el primer lugar en la naci\u00f3n y el estado que sigue despu\u00e9s de Veracruz ha registrado quiz\u00e1 la mitad\u201d.<\/p>\n<p>Soy custodio, no m\u00e9dico: Sammy<br \/>Los detenidos por fraude en contra de los ca\u00f1eros precisamente de los que se deslindan la dirigente de la CNC en Veracruz, Profra. Bertha Hern\u00e1ndez Rodr\u00edguez: Luis Heredia Trigueros, Apolinar Dom\u00ednguez L\u00f3pez, Eleuterio Acosta P\u00e9rez y Geidi Cervantes Pereyna  est\u00e1n en tratamiento medico as\u00ed lo dio a conocer el Lic. Samuel Ju\u00e1rez: \u201cEllos estuvieron en el Hospital Civil  donde fueron revisados por el m\u00e9dico, valorados y tienen que estar en un proceso de tratamiento de sus enfermedades, uno de ellos es el que est\u00e1 muy mal del estomago\u201d al increparlo sobre porque un cuadro diarreico ha tardado tanto tiempo en sanar el Director de la Polic\u00eda Ministerial Samuel Ju\u00e1rez  dijo en tono molesto a los reporteros: \u201c\u00a1D\u00edganle al m\u00e9dico! Acu\u00e9rdense que yo solamente soy la persona que me los dan en custodia yo no puedo ordenarle al sector salud, ni al Juez ni al Ministerio P\u00fablico, acu\u00e9rdense que nosotros somos custodios solamente, nosotros estamos pidiendo que est\u00e9n mas cerca porque van a ser valorados por la continuidad de su tratamiento medico y eso es lo que estamos haciendo, los internamos en el CERESO de Pacho Viejo, para poder presentarlo cuando sea requerido por el especialista de acuerdo a lo que el m\u00e9dico les diga, ellos est\u00e1n en el interior del penal como cualquier otro reo  no se trata de que est\u00e9n en un hotel o en otro lado, est\u00e1n a disposici\u00f3n del Juez\u201d.<\/p>\n<p>Retureta, a la Fundaci\u00f3n FHB<br \/>Tom\u00f3 Protesta de Ley Lauro Retureta Salas como Delegado Municipal de la Fundaci\u00f3n Fidel Herrera Beltr\u00e1n, siendo el lugar  el Sal\u00f3n Social del municipio de Emiliano Zapata, quien estuvo acompa\u00f1ado por agentes y subagentes municipales, as\u00ed como de lideres de colonias y Presidentes de seccionales, con un trabajo intenso de penetraci\u00f3n en la gente de las comunidades mas alejadas de la urbanizaci\u00f3n de gesti\u00f3n social,  dijo en su primer mensaje ante cientos de asistentes que le manifestaron su respaldo: \u201cLa capacidad de todo ser humano, el trabajo, son la base fundamental para lograr un buen trabajo en un gran proyecto, generar los grandes cambios en la sociedad, es por esto que  a lo largo de mi vida personal han hecho de mi un hombre de fuertes convicciones y firmes metas, las cuales me impulsan a seguir d\u00eda a d\u00eda logrando objetivos y superando los retos que la vida me presenta hoy asumo este gran reto el de llevar a cada rinc\u00f3n del municipio la ayuda sin distinci\u00f3n que ofrece la Fundaci\u00f3n Fidel Herrera Beltr\u00e1n y la tomo con la responsabilidad y seriedad que se requiere\u201d.<br \/>Para el nuevo funcionario de la Fundaci\u00f3n Fidel Herrera Beltr\u00e1n la finalidad es ver por los que menos tienen por tal motivo enfatiz\u00f3: \u201cVamos a ir primero a las comunidades para conocer sus necesidades y poder trabajar poco a poco irles ayudando porque aunque el municipio ha trabajado muy bien, ha realizado muy bien las cosas en beneficio de la gente, principalmente con el gran apoyo del Lic. Fidel Herrera Beltr\u00e1n, se que vamos a hacer un trabajo arduo a lo largo y ancho de lo que es el municipio de Emiliano Zapata; vamos a trabajar con la gente mas humilde, con las personas con capacidades distintas y sobre todo tambi\u00e9n con las gentes mas pobres que no tienen vivienda, yo como empresario he apoyado a mucha gente  que ha venido a pedirme apoyo,  a  todos ellos los vamos a poder ayudar, he conseguido para el municipio mil viviendas con la empresa HOMEX, yo mismo gestion\u00e9 con ellos y les vend\u00ed las propiedades para que se construyeran los fraccionamientos, para as\u00ed poder tener y captar mas dinero para el ayuntamiento y hacer mas obra en Emiliano Zapata; La Fundaci\u00f3n Fidel Herrera Beltr\u00e1n es apol\u00edtica, vamos a empezar a trabajar por este proyecto que el gobernador me ha honrado para poder llevar a cabo las tareas necesarias en Emiliano Zapata, trabajar por los que menos tienen es la instrucci\u00f3n del jefe que gobierna a Veracruz. Es un orgullo portar la camiseta de esta noble instituci\u00f3n misma que agradezco al Lic. Fidel Herrera Beltr\u00e1n por haberse fijado en m\u00ed, porque  sabe que soy una persona responsable y de mucho trabajo, porque como empresario he salido adelante, he luchado por ser alguien en la vida y lo estoy logrando paso a paso con mucho esfuerzo, con mucho trabajo con mucha dedicaci\u00f3n y sobre todo con mucho empe\u00f1o porque el trabajo no se da solo hay que buscarlo, adem\u00e1s porque nac\u00ed aqu\u00ed en el municipio\u201d.<br \/>El Coordinador Operativo Estatal de la Fundaci\u00f3n Fidel Herrera Beltr\u00e1n Profr. Guillermo Hern\u00e1ndez Mart\u00ednez dijo en su mensaje \u201cPara mi es un honor estar aqu\u00ed donde con una gran organizaci\u00f3n vemos a Lauro Retureta y a muchos amigos y compa\u00f1eros de la Fundaci\u00f3n Fidel Herrera Beltr\u00e1n, mas que tener los nombramientos importan las personas, miren hay gente de Cerro Azul, Villa Azueta, Tlaltetela, Coatepec, de polo a polo la instituci\u00f3n est\u00e1 en todo el estado de Veracruz, la labor social y luchar por la gente que menos tiene es lo que hacemos en la Fundaci\u00f3n, estamos reacomodando a todos nuestros Delegados Municipales,  ayudando a la gente humilde y de escasos recursos, hoy estamos invitando a trabajar a quienes tengan la verdadera vocaci\u00f3n de servir a la sociedad, a nuevos delegados y aqu\u00ed en Emiliano Zapata es el primer municipio donde el Gobernador Fidel Herrera Beltr\u00e1n nombra al C. Lauro Retureta Salas, como Delegado municipal de la Fundaci\u00f3n Fidel Herrera Beltr\u00e1n, para nosotros es muy significativo es el primero de los 210 municipios que conforman el estado y que en breve se les entregar\u00e1n los nombramientos correspondientes a los hombres y mujeres que est\u00e1n dispuestos a formar parte de \u00e9sta instituci\u00f3n noble y altruista. Destaco aqu\u00ed que en este hermoso lugar el Primer Delegado a nivel estatal fuel el hoy alcalde Fernando Retureta Garc\u00eda y que gracias a su estupenda labor en la Fundaci\u00f3n y a su gran capital pol\u00edtico, hoy gobierna para todos los habitantes de Emiliano Zapata, hoy Lauro acepta el compromiso de llevar los servicios de asistencia ciudadana a todos los rincones de la demarcaci\u00f3n municipal para responder a la confianza que el mismo mandatario le ha conferido.<br \/>Antonio G\u00f3mez Anell, Director de Administraci\u00f3n y Finanzas de la SEDESMA en representaci\u00f3n del Lic. Fidel Herrera Beltr\u00e1n, reconoci\u00f3 en el nuevo Delegado de la Fundaci\u00f3n que lleva su nombre entre otras cosas dijo que: \u201cEl gobernador Fidel herrera Beltr\u00e1n, conocedor de la gran labor altruista que ha realizado el C. Lauro Retureta ha llevado a cabo no solamente en la cabecera municipal sino en todas las comunidades, no dud\u00f3 ni un momento en autorizar que sea a partir de hoy sea el nuevo Delegado Municipal de la Fundaci\u00f3n Fidel Herrera Beltr\u00e1n, ahora siguiendo las instrucciones del gobernador hoy estoy aqu\u00ed para se lleve a cabo la ceremonia de entrega oficial del nombramiento quiero decirle a Lauro que el ser Delegado de la Fundaci\u00f3n Fidel Herrera Beltr\u00e1n es una gran responsabilidad de llevar el nombre de quien no tengo duda, ha sido el mejor gobernador que ha tenido Veracruz, es seguir un ejemplo de un hombre que trabaja de lunes a lunes, de una de la ma\u00f1ana a una de la ma\u00f1ana o sea  sin descansar ni un solo d\u00eda y que siempre est\u00e1 atento de las necesidades de la poblaci\u00f3n, de un trabajo cercano en todo momento a la gente.  A nombre del gobernador Fidel Herrera Beltr\u00e1n te hago llegar su felicitaci\u00f3n y a toda la gente presente le env\u00eda un saludo de amigo veracruzano y que sepas que cuentas con todo su respaldo en esta Asociaci\u00f3n Civil, que se ha distinguido a diferencia de muchas otras de ser una Fundaci\u00f3n de resultados, una Fundaci\u00f3n que trabaja por la gente que mas necesita en beneficio de los ni\u00f1os con capacidades especiales, adultos mayores, madres solteras, ni\u00f1os, los grupos mas vulnerables, siempre enalteciendo el nombre de Fidel Herrera Beltr\u00e1n con sencillez, humildad, trabajo y con el reconocimiento de la sociedad\u201d.<br \/>Presente en el evento de la toma de protesta de su t\u00edo, el alcalde de Emiliano Zapata Fernando Retureta Garc\u00eda, nos comenta que para \u00e9l siempre ha sido un orgullo decir: \u201cYo fui el primer Delegado de la Fundaci\u00f3n Fidel Herrera Beltr\u00e1n en el estado de Veracruz y ahorita estamos trabajando entusiastamente y Lauro Retureta es una persona que le gusta hacer servicio social aqu\u00ed en el municipio; La Fundaci\u00f3n Fidel Herrera se encuentra muy en el \u00e1nimo de los ciudadanos, ya que se les respondido y se ha entregado apoyos en despensas,  transporte de  pasajeros para los adultos mayores, servicio medico, viviendas, laminas de cart\u00f3n, yo siento que trabajando bien y de manera entregada a la sociedad, al final obtiene su cada quien su recompensa, la Fundaci\u00f3n se cre\u00f3 cuando no hab\u00eda elecciones as\u00ed que ya la gente sabe para donde irse en los tiempos electorales, se trabajar\u00e1 unidos a los sectores del PRI y Lauro Zapata es un gestor natural\u201d.<br \/>Comentarios y sugerencias: expresionpersonal@hotmail.com<\/p>\n<p>Celular: 0442281341440.<\/p>\n","protected":false},"excerpt":{"rendered":"<p>Jos\u00e9 Villegas L\u00f3pezExpresi\u00f3n Personal Al platicar con el joven profesional de Administraci\u00f3n P\u00fablica, Manuel Rodr\u00edguez Melgarejo, pudimos de muchas maneras constatar el amplio conocimiento de la materia de la cual es el encargado en el Comit\u00e9 Estatal, como es el manejo de los dineros que reciben por parte de las autoridades del IEV; A manera [&hellip;]<\/p>\n","protected":false},"author":1,"featured_media":0,"comment_status":"open","ping_status":"open","sticky":false,"template":"","format":"standard","meta":{"_jetpack_newsletter_access":"","_jetpack_dont_email_post_to_subs":false,"_jetpack_newsletter_tier_id":0,"_jetpack_memberships_contains_paywalled_content":false,"_jetpack_memberships_contains_paid_content":false,"footnotes":""},"categories":[1],"tags":[],"class_list":["post-8954","post","type-post","status-publish","format-standard","hentry","category-sin-categoria"],"jetpack_featured_media_url":"","jetpack_sharing_enabled":true,"jetpack_shortlink":"https:\/\/wp.me\/p4Qcd3-2kq","_links":{"self":[{"href":"https:\/\/lospoliticosveracruz.com.mx\/index.php?rest_route=\/wp\/v2\/posts\/8954","targetHints":{"allow":["GET"]}}],"collection":[{"href":"https:\/\/lospoliticosveracruz.com.mx\/index.php?rest_route=\/wp\/v2\/posts"}],"about":[{"href":"https:\/\/lospoliticosveracruz.com.mx\/index.php?rest_route=\/wp\/v2\/types\/post"}],"author":[{"embeddable":true,"href":"https:\/\/lospoliticosveracruz.com.mx\/index.php?rest_route=\/wp\/v2\/users\/1"}],"replies":[{"embeddable":true,"href":"https:\/\/lospoliticosveracruz.com.mx\/index.php?rest_route=%2Fwp%2Fv2%2Fcomments&post=8954"}],"version-history":[{"count":0,"href":"https:\/\/lospoliticosveracruz.com.mx\/index.php?rest_route=\/wp\/v2\/posts\/8954\/revisions"}],"wp:attachment":[{"href":"https:\/\/lospoliticosveracruz.com.mx\/index.php?rest_route=%2Fwp%2Fv2%2Fmedia&parent=8954"}],"wp:term":[{"taxonomy":"category","embeddable":true,"href":"https:\/\/lospoliticosveracruz.com.mx\/index.php?rest_route=%2Fwp%2Fv2%2Fcategories&post=8954"},{"taxonomy":"post_tag","embeddable":true,"href":"https:\/\/lospoliticosveracruz.com.mx\/index.php?rest_route=%2Fwp%2Fv2%2Ftags&post=8954"}],"curies":[{"name":"wp","href":"https:\/\/api.w.org\/{rel}","templated":true}]}}