{"id":8957,"date":"2009-03-21T00:32:00","date_gmt":"2009-03-21T00:32:00","guid":{"rendered":"http:\/\/www.lospoliticosveracruz.com.mx\/?p=8957"},"modified":"2014-10-08T19:27:06","modified_gmt":"2014-10-08T19:27:06","slug":"madrinas-para-el-chapuzon","status":"publish","type":"post","link":"https:\/\/lospoliticosveracruz.com.mx\/?p=8957","title":{"rendered":"\u00a1Madrinas para el chapuz\u00f3n!"},"content":{"rendered":"<p><strong>Salvador Mu\u00f1oz<\/strong><br \/><em>Los Pol\u00edticos<\/em><\/p>\n<p>Dijeran los voladores de Papantla, hoy tan de moda en el Taj\u00edn: No hay que darle muchas vueltas al asunto. Si Jer\u00f3nimo Folgueras no se ha metido a las aguas de Veracruz, es porque ha estado muy al pendiente de que la fiesta totonaca prosiga en orden.<br \/>Bueno\u2026 eso es lo que dir\u00eda yo, si fuera oficialista y el secretario de Turismo me hubiera invitado a dicho festival, pero como ni tengo \u201cchayotito\u201d ni me invitaron, les voy a decir cu\u00e1l es la verdadera raz\u00f3n por la que no ha tocado con sus piecitos las aguas marinas de la zona conurbada de Veracruz-Boca del R\u00edo:<br \/>Sencillamente porque no es tiempo\u2026<br \/>Tras un an\u00e1lisis sesudo y concienzudo y tras eliminar la serie de hip\u00f3tesis que proyectamos hace poco para resolver el misterio a esa hidrofobia de Folgueras, llegamos a esa conclusi\u00f3n\u2026 \u00a1no es tiempo!<br \/>\u00bfPor qu\u00e9?<br \/>Sencillo\u2026<br \/>Se supone que la temporada fuerte para que las playas veracruzanas (desde Coatza, Monte P\u00edo, Veracruz, Costa Esmeralda, Papantla y Tuxpan) se retaquen de turistas, es Semana Santa.<br \/>Entonces\u2026 \u00bfpara qu\u00e9 mojarse antes de tiempo?<br \/>J\u00farelo que una vez que pase el festival de El Taj\u00edn, hemos de ver, no s\u00f3lo a Jer\u00f3nimo Folgueras, sino tambi\u00e9n al titular de Salud, Manuel Lila de Arce y si ya para esas fechas se recuper\u00f3 Jon Rementer\u00eda (\u00e1nimo alcalde, tiene que echarle ganas y mucho ejercicio, eso s\u00ed, con calma y paciencia*), igual ha de estar sumergi\u00e9ndose en las aguas jarochas.<br \/>Por supuesto\u2026 pregunto: usted amable lector, \u00bfquiere ver las \u201ctristezas\u201d de dichos funcionarios al salir de la mar?<br \/>Dijeran las chavitas de hoy: \u00a1\u00a1\u00a1Iuuuuu!!! \u00a1Para nada! \u00bfVerdad?<br \/>As\u00ed que, para darle un nuevo color e imagen a la promoci\u00f3n de playas limpias y bonitas de nuestro Veracruz, le propongo al secretario de Turismo y Salud, \u00a1unas madrinas!<br \/>Sabemos que andan cortos de presupuesto, y es posible que a diferencia de Enrique Pe\u00f1a Nieto, nos sea dif\u00edcil contratar a un \u201ccuero\u201d como Lucero.<br \/>De \u201ca grapas\u201d, no creo que Adriana Fonseca, Ana de la Reguera, Salma Hayek o ya de perdis, Yuri, quieran echarnos la mano\u2026 o las piernas en este caso (son\u00f3 a albur)\u2026<br \/>Y ni modo de recurrir a \u201cLa Nana Goya\u201d, \u201cPaquita la del Barrio\u201d o a la t\u00eda Evita Mu\u00f1oz \u201cChachita\u201d para que salieran del mar, tipo Bo Derek en \u201c10, la Mujer Perfecta\u201d porque la idea es promover las playas veracruzanas.<br \/>Es entonces que tenemos que recurrir a nuestros propios recursos, as\u00ed que, si los titulares de Turismo y Salud est\u00e1n de acuerdo, les propongo a las siguientes bellezas femeninas que con su escultural anatom\u00eda, inviten a meterse a nuestras playas:<br \/>De entrada, como embajadora de las playas veracruzanas, a Ainara Rementer\u00eda Coello\u2026 \u00bfo prefieren a Jon?<br \/>Por supuesto, nosotros no vemos colores, e invitar\u00edamos a Paty Lobeira, quien no canta mal las rancheras.<br \/>Ellas dos, en calidad de representantes municipales\u2026 ahora, en representaci\u00f3n del Gobierno estatal:<br \/>Silvia Dom\u00ednguez\u2026 \u00a1no es cierto! Era una broma\u2026 pero\u2026 \u00bfqu\u00e9 le parece Karime Aguilera Guzm\u00e1n? La ver\u00e1 as\u00ed flaquita pero con sus rutinas de \u201cspinning\u201d ha hecho chamorro.<br \/>Se sumar\u00eda a esta representaci\u00f3n Linda Rub\u00ed Mart\u00ednez D\u00edaz, la del Injuver\u2026 digo: joven, entusiasta y chambeadora, seguro que tiene qu\u00e9 lucir.<br \/>Quien de plano tiene que presumir mucho es Frida Celeste Rosas Peralta, la dirigente del FJR, quien es una excelente bailarina\u2026 \u00a1vaya! Tiene con qu\u00e9 defenderse.<br \/>Ahora que si quieren buena pierna, \u00bfc\u00f3mo ven a Iresine Calzada?<br \/>Por supuesto, no podemos dejar de lado a nuestro congreso local y qui\u00e9n m\u00e1s que Dalia P\u00e9rez, de pierna larga y fina, reconocida a nivel mundial, por supuesto, todas las damas con singular traje de ba\u00f1o rojo\u2026<br \/>\u00bfCon esas extremidades mencionadas, qui\u00e9n demonios le va a hacer caso a las verg\u00fcenzas del titular de Turismo y de Salud?<br \/>\u00a1Qu\u00e9!<br \/>\u00bfSe les hace poco?<br \/>\u00a1Claro! Para un evento de esta naturaleza se debe tener platillo fuerte y qu\u00e9 mejor que lucir la belleza de los enlaces de prensa de ambas secretar\u00edas: Alma Delia Acosta y Marito\u00f1a Baxin\u2026<br \/>\u00a1C\u00f3mo no va a haber turismo con todas estas bellezas en el agua!<br \/>Ahora\u2026 \u00a1a esperar Semana Santa!<\/p>\n<p><strong>*\u00c1nimo Jon*<\/strong><br \/>*De acuerdo al informe que dio Ainara Rementer\u00eda, el alcalde porte\u00f1o est\u00e1 sometido a estudios para curar sus males respiratorios: \u201cMis recomendaciones para \u00e9l es que coma bien y dedique al menos 15 minutos para hacer ejercicio, pero luego con tanto trabajo es que no lo hace y ahora es necesario que se realice los estudios\u201d\u2026 cr\u00e9alo que en breve, el alcalde estar\u00e1 dando guerra por todos lados\u2026 es fuerte y su humor lo ayudar\u00e1\u2026 \u00a1suerte!<\/p>\n<p><strong>*Tiene estilo*<\/strong><br \/>El secretario del Trabajo, Am\u00e9rico Z\u00fa\u00f1iga Mart\u00ednez, sin lugar a dudas tiene estilo propio, tanto para hacer pol\u00edtica como para patear un bal\u00f3n\u2026 Ante las delegaciones de la Fesapauv, el Secretario de Trabajo, Am\u00e9rico Z\u00fa\u00f1iga, dio la patada inicial de los \u201cJuegos Deportivos 2009 Fesapauv\u201d donde exhibi\u00f3 sin lugar a dudas, el esp\u00edritu americanista que lo invade\u2026 golpea el bal\u00f3n al estilo mismo del \u201cBeb\u00e9\u201d Pavel Pardo.<\/p>\n<p><strong>*\u00a1Orden de trabajo!*<\/strong><br \/>En nota de \u201cEl Universal\u201d aparece lo siguiente: \u201cEn el equipo de gobierno del presidente Felipe Calder\u00f3n (\u2026)hay funcionarios p\u00fablicos cuyos nombres aparecen en los expedientes de la fuga en 2001 del narcotraficante Joaqu\u00edn El Chapo Guzm\u00e1n, l\u00edder del c\u00e1rtel de Sinaloa. De acuerdo con los documentos, de los que da cuenta la revista electr\u00f3nica Reporte \u00cdndigo, dichos funcionarios dirig\u00edan en ese a\u00f1o las instituciones responsables de prevenir e impedir la huida de quien entonces carec\u00eda de liderazgo y hoy aparece en la lista de millonarios de Forbes. (Cita Informe \u00cdndigo) a Enrique P\u00e9rez Rodr\u00edguez, director adjunto de la Direcci\u00f3n General de Prevenci\u00f3n y Readaptaci\u00f3n Social de la Secretar\u00eda de Gobernaci\u00f3n a fines del gobierno zedillista y titular del \u00e1rea (dependiente de la Secretar\u00eda de Seguridad P\u00fablica) a inicios de la administraci\u00f3n de Fox. Actualmente es delegado del Issste en Veracruz\u201d.<\/p>\n","protected":false},"excerpt":{"rendered":"<p>Salvador Mu\u00f1ozLos Pol\u00edticos Dijeran los voladores de Papantla, hoy tan de moda en el Taj\u00edn: No hay que darle muchas vueltas al asunto. Si Jer\u00f3nimo Folgueras no se ha metido a las aguas de Veracruz, es porque ha estado muy al pendiente de que la fiesta totonaca prosiga en orden.Bueno\u2026 eso es lo que dir\u00eda [&hellip;]<\/p>\n","protected":false},"author":1,"featured_media":0,"comment_status":"open","ping_status":"open","sticky":false,"template":"","format":"standard","meta":{"_jetpack_newsletter_access":"","_jetpack_dont_email_post_to_subs":false,"_jetpack_newsletter_tier_id":0,"_jetpack_memberships_contains_paywalled_content":false,"_jetpack_memberships_contains_paid_content":false,"footnotes":""},"categories":[1],"tags":[],"class_list":["post-8957","post","type-post","status-publish","format-standard","hentry","category-sin-categoria"],"jetpack_featured_media_url":"","jetpack_sharing_enabled":true,"jetpack_shortlink":"https:\/\/wp.me\/p4Qcd3-2kt","_links":{"self":[{"href":"https:\/\/lospoliticosveracruz.com.mx\/index.php?rest_route=\/wp\/v2\/posts\/8957","targetHints":{"allow":["GET"]}}],"collection":[{"href":"https:\/\/lospoliticosveracruz.com.mx\/index.php?rest_route=\/wp\/v2\/posts"}],"about":[{"href":"https:\/\/lospoliticosveracruz.com.mx\/index.php?rest_route=\/wp\/v2\/types\/post"}],"author":[{"embeddable":true,"href":"https:\/\/lospoliticosveracruz.com.mx\/index.php?rest_route=\/wp\/v2\/users\/1"}],"replies":[{"embeddable":true,"href":"https:\/\/lospoliticosveracruz.com.mx\/index.php?rest_route=%2Fwp%2Fv2%2Fcomments&post=8957"}],"version-history":[{"count":0,"href":"https:\/\/lospoliticosveracruz.com.mx\/index.php?rest_route=\/wp\/v2\/posts\/8957\/revisions"}],"wp:attachment":[{"href":"https:\/\/lospoliticosveracruz.com.mx\/index.php?rest_route=%2Fwp%2Fv2%2Fmedia&parent=8957"}],"wp:term":[{"taxonomy":"category","embeddable":true,"href":"https:\/\/lospoliticosveracruz.com.mx\/index.php?rest_route=%2Fwp%2Fv2%2Fcategories&post=8957"},{"taxonomy":"post_tag","embeddable":true,"href":"https:\/\/lospoliticosveracruz.com.mx\/index.php?rest_route=%2Fwp%2Fv2%2Ftags&post=8957"}],"curies":[{"name":"wp","href":"https:\/\/api.w.org\/{rel}","templated":true}]}}