{"id":8963,"date":"2009-03-19T13:51:00","date_gmt":"2009-03-19T13:51:00","guid":{"rendered":"http:\/\/www.lospoliticosveracruz.com.mx\/?p=8963"},"modified":"2014-10-08T19:27:08","modified_gmt":"2014-10-08T19:27:08","slug":"el-otro-periodismo-nace-nueva-asociacion-de-periodistas-en-linea","status":"publish","type":"post","link":"https:\/\/lospoliticosveracruz.com.mx\/?p=8963","title":{"rendered":"El otro periodismo: Nace nueva asociaci\u00f3n de periodistas En L\u00ednea"},"content":{"rendered":"<p><a href=\"http:\/\/www.lospoliticosveracruz.com.mx\/wp-content\/uploads\/2009\/03\/11.jpg\"><img decoding=\"async\" style=\"display:block; margin:0px auto 10px; text-align:center;cursor:pointer; cursor:hand;width: 400px; height: 300px;\" src=\"http:\/\/www.lospoliticosveracruz.com.mx\/wp-content\/uploads\/2009\/03\/11-300x225.jpg\" border=\"0\" alt=\"\"id=\"BLOGGER_PHOTO_ID_5314897723129441106\" \/><\/a><br \/><a href=\"http:\/\/www.lospoliticosveracruz.com.mx\/wp-content\/uploads\/2009\/03\/21.jpg\"><img decoding=\"async\" style=\"display:block; margin:0px auto 10px; text-align:center;cursor:pointer; cursor:hand;width: 400px; height: 300px;\" src=\"http:\/\/www.lospoliticosveracruz.com.mx\/wp-content\/uploads\/2009\/03\/21-300x225.jpg\" border=\"0\" alt=\"\"id=\"BLOGGER_PHOTO_ID_5314897732452283058\" \/><\/a><br \/><strong>Jos\u00e9 Villegas L\u00f3pez<\/strong><br \/><em>Expresi\u00f3n Personal<\/em><\/p>\n<p>Nos dieron las 12:00 Horas del d\u00eda 18 de marzo en el conocido caf\u00e9 cercano a palacio de gobierno, poco a poco fueron llegando los compa\u00f1eros del periodismo serio, objetivo y veraz, amigos que solamente conoc\u00edamos por Messenger o leyendo sus prestigiadas columnas o art\u00edculos que publican en lo referente a lo que sucede en nuestro entorno pol\u00edtico.<br \/>Claudia Guerrero y Mirian Olalde fueron de las primeras en llegar, seguidas por Margarito Zapata, Sabino Cruz, Pablo Filiberto Hern\u00e1ndez V\u00e9lez, Timoteo Solano ya estaba pendiente de la llegada de los convocados y el motivo principal:<br \/>Formar un frente com\u00fan en contra de las discriminaciones de los funcionarios de los tres niveles de gobierno, de la unidad por la defensa de la dignidad de los trabajadores de los medios de informaci\u00f3n y rescatar los valores elementales de honestidad, valent\u00eda y compromiso con la sociedad que nos reclama su derecho de libre expresi\u00f3n, con un debate muy interesante entre los asistentes nos enriquecimos de experiencias de escuchar a verdaderos titanes del periodismos como lo es Carlos de Jes\u00fas Rodr\u00edguez, la misma Claudia Guerrero Mart\u00ednez, Margarito Zapata, Jos\u00e9 Luis Macilla Mart\u00ednez, Leovigilda Cabrera Contreras y muchos compa\u00f1eros que se solidarizaron con el movimiento que marca la \u00a1Nueva era en el periodismo por Internet!<br \/>Nos dio mucho gusto en lo personal ver que vamos hac\u00eda una misma direcci\u00f3n que es luchar por logras los espacios que por muchos a\u00f1os se le ha negado a los peque\u00f1os empresarios editoriales que han encontrado barreras y prepotencias de parte de la parte oficial de los tres niveles, no m\u00e1s discriminaci\u00f3n para los que tenemos un trabajo detr\u00e1s de nosotros y que cumplimos compromisos con el equipo de trabajo que nos acompa\u00f1a, aqu\u00ed no es de uno solo, somos todos o no somos nada, la mayor\u00eda coincidi\u00f3 en que si no estamos unidos iremos a la derrota, aclaro: Muchos tenemos nuestro prestigio y quiz\u00e1 no necesitemos de unirnos a una organizaci\u00f3n real que defienda nuestra labor, pero si es necesario formar un bloque de intercambio de ideas e informaci\u00f3n.<br \/>La Asociaci\u00f3n de Directores de Medios Electr\u00f3nicos del Estado de Veracruz, nace con la misma inquietud de la defensa de la dignidad del periodismo, que ha sentido lo que es sufrir para alcanzar el lugar en que actualmente se ubica en la gente que es empresaria del verbo EMPRENDER.<br \/>En la primera reuni\u00f3n informativa se convoc\u00f3 a que en la pr\u00f3xima semana nos reunamos de nuevo para llevar una propuesta fija de buscar quien nos represente, tener un plan espec\u00edficamente de trabajo y estrategias para lograr acuerdos que nos favorezcan con logros de beneficio en grupo.<br \/>Blanca Estela Arg\u00fcelles Cervantes por su parte dijo que: \u201cCon esta primera reuni\u00f3n se pretende consolidar a la brevedad, una organizaci\u00f3n de Medios, que en verdad vele por los intereses del gremio, donde todos tendremos voz y voto. Que seamos una gran familia, pero sobre todo lo mas importante, tener la fuerza necesaria para bien informar a los veracruzanos que sin importar de que municipio seamos, lo mas importante es el poder ofrecerle a los cibernautas informaci\u00f3n de primera y en el momento que sucede\u201d<br \/>Los asistentes escuchamos con atenci\u00f3n las expresiones que emanaban de los que hablaron para dar a conocer su punto de vista veamos la del responsable de la Televisi\u00f3n Veracruzana por Internet, Margarito Zapata:<br \/> \u201cAqu\u00ed lo que se tiene que manejar no es ver si alguien tienen tendencias hacia alg\u00fan color, alg\u00fan partido pol\u00edtico o hac\u00eda un grupo, aqu\u00ed lo importante es centrarnos en crear un organismo que vea por el periodista, por nosotros, que bueno que se dio de esta manera la convocatoria, porque cada quien puede tener preferencias personales en lo que guste y mande y estamos en nuestro derecho, pero la labor profesional que se tiene que desempe\u00f1ar es una y no debe de contaminarse ni por color o tendencias religiosas ni otra situaci\u00f3n, entonces en ese sentido creo que para ser una primera reuni\u00f3n lo importante es conocernos y definir que queremos en com\u00fan, aclarar esta situaci\u00f3n de si hay tendencias o no, pero a final de cuentas superarlas sobre todo, no quedarnos en que la compa\u00f1era o compa\u00f1ero tiene una inclinaci\u00f3n, simple y sencillamente entender como yo entiendo que esta organizaci\u00f3n esta pensada en fortalecer la labor period\u00edstica en los medios electr\u00f3nicos, los medios por Internet, entonces yo creo que si nos enfocamos exclusivamente a ello y respetamos lo que en lo personal, tengamos o no tengamos de intenciones o de tendencias vamos a lograr mucho juntos\u201d. Hasta ah\u00ed las palabras del Director General de www.tvi.com.mx y de www.vocesveracruzanas.com.mx<br \/>A manera de opini\u00f3n escuchamos tambi\u00e9n al prestigiado periodista y propietario del portal www.gobernantes.com Carlos de Jes\u00fas Rodr\u00edguez:<br \/>\u201cYo vine aqu\u00ed de invitado y para apoyarlos alg\u00fan d\u00eda encabezamos un movimiento en apoyo a Ra\u00fal Gibb y me plant\u00e9 frente a palacio de gobierno contra el gobernador Fidel Herrera Beltr\u00e1n, me puse un bozal en la boca y pintamos pancartas, recibimos el rechazo de quienes s\u00ed son pagados por el gobierno y aun as\u00ed seguimos adelante. Yo no ando en busca de cargos ni posiciones, me los han ofrecido incluso en gobierno y eso fue uno de los castigos que tuve por rechazar un cargo, una instrucci\u00f3n de un gobernador\u2026 No se\u00f1ores, no los necesito gracias a Dios. Yo vengo a escucharlos y si puedo apoyarlos con algo lo voy a hacer con todo el gusto del mundo y nada m\u00e1s, ah\u00ed est\u00e1 el espacio de Gobernantes, creo que hasta ahorita los que han tenido la oportunidad de escribir en el portal de noticias, ni un art\u00edculo ha sido rechazado por m\u00e1s cr\u00edtico que sea, creo que para hacer una organizaci\u00f3n, primero debemos de organizarnos respecto a lo que se quiere, porque si estamos pensando ya que tenemos tendencia, de que estamos en busca de una posici\u00f3n que alguien te pueda arrebatar, en ese momento esto se pierde, si empezamos a hablar de intereses, de nuestras posibilidades o imposibilidades ya no tiene ning\u00fan sentido, el periodismo es un apostolado, el periodismo es una m\u00edstica, el periodismo es un servicio a la sociedad y cada vez que una gente se acerque a nosotros en busca de apoyo, desde luego estoy hablando de la sociedad y no de los poderosos, tenemos que abrirles los espacios, a los poderosos hay que cobr\u00e1rselos, porque somos sector privado se\u00f1ores y tenemos que vivir de algo y tenemos que pagar impuestos y pagar empleados y tenemos que pagar una empresa; yo no pienso en empresas mediocres nunca, tengo adem\u00e1s de Gobernantes varias empresas, yo no vivo de esto cr\u00e9anme, puedo ganar lo que no tienen idea, pero me ha costado mucho trabajo con la frente en alto y con dignidad, nadie puede decirle en este momento a Carlos de Jes\u00fas ning\u00fan funcionario y los he retado p\u00fablicamente \u00a1Que me ha dado un peso! les quiero decir a algunos que me ha llevado la queja de que un colaborador cobra o esto\u2026 Yo los he reprendido e incluso he sacado ah\u00ed en Gobernantes \u00a1No cobramos ni un servicio a nadie \u00a1si alguien est\u00e1 pidiendo dinero a nombre de la empresa den\u00fancialo porque esa es nuestra m\u00edstica.\u201d<br \/>Entre chocomilk, caf\u00e9 americano y jugo, correspondi\u00f3 a Jos\u00e9 Luis Mancilla Mart\u00ednez, Director de www.observadorciudadano.com decir:<br \/>\u201cAqu\u00ed retomo lo que dijo Carlos de Jes\u00fas es de que hay que saber que queremos hacer antes de saber quienes nos van a encabezar espero que estemos de acuerdo con ese tema, mi humilde opini\u00f3n es ponernos primero de acuerdo en: \u00bfQu\u00e9 clase se asociaci\u00f3n queremos? \u00bfA d\u00f3nde queremos llegar con ella? Y posteriormente tener el consenso de todos para poder decir: \u00bfQui\u00e9n puede ser quien la dirija? Que finalmente creo que aqu\u00ed la importancia es la participaci\u00f3n de todos, no porque una persona la presida y una persona la secunde, nos vamos a quedar con esa situaci\u00f3n\u201d. <br \/>Para la compa\u00f1era de Grupo y Agencia Roguian,  Claudia Guerrero Mart\u00ednez, propietaria de los medios de informaci\u00f3n: Veraz impreso y Veraz.com; defender los intereses del gremio period\u00edstico es algo relevante y debe de estar por encima de colores partidistas y creencias religiosas opinando adem\u00e1s que se debe de profesionalizar m\u00e1s el periodismo en conjunto:<br \/>\u201cTambi\u00e9n soy empresaria y estoy prepar\u00e1ndome con una Maestr\u00eda  y creo que si la seriedad con que se escribe en este periodismos ya debe ser preparado tambi\u00e9n acad\u00e9micamente y no emp\u00edricamente, como se estaba haciendo hace mucho tiempo, quiero aclarar que yo desde el principio no creo en las redes porque muchas son solamente utilizadas para fines pol\u00edticos, pero tambi\u00e9n muchas cuando son due\u00f1os de los medios, tambi\u00e9n ha funcionado en el \u00e1mbito nacional y creo que cuando se est\u00e1n apoyando los due\u00f1os de los medios de comunicaci\u00f3n ha dado resultados y no se utiliza nada mas para conveniencia de unos cuantos, aclaro que soy apol\u00edtica, no soy partidaria de alg\u00fan partido pol\u00edtico, si resalto lo siguiente: Yo quiero que esta asociaci\u00f3n sea para apoyo de los compa\u00f1eros y mas que nada para la maestra Blanca Estela Arg\u00fcelles Cervantes, que tiene una trayectoria muy interesante y es reconocida como una excelente periodista, siento que ser\u00eda la ideal para llevar las riendas de esta nueva agrupaci\u00f3n\u201d<br \/>La primera reuni\u00f3n sirvi\u00f3 para conocernos y para analizar nuestra posici\u00f3n ante el gobierno y la sociedad, hoy fue una tribuna libre, donde se tocaron muchos temas de importancia, aqu\u00ed no se trata de recibir apoyos del gobierno, para callar conciencias, se trata de ofrecer calidad en el servicio y evitar que se nos trate como pordioseros por parte de los jefes de prensa, los pol\u00edticos o los servidores p\u00fablicos, la Asociaci\u00f3n se fortalece con la aportaci\u00f3n de talento, de compa\u00f1erismo de la solidaridad de grupos para no estar solos ante las adversidades,  para representar justamente la voz del ciudadano, no podemos solamente ver como otros obstruyen la labor valiosa de cada uno de nosotros que nos esforzamos por sobresalir en este medio tan complicado, pero que cuando se tiene lo principal que un verdadero periodista tiene que es la pasi\u00f3n por su labor\u2026\u00a1Lo logra y triunfar\u00e1!<br \/>Aqu\u00ed mencionamos a los que estuvieron presentes y que de igual manera participaron activamente intercambiando temas adherentes a la nueva Asociaci\u00f3n: <br \/> L.C. Claudia Guerrero Mart\u00ednez portal www.periodicoveraz.com, Lic. Margarito Zapata, de Televisi\u00f3n Veracruzana por Internet www.tvi.com, Lic. Nicol\u00e1s Torres Lelemba, del peri\u00f3dico de \u00abLa Regi\u00f3n\u00bb, Carlos V\u00e1squez G\u00e1ndara de www.diarioforo.com.mx, Miguel \u00c1ngel Landa Pe\u00f1a, Director de www.elcalificativo.com, Lcc. Martha Elvia Villegas \u00c1vila, de  Diario Milenio, Pablo Filiberto Hern\u00e1ndez V\u00e9lez de www.evidenciasemanal.blogspot.com, Leovigilda Cabrera Contreras, de www.elhorizonte.com,  Adriana Silverio Rojas y Rafaela de la Rosa Silverio de  Foro Pol\u00edtico Veracruzano, Miriam Olalde Ortiz de  www.imagenver.com, Rosa Mar\u00eda Bravo Ibarra, Reportera de La Regi\u00f3n, Timoteo Solano Hern\u00e1ndez, Subdirector de www.grupoacontecer.com,  Rashim Ruerer Torres Gonz\u00e1lez, de  La Regi\u00f3n, Eliseo Tejeda Olmos, de www.opciondeveracruz.blogspot.com, Carlos Morales Tapia de www.expreyoa.blogspot.com, Jorge Cabral Bravo, Lic. Jos\u00e9 Luis Mancilla de www.observadorciudadano.com, Lic. Carlos de Jes\u00fas Rodr\u00edguez de www.gobernantes.com, Lic. Blanca E. Arg\u00fcelles Cervantes www.el-totonacapan.com, Jos\u00e9 Villegas L\u00f3pez, Director de  www.grupoacontecer.com.<br \/>Aticcus Licona de www.politicaaldia.com, Salvador Mu\u00f1oz de www.lospoliticosveracruz.blogspot.com y \u00c1lvaro Quino Mixtega de www.noticieroveracruz.com, Delfino Hern\u00e1ndez Jim\u00e9nez de www.cordobaaldia.com.<br \/>Dejamos abierta la invitaci\u00f3n para quien desee comunicarse con nosotros de todo el estado de Veracruz que tenga su portal de noticias por Internet y as\u00ed formar parte de esta Asociaci\u00f3n, que no tiene otro inter\u00e9s que luchar por la dignificaci\u00f3n del gremio y no tiene tintes pol\u00edticos ni fines de lucro y mi apoyo incondicional para la Lic. Blanca Estela Arg\u00fcelles Cervantes para que sea nuestra representante.<br \/>Comentarios y sugerencias: expresionpersonal@hotmail.com<br \/>Celular: 0442281341440.<\/p>\n","protected":false},"excerpt":{"rendered":"<p>Jos\u00e9 Villegas L\u00f3pezExpresi\u00f3n Personal Nos dieron las 12:00 Horas del d\u00eda 18 de marzo en el conocido caf\u00e9 cercano a palacio de gobierno, poco a poco fueron llegando los compa\u00f1eros del periodismo serio, objetivo y veraz, amigos que solamente conoc\u00edamos por Messenger o leyendo sus prestigiadas columnas o art\u00edculos que publican en lo referente a [&hellip;]<\/p>\n","protected":false},"author":1,"featured_media":0,"comment_status":"open","ping_status":"open","sticky":false,"template":"","format":"standard","meta":{"_jetpack_newsletter_access":"","_jetpack_dont_email_post_to_subs":false,"_jetpack_newsletter_tier_id":0,"_jetpack_memberships_contains_paywalled_content":false,"_jetpack_memberships_contains_paid_content":false,"footnotes":""},"categories":[1],"tags":[],"class_list":["post-8963","post","type-post","status-publish","format-standard","hentry","category-sin-categoria"],"jetpack_featured_media_url":"","jetpack_sharing_enabled":true,"jetpack_shortlink":"https:\/\/wp.me\/p4Qcd3-2kz","_links":{"self":[{"href":"https:\/\/lospoliticosveracruz.com.mx\/index.php?rest_route=\/wp\/v2\/posts\/8963","targetHints":{"allow":["GET"]}}],"collection":[{"href":"https:\/\/lospoliticosveracruz.com.mx\/index.php?rest_route=\/wp\/v2\/posts"}],"about":[{"href":"https:\/\/lospoliticosveracruz.com.mx\/index.php?rest_route=\/wp\/v2\/types\/post"}],"author":[{"embeddable":true,"href":"https:\/\/lospoliticosveracruz.com.mx\/index.php?rest_route=\/wp\/v2\/users\/1"}],"replies":[{"embeddable":true,"href":"https:\/\/lospoliticosveracruz.com.mx\/index.php?rest_route=%2Fwp%2Fv2%2Fcomments&post=8963"}],"version-history":[{"count":0,"href":"https:\/\/lospoliticosveracruz.com.mx\/index.php?rest_route=\/wp\/v2\/posts\/8963\/revisions"}],"wp:attachment":[{"href":"https:\/\/lospoliticosveracruz.com.mx\/index.php?rest_route=%2Fwp%2Fv2%2Fmedia&parent=8963"}],"wp:term":[{"taxonomy":"category","embeddable":true,"href":"https:\/\/lospoliticosveracruz.com.mx\/index.php?rest_route=%2Fwp%2Fv2%2Fcategories&post=8963"},{"taxonomy":"post_tag","embeddable":true,"href":"https:\/\/lospoliticosveracruz.com.mx\/index.php?rest_route=%2Fwp%2Fv2%2Ftags&post=8963"}],"curies":[{"name":"wp","href":"https:\/\/api.w.org\/{rel}","templated":true}]}}