{"id":8966,"date":"2009-03-18T02:44:00","date_gmt":"2009-03-18T02:44:00","guid":{"rendered":"http:\/\/www.lospoliticosveracruz.com.mx\/?p=8966"},"modified":"2014-10-08T19:27:08","modified_gmt":"2014-10-08T19:27:08","slug":"protesto-contra-joseph","status":"publish","type":"post","link":"https:\/\/lospoliticosveracruz.com.mx\/?p=8966","title":{"rendered":"\u00a1Protesto contra Joseph!"},"content":{"rendered":"<p><strong>Salvador Mu\u00f1oz<\/strong><br \/><em>Los Pol\u00edticos<\/em><\/p>\n<p>Quiz\u00e1s sean pocos los que recuerden a Miguel Alem\u00e1n Velasco narrando, junto con Jacobo Zabludovsky, en aquel \u201c24 Horas\u201d, la llegada del hombre a la luna (por cierto, cumple 77 a\u00f1os hoy, Miguel Alem\u00e1n, no el hombre en la luna).<br \/>Se supone que tal acontecimiento ser\u00eda un gran paso de la humanidad como lo expresara el amigo Neil Armstrong.<br \/>Sin embargo, leer lo que Joseph Alois habla sobre el cond\u00f3n, tal pareciera que implica un \u201csalto p\u2019atr\u00e1s\u201d de la humanidad terrible.<br \/>Se lo resumo, sin albur, lo que dice: En la batalla contra el sida, no es con la distribuci\u00f3n de condones como se va a resolver el problema\u2026 al contrario, \u00a1aumenta!<br \/>Bueno, ubiquemos a Joseph Alois Ratzinger, mejor conocido en el mundo como Benedicto XVI (No s\u00e9 si el n\u00famero romano refiera al siglo en que cree estar viviendo, si no mal recuerdo, fue el oscurantismo).<br \/>El Papa, cabeza de uno de los imperios religiosos m\u00e1s grandes del mundo, sugiere que es con abstinencia sexual la mejor manera de luchar contra el sida.<br \/>La abstinencia sexual, primero, hay que entenderla como \u201cel privarse total o parcialmente de satisfacer los deseos sexuales, puede ser por causa religiosa, voluntaria (anticoncepci\u00f3n), obligatoria (reclusi\u00f3n)\u201d.<br \/>\u00a1Yo no acepto eso! Si es sexo es rico por qu\u00e9 abstenerse\u2026<br \/>Adem\u00e1s, siendo un poco ben\u00e9volos con el Papa Benedicto, quien merece todos mis respetos a su investidura y razonamiento, yo podr\u00eda decir que el sexo tambi\u00e9n tiene algo de religioso.<br \/>Me explico:<br \/>Aunque muchos piensen que se van al cielo en el momento cumbre de la relaci\u00f3n sexual, \u00a1no es eso!<br \/>Aunque se grite \u201cDios\u201d en algunos momentos de la relaci\u00f3n\u2026 \u00a1tampoco es eso!<br \/>Aunque a veces se est\u00e9 de rodillas\u2026 seguro no reza uno y \u00a1menos es eso!<br \/>Aunque nos hayamos encontrado a una virgen\u2026 \u00a1no es eso!<br \/>Mucho menos tiene que ver la posici\u00f3n de misionero\u2026 \u00a1por Dios! \u00a1no es eso!<br \/>El hecho de que una vez por semana, religiosamente haya parejas que tengan sexo\u2026 \u00a1tampoco!<br \/>Nada tiene que ver que tengas una \u201cmadrecita\u201d para tus relaciones\u2026<br \/>Ni que reces porque no te vaya a fallar \u201cel amigo\u201d en el momento cumbre\u2026<br \/>O supliques al Poderoso aguantar m\u00e1s de cinco minutos\u2026<br \/>\u00a1Nada de eso!<br \/>El sexo, las relaciones coitales, sexuales o como quiera llamarles, tienen algo de religioso cuando lo haces con la persona amada y eso, don Benedicto \u00a1es sagrado! Claro, si le pones cond\u00f3n, \u00a1es higi\u00e9nico!<br \/>As\u00ed que, los que est\u00e9n contra la abstinencia sexual los invito a que hagan el amor esta ma\u00f1ana, tarde o noche en se\u00f1al de protesta por el lado oscuro (\u00e9jele, no es albur, d\u00e9jenme terminar) que exhibe el Papa con sus declaraciones\u2026 \u00a1he dicho!<\/p>\n<p>PD Si no tiene ser amado a su lado, nunca est\u00e1 de m\u00e1s la mano\u2026<\/p>\n","protected":false},"excerpt":{"rendered":"<p>Salvador Mu\u00f1ozLos Pol\u00edticos Quiz\u00e1s sean pocos los que recuerden a Miguel Alem\u00e1n Velasco narrando, junto con Jacobo Zabludovsky, en aquel \u201c24 Horas\u201d, la llegada del hombre a la luna (por cierto, cumple 77 a\u00f1os hoy, Miguel Alem\u00e1n, no el hombre en la luna).Se supone que tal acontecimiento ser\u00eda un gran paso de la humanidad como [&hellip;]<\/p>\n","protected":false},"author":1,"featured_media":0,"comment_status":"open","ping_status":"open","sticky":false,"template":"","format":"standard","meta":{"_jetpack_newsletter_access":"","_jetpack_dont_email_post_to_subs":false,"_jetpack_newsletter_tier_id":0,"_jetpack_memberships_contains_paywalled_content":false,"_jetpack_memberships_contains_paid_content":false,"footnotes":""},"categories":[1],"tags":[],"class_list":["post-8966","post","type-post","status-publish","format-standard","hentry","category-sin-categoria"],"jetpack_featured_media_url":"","jetpack_sharing_enabled":true,"jetpack_shortlink":"https:\/\/wp.me\/p4Qcd3-2kC","_links":{"self":[{"href":"https:\/\/lospoliticosveracruz.com.mx\/index.php?rest_route=\/wp\/v2\/posts\/8966","targetHints":{"allow":["GET"]}}],"collection":[{"href":"https:\/\/lospoliticosveracruz.com.mx\/index.php?rest_route=\/wp\/v2\/posts"}],"about":[{"href":"https:\/\/lospoliticosveracruz.com.mx\/index.php?rest_route=\/wp\/v2\/types\/post"}],"author":[{"embeddable":true,"href":"https:\/\/lospoliticosveracruz.com.mx\/index.php?rest_route=\/wp\/v2\/users\/1"}],"replies":[{"embeddable":true,"href":"https:\/\/lospoliticosveracruz.com.mx\/index.php?rest_route=%2Fwp%2Fv2%2Fcomments&post=8966"}],"version-history":[{"count":0,"href":"https:\/\/lospoliticosveracruz.com.mx\/index.php?rest_route=\/wp\/v2\/posts\/8966\/revisions"}],"wp:attachment":[{"href":"https:\/\/lospoliticosveracruz.com.mx\/index.php?rest_route=%2Fwp%2Fv2%2Fmedia&parent=8966"}],"wp:term":[{"taxonomy":"category","embeddable":true,"href":"https:\/\/lospoliticosveracruz.com.mx\/index.php?rest_route=%2Fwp%2Fv2%2Fcategories&post=8966"},{"taxonomy":"post_tag","embeddable":true,"href":"https:\/\/lospoliticosveracruz.com.mx\/index.php?rest_route=%2Fwp%2Fv2%2Ftags&post=8966"}],"curies":[{"name":"wp","href":"https:\/\/api.w.org\/{rel}","templated":true}]}}