{"id":8969,"date":"2009-03-17T23:58:00","date_gmt":"2009-03-17T23:58:00","guid":{"rendered":"http:\/\/www.lospoliticosveracruz.com.mx\/?p=8969"},"modified":"2014-10-08T19:27:08","modified_gmt":"2014-10-08T19:27:08","slug":"nuevo-atentado-a-la-dignidad-de-las-mujeres","status":"publish","type":"post","link":"https:\/\/lospoliticosveracruz.com.mx\/?p=8969","title":{"rendered":"Nuevo atentado a la dignidad de las mujeres"},"content":{"rendered":"<p><strong>Eva Varona<\/strong><br \/><em>Cuando las piedras hablan&#8230;los hombres tiemblan<\/em><\/p>\n<p>\u00a1Que poca M\u2026!(s\u00ed con may\u00fascula).<\/p>\n<p>Ahora si estoy molesta:<br \/>\u201cEx comuni\u00f3n en Brasil: un nuevo atentado a la dignidad de las mujeres\u201d<br \/>Se lee  el t\u00edtulo de una carta abierta publicada en El Universal y pienso; m\u00e1s bien dicho t\u00edtulo deber\u00eda decir:<\/p>\n<p>UN NUEVO ATENTADO A LA DIGNIDAD E INTELIGENCIA DE LA HUMANIDAD.<\/p>\n<p>Dice textualmente:<\/p>\n<p>EXCOMUNI\u00d3N EN BRASIL: UN NUEVO ATENTADO A LA DIGNIDAD DE LAS MUJERES<\/p>\n<p>Este 8 de marzo, D\u00eda Internacional de las Mujeres, Cat\u00f3licas por el Derecho a Decidir se suma a la indignaci\u00f3n mundial por la falta de compasi\u00f3n del Arzobispo de Olinda y Recife, Jos\u00e9 Cardoso Sobrinho, al excomulgar a la mam\u00e1 y al equipo m\u00e9dico que hizo el procedimiento de aborto a una ni\u00f1a de 9 a\u00f1os, embarazada de gemelos tras ser violada por su padrastro en Pernambuco, Brasil. Es indignante que el Arzobispo diga que el padrastro cometi\u00f3 un \u201cpecado grave\u201d, pero que no ameritaba la excomuni\u00f3n, afirmando que \u201cel estupro (violaci\u00f3n de una mujer virgen que no pasa de cierta edad fijada legalmente) es menos grave que el aborto\u00bb. La ley de Brasil establece que el aborto debe ser adecuadamente practicado a las mujeres v\u00edctimas de violaci\u00f3n o cuando la gestante corre peligro de muerte. En el caso de Pernambuco se cumplen las dos situaciones y el equipo m\u00e9dico actu\u00f3 conforme a la ley, protegiendo la vida de la ni\u00f1a violada. \u00bfC\u00f3mo puede declararse \u201cexperta en humanidad\u201d una instituci\u00f3n que comete la barbaridad de argumentar que merecen la excomuni\u00f3n -el m\u00e1ximo castigo de la ley de la Iglesia- la madre y los m\u00e9dicos que procuraron el bienestar de la ni\u00f1a cuya vida estaba en peligro de muerte debido al embarazo, y no un hombre que viola y embaraza a su hijastra de nueve a\u00f1os?\u00bfC\u00f3mo puede erigirse en estandarte de la moral una instituci\u00f3n que antepone la protecci\u00f3n de criminales, violadores y pederastas, a la vida y la dignidad de las ni\u00f1as y las mujeres?\u00bfD\u00f3nde qued\u00f3 en esta instituci\u00f3n el ejemplo y la vida de Jes\u00fas que predicaba la misericordia y la justicia para las personas m\u00e1s desprotegidas?No cabe duda que el oscurantismo mata. Por ello hacemos un llamado a la feligres\u00eda cat\u00f3lica a unirse a este reclamo y a no permitir que la jerarqu\u00eda conservadora de nuestra Iglesia siga obstaculizando el acceso a la justicia, tal como lo ha hecho con Paulina en M\u00e9xico, con Rosita en Nicaragua, con Ana Mar\u00eda en Argentina, al poner su moral fundamentalista por encima de la vida de las ni\u00f1as que sufren estos abusos y de las leyes civiles que protegen los derechos humanos de las mujeres.  <br \/>CAT\u00d3LICAS POR EL DERECHO A DECIDIR<\/p>\n<p>Responsable de la publicaci\u00f3n: Mar\u00eda Consuelo Mej\u00eda<\/p>\n<p>Utaaaaa.<br \/>Como para querer arrancarles la\u2026moral a estos cuates que no s\u00f3lo insultan la m\u00e1s elemental de nuestra inteligencia, sino que demuestran su total ignorancia al no \u201creconsiderar\u201d siquiera que la vida de una inocente ni\u00f1a de 9 a\u00f1os est\u00e1 en peligro; y ya ni mencionamos el abuso tan brutal e inconcebible de que fue sujeta\u2026\u00bfpecado?<br \/>Lo que sus sacerdotes pederastas hacen  y a\u00fan as\u00ed se hacen tontos.<br \/>Al final dice la carta: Paulina de M\u00e9xico, Rosita de Nicaragua, Ana Mar\u00eda de Argentina\u2026pues ah\u00ed les va esta; m\u00e1s cerquita para que vean que no es s\u00f3lo algo que sucede a miles de kil\u00f3metros de ti.<\/p>\n<p>12 de marzo; Jaime Hiriam S\u00e1nchez Olmedo, 18 a\u00f1os, de la congregaci\u00f3n de Santiago de la Pe\u00f1a, aqu\u00ed en Veracruz viola a su prima de 9 a\u00f1os de edad, cuyo nombre por razones obvias se omite\u2026pero \u00bfqu\u00e9 nombre le gusta?<\/p>\n<p>\u00bfEl de su madre, de sus hijas, de su hermana, de su esposa?<br \/>P\u00f3ngaselo; pero no lo ignoremos.<br \/>No s\u00f3lo leamos esto y nos horroricemos; cuestion\u00e9monos por qu\u00e9 est\u00e1 sucediendo\u2026<br \/>No, ni usted ni yo salvaremos al mundo, ni cambiar de la noche  a la ma\u00f1ana lo que por muchos a\u00f1os ha sido ocultado por el temor\u2026o tal vez s\u00ed; usted decide no ser indiferente, los casos se presentan en Brasil, en Argentina, a lado de su casa\u2026en la propia.<\/p>\n<p>Se\u00f1or gobernador: \u00bfEn Veracruz los ni\u00f1os no se tocan?<\/p>\n<p>M\u00e1s informaci\u00f3n al respecto de clic aqu\u00ed:<br \/><a href=\"http:\/\/www.elsiglodetorreon.com.mx\/noticia\/418397.nina-de-9-anos-violada-aborta-gemelos-en-bras.html\">http:\/\/www.elsiglodetorreon.com.mx\/noticia\/418397.nina-de-9-anos-violada-aborta-gemelos-en-bras.html<\/a><\/p>\n<p>PD: Una buena despu\u00e9s de varias metidas de pata; \u00a1NO HABR\u00c1 CARNAVAL PARA EL 2010\u00a1 el alcalde xalape\u00f1o por fin se dio cuenta que en una ciudad llena de subidas y bajadas y con el tr\u00e1nsito vehicular hasta el tope\u2026no se pueden tener eventos de esta clase; mejor a\u00fan es reconocer que es de m\u00e1s beneficio tener y promover eventos culturales, como la magistral actuaci\u00f3n que tuvo la Orquesta Juvenil de Xalapa, la semana pasada y de la que tuvo una MAGNIFICA actuaci\u00f3n, muy profesional, donde interpretaron la banda sonora de la afamada pel\u00edcula Harry Potter; en verdad que hace falta valorizar este tipo de acciones que son mas retroalimentantes para la juventud Xalape\u00f1a que ver a los chamacos borrachos tirados en las baquetas.<br \/>M\u00e1s informaci\u00f3n de la Orquesta Juvenil en: <br \/><a href=\"http:\/\/portal.veracruz.gob.mx\/portal\/page?_pageid=836,1&amp;_dad=portal&amp;_schema=PORTAL\">http:\/\/portal.veracruz.gob.mx\/portal\/page?_pageid=836,1&#038;_dad=portal&#038;_schema=PORTAL<\/a><\/p>\n<p>\u00a1\u00a1FELICIDADES!!<\/p>\n","protected":false},"excerpt":{"rendered":"<p>Eva VaronaCuando las piedras hablan&#8230;los hombres tiemblan \u00a1Que poca M\u2026!(s\u00ed con may\u00fascula). Ahora si estoy molesta:\u201cEx comuni\u00f3n en Brasil: un nuevo atentado a la dignidad de las mujeres\u201dSe lee el t\u00edtulo de una carta abierta publicada en El Universal y pienso; m\u00e1s bien dicho t\u00edtulo deber\u00eda decir: UN NUEVO ATENTADO A LA DIGNIDAD E INTELIGENCIA [&hellip;]<\/p>\n","protected":false},"author":1,"featured_media":0,"comment_status":"open","ping_status":"open","sticky":false,"template":"","format":"standard","meta":{"_jetpack_newsletter_access":"","_jetpack_dont_email_post_to_subs":false,"_jetpack_newsletter_tier_id":0,"_jetpack_memberships_contains_paywalled_content":false,"_jetpack_memberships_contains_paid_content":false,"footnotes":""},"categories":[1],"tags":[],"class_list":["post-8969","post","type-post","status-publish","format-standard","hentry","category-sin-categoria"],"jetpack_featured_media_url":"","jetpack_sharing_enabled":true,"jetpack_shortlink":"https:\/\/wp.me\/p4Qcd3-2kF","_links":{"self":[{"href":"https:\/\/lospoliticosveracruz.com.mx\/index.php?rest_route=\/wp\/v2\/posts\/8969","targetHints":{"allow":["GET"]}}],"collection":[{"href":"https:\/\/lospoliticosveracruz.com.mx\/index.php?rest_route=\/wp\/v2\/posts"}],"about":[{"href":"https:\/\/lospoliticosveracruz.com.mx\/index.php?rest_route=\/wp\/v2\/types\/post"}],"author":[{"embeddable":true,"href":"https:\/\/lospoliticosveracruz.com.mx\/index.php?rest_route=\/wp\/v2\/users\/1"}],"replies":[{"embeddable":true,"href":"https:\/\/lospoliticosveracruz.com.mx\/index.php?rest_route=%2Fwp%2Fv2%2Fcomments&post=8969"}],"version-history":[{"count":0,"href":"https:\/\/lospoliticosveracruz.com.mx\/index.php?rest_route=\/wp\/v2\/posts\/8969\/revisions"}],"wp:attachment":[{"href":"https:\/\/lospoliticosveracruz.com.mx\/index.php?rest_route=%2Fwp%2Fv2%2Fmedia&parent=8969"}],"wp:term":[{"taxonomy":"category","embeddable":true,"href":"https:\/\/lospoliticosveracruz.com.mx\/index.php?rest_route=%2Fwp%2Fv2%2Fcategories&post=8969"},{"taxonomy":"post_tag","embeddable":true,"href":"https:\/\/lospoliticosveracruz.com.mx\/index.php?rest_route=%2Fwp%2Fv2%2Ftags&post=8969"}],"curies":[{"name":"wp","href":"https:\/\/api.w.org\/{rel}","templated":true}]}}