{"id":8970,"date":"2009-03-17T19:19:00","date_gmt":"2009-03-17T19:19:00","guid":{"rendered":"http:\/\/www.lospoliticosveracruz.com.mx\/?p=8970"},"modified":"2014-10-08T19:27:08","modified_gmt":"2014-10-08T19:27:08","slug":"david-suspende-el-pago-del-saneamiento","status":"publish","type":"post","link":"https:\/\/lospoliticosveracruz.com.mx\/?p=8970","title":{"rendered":"David, suspende el pago del saneamiento"},"content":{"rendered":"<blockquote><p>*Alberto Silva, con mucha actividad<br \/>*\u201dLa comadre\u201d Griselda, va por Convergencia<br \/>* Ram\u00edrez Rueda, \u00bfla buscar\u00e1 por el PAN?<\/p><\/blockquote>\n<p><strong>Inocencio  Vald\u00e9s V\u00e1zquez<\/strong><br \/><em>P\u00e1gina Tres<\/em><\/p>\n<p>Luego de la serie de protestas de la poblaci\u00f3n jalape\u00f1a y de grupos independientes como la Fredepo, el Movimiento Popular Independiente y otras organizaciones, el alcalde David Velasco Chedraui, confirm\u00f3 hoy la suspensi\u00f3n del cobro por el  \u201cservicio de saneamiento\u201d \u2013que estaba incluido en el recibo del agua potable y que elevaba considerablemente ese pago &#8211;a partir del mes de <br \/>abril.<br \/>Aunque lo que defini\u00f3 la marcha atr\u00e1s fue el llamado que le hizo el gobernador y que obviamente el edil jalape\u00f1o no pod\u00eda ignorar ,puesto que luego de probar las miles de la polaca ahora aspira a una posici\u00f3n mayor y conf\u00eda en que siga teniendo el respaldo moral y pol\u00edtico del que llama maestro .<br \/>El alcalde de extracci\u00f3n priista y miembro de una de familias m\u00e1s ricas de Jalapa y del Estado, dijo que destinar\u00e1n 30 millones de pesos de los recursos de la bursatilizaci\u00f3n y el Peso a Peso para subsidiar la deuda con Banobras, \u201clo que ocasionar\u00e1 que algunas obras p\u00fablicas se dejen de realizarse\u201d.<br \/>El ex secretario T\u00e9cnico del Consejo Pol\u00edtico Estatal del PRI y despu\u00e9s director de los Museos Interactivo y del Transporte de Jalapa, anunci\u00f3 que de manera conjunta con el Gobierno del Estado buscar\u00e1n mecanismos que permitan hacer frente a la deuda de 486 millones de pesos con Banobras,cuyos recursos fueron destinados para la obra de Saneamiento Integral.<br \/>Por cierto que el Programa de Desarrollo Integral(PIS) ha provocado, por su manejo nada transparente , que nuevamente se enfrentar\u00e1n medi\u00e1ticamente el actual Secretario de Gobierno y ex alcalde de Jalapa, Reynaldo Escobar P\u00e9rez y el precandidato a diputado federal y quien lo sucedi\u00f3 en la alcald\u00eda, Ricardo Ahued Bardhauil\u2026. <br \/>El destacado miembro de las familias Chedraui y Velasco destac\u00f3 que de manera inicial ser\u00e1 modificado el Programa de Obras de la Bursatilizaci\u00f3n y el Peso a Peso para tomar de dichos recursos la cantidad de 30 millones de pesos y as\u00ed subsidiar el pago que ven\u00edan haciendo los usuarios por el dichoso saneamiento en este municipio.<br \/>Agreg\u00f3 que mientras tanto, analizar\u00e1n junto con el gobierno estatal y federal el mejor esquema que impacte menos en los recibos de agua respectivos. <br \/>Mientras tanto la poblaci\u00f3n se pregunta \u00bfQui\u00e9nes ya pagamos el cobro del saneamiento, se nos devolver\u00e1 ese recurso, se descontar\u00e1 del pr\u00f3ximo recibo del agua potable, donde viene el pago por ese \u201cservicio\u201d ,o ah\u00ed quedar\u00e1 como siempre?.<br \/>A ver que pasa.<\/p>\n<p><strong>En corto<\/strong><br \/>El Subsecretario de Infraestructura Regional de la Sedesma, Alberto Silva Ramos, quien pr\u00e1cticamente se la pasa recorriendo el Estado,  dio a conocer que en los pr\u00f3ximos 15 d\u00edas se  dar\u00e1 a conocer el relanzamiento de la pol\u00edtica social  que tiene pensado hacer el gobernador  Fidel Herrera Beltr\u00e1n, la cual tiene que ver con acciones concretas para mitigar la pobreza y la marginaci\u00f3n y que  son basadas en las recomendaciones del Banco Mundial (BM) y el fondo Monetario Internacional (FMI)\u2026.Muy movido anda el ex alcalde y ex senador Armando M\u00e9ndez de la Luz, presidente de la Comisi\u00f3n Ejecutiva Estatal del Partido Convergencia. El dirigente se encuentra preparando la lista de los 21 candidatos a diputados federales que postular\u00e1 por Veracruz ese instituto y que ser\u00e1n confirmados y rendir\u00e1n protesta en la Asamblea  Nacional convergente que se realizar\u00e1 este 21 de marzo en la ciudad de M\u00e9xico. La Asamblea Estatal donde se eligieron los delegados a la Nacional ya se realiz\u00f3 y sin incidentes. Por Jalapa urbano es un hecho que vaya la maestra y activista Gloria S\u00e1nchez y por el distrito de Jalapa rural la popular periodista y conductora de radio, Griselda Hern\u00e1ndez Portilla \u201dLa Comadre\u201d. \u00a1Aguas Silvio Jr.! \u2026 Por los rumbos del PRI estatal, el l\u00edder Jorge Carvallo Delf\u00edn ,anunci\u00f3 en la conferencia de prensa de este lunes que el pasado jueves 12 se llevaron a cabo las asambleas territoriales y seccionales para elegir delegados a las convenciones que se llevar\u00e1n a cabo del 14 al 29 de este mes y en donde se elegir\u00e1n candidatos a diputados federales\u2026.Por su parte, el dividido PRD est\u00e1 realizando su proceso interno para elegir a las mejores cartas y en el PAN habr\u00e1 sorpresas como puede ser que el empresario y due\u00f1o de las tiendas departamentales JR(m\u00e1s de 76 en el pa\u00eds)&#8212;ex enlace con los empresarios en la campa\u00f1a del candidato presidencial y actual senador del tricolor, Francisco Labastida Ochoa&#8211;, Jos\u00e9 Ram\u00edrez Rueda, sea el candidato a diputado federal de ese partido por el distrito de Jalapa rural\u2026 <br \/>Visite: www.elmatutinovirtual.blogspot.com<br \/>E-Mail:valdes6124@hotmail.com<\/p>\n","protected":false},"excerpt":{"rendered":"<p>*Alberto Silva, con mucha actividad*\u201dLa comadre\u201d Griselda, va por Convergencia* Ram\u00edrez Rueda, \u00bfla buscar\u00e1 por el PAN? Inocencio Vald\u00e9s V\u00e1zquezP\u00e1gina Tres Luego de la serie de protestas de la poblaci\u00f3n jalape\u00f1a y de grupos independientes como la Fredepo, el Movimiento Popular Independiente y otras organizaciones, el alcalde David Velasco Chedraui, confirm\u00f3 hoy la suspensi\u00f3n del [&hellip;]<\/p>\n","protected":false},"author":1,"featured_media":0,"comment_status":"open","ping_status":"open","sticky":false,"template":"","format":"standard","meta":{"_jetpack_newsletter_access":"","_jetpack_dont_email_post_to_subs":false,"_jetpack_newsletter_tier_id":0,"_jetpack_memberships_contains_paywalled_content":false,"_jetpack_memberships_contains_paid_content":false,"footnotes":""},"categories":[1],"tags":[],"class_list":["post-8970","post","type-post","status-publish","format-standard","hentry","category-sin-categoria"],"jetpack_featured_media_url":"","jetpack_sharing_enabled":true,"jetpack_shortlink":"https:\/\/wp.me\/p4Qcd3-2kG","_links":{"self":[{"href":"https:\/\/lospoliticosveracruz.com.mx\/index.php?rest_route=\/wp\/v2\/posts\/8970","targetHints":{"allow":["GET"]}}],"collection":[{"href":"https:\/\/lospoliticosveracruz.com.mx\/index.php?rest_route=\/wp\/v2\/posts"}],"about":[{"href":"https:\/\/lospoliticosveracruz.com.mx\/index.php?rest_route=\/wp\/v2\/types\/post"}],"author":[{"embeddable":true,"href":"https:\/\/lospoliticosveracruz.com.mx\/index.php?rest_route=\/wp\/v2\/users\/1"}],"replies":[{"embeddable":true,"href":"https:\/\/lospoliticosveracruz.com.mx\/index.php?rest_route=%2Fwp%2Fv2%2Fcomments&post=8970"}],"version-history":[{"count":0,"href":"https:\/\/lospoliticosveracruz.com.mx\/index.php?rest_route=\/wp\/v2\/posts\/8970\/revisions"}],"wp:attachment":[{"href":"https:\/\/lospoliticosveracruz.com.mx\/index.php?rest_route=%2Fwp%2Fv2%2Fmedia&parent=8970"}],"wp:term":[{"taxonomy":"category","embeddable":true,"href":"https:\/\/lospoliticosveracruz.com.mx\/index.php?rest_route=%2Fwp%2Fv2%2Fcategories&post=8970"},{"taxonomy":"post_tag","embeddable":true,"href":"https:\/\/lospoliticosveracruz.com.mx\/index.php?rest_route=%2Fwp%2Fv2%2Ftags&post=8970"}],"curies":[{"name":"wp","href":"https:\/\/api.w.org\/{rel}","templated":true}]}}