{"id":8971,"date":"2009-03-17T03:48:00","date_gmt":"2009-03-17T03:48:00","guid":{"rendered":"http:\/\/www.lospoliticosveracruz.com.mx\/?p=8971"},"modified":"2014-10-08T19:27:08","modified_gmt":"2014-10-08T19:27:08","slug":"se-cayeron-los-precandidatos-del-pri","status":"publish","type":"post","link":"https:\/\/lospoliticosveracruz.com.mx\/?p=8971","title":{"rendered":"\u00a1Se cayeron los precandidatos del PRI!"},"content":{"rendered":"<p><strong>Salvador Mu\u00f1oz<\/strong><br \/><em>Los Pol\u00edticos<\/em><\/p>\n<p>Nuevamente me permito un par\u00e9ntesis antes de entrar en materia:<br \/>(Gracias\u2026 quiero dar Gracias a la diputada Dalia P\u00e9rez ((no a la amiga porque est\u00e1 de m\u00e1s decir que de ese modo, lo hubiera hecho)) por el apoyo que brind\u00f3 y brinda a los vecinos de Jardines de Xalapa que hace unos d\u00edas vieron amenazada su tranquilidad ante la posibilidad de que se abriera un acceso por L\u00e1zaro C\u00e1rdenas que atravesara el conjunto habitacional.<br \/>Dalia volvi\u00f3 a esas calles donde pidi\u00f3 el voto para hacer su trabajo: Ser nuestra voz ya no en el Congreso, sino ante las autoridades municipales. Recorri\u00f3 las calles de  Jardines y convers\u00f3 con l\u00edderes de la colonia que comentaron la inconformidad por la obra, y fue testigo de los carteles que colocaron tanto en el acceso de los Arcos como en el Jard\u00edn de Ni\u00f1os Beatriz Velasco de Alem\u00e1n. Llev\u00f3 nuestra inconformidad al Alcalde quien le dijo: \u201cSi no quieren la obra no la haremos\u201d. Tras eso, el alcalde recibi\u00f3 a los vecinos el pasado mi\u00e9rcoles 11 de marzo y se comprometi\u00f3 a detener la obra, adem\u00e1s comprometi\u00f3 plasmar este acuerdo por escrito\u2026 \u201ceso est\u00e1 pendiente a\u00fan\u201d, dice Dalia. El d\u00eda de ayer se ten\u00eda prevista una nueva reuni\u00f3n con los vecinos de Jardines, pero al creer en la palabra del alcalde, se posterg\u00f3 pero se agradeci\u00f3 el apoyo. En verdad, gracias Diputada\u2026 en serio que tu actitud para con los vecinos de Jardines, merece un reconocimiento de tus representados. Me pongo de pie ante tu trabajo, tu responsabilidad y tu profesionalismo. Gracias Dalia)<\/p>\n<p>Ahora s\u00ed\u2026 al tema:<br \/>Lamentablemente no hubo voz que secundara mi propuesta para aplicarle la \u201cFidelinha\u201d al presidente del PRI estatal, Jorge Carvallo Delf\u00edn, de que si llegaba tarde a la rueda de prensa de cada lunes, invitara el desayuno\u2026<br \/>\u00c9l se defendi\u00f3 diciendo que hab\u00eda llegado temprano y puso de testigo a la columnista Jacy Meza antes que poner la mesa para el desayuno\u2026 bueno\u2026 con eso de que en lunes, \u00a1ni las gallinas ponen!<br \/>La rueda de prensa gir\u00f3 en torno al \u00e9xito de las precampa\u00f1as y al PRI unido, deliberativo y cohesionado que se mostr\u00f3 en ese lapso, \u201clo que nos alienta a redoblar el paso en las campa\u00f1as cuando inicien en mayo pr\u00f3ximo\u201d, dijo Carvallo.<br \/>Aun cuando lo m\u00e1s destacable, a juicio de quien escribe, es la meta que se tiene programada entre el atleta Jorge Antonio Salazar Gavia y el presidente del partido, de poner, ahora s\u00ed, en todo lo alto el nombre del PRI y de M\u00e9xico\u2026 exactamente a ocho mil 463 metros sobre el nivel del mar: \u00a1En la monta\u00f1a Makalu!<br \/>\u00bfC\u00f3mo?<br \/>En una expedici\u00f3n al Himalaya, Jorge Antonio Salazar Gavia llevar\u00e1, adem\u00e1s de la bandera de M\u00e9xico, la del PRI, para que una vez que est\u00e9 en la cima del mundo, se tome la foto del recuerdo adem\u00e1s de que, presume Carvallo, la expedici\u00f3n ser\u00e1 seguida a trav\u00e9s de se\u00f1al satelital\u2026<br \/>El equipo de alpinismo saldr\u00e1 a la meta fijada el 29 de este mes y planea haber obtenido el triunfo el primero de junio.<br \/>Entrevistado al respecto, se le pregunt\u00f3 a Jorge Carvallo:<br \/><strong>\u2013\u00bfLe gusta el Alpinismo?<\/strong><br \/>\u2013Igual que a mi l\u00edder, Fidel Herrera, en su versi\u00f3n del altiplano\u2026<br \/><strong>\u2013\u00bfCu\u00e1l es \u00e9sa?<\/strong><br \/>\u2013Pues mientras unos quieren llegar a la cima con el alpinismo, mi l\u00edder quiere llegar a la cima de Los Pinos\u2026<br \/><strong>\u2013\u00a1Ah! Comprendo\u2026 pero, d\u00e9jeme decirlo de esta forma: \u00bfLe gustan los deportes extremos?<\/strong><br \/>\u2013\u00a1Igual que a mi l\u00edder!<br \/><strong>\u2013\u00a1Ayayayayay\u00e1! \u00bfNo me diga que a Fidel Herrera le gusta la adrenalina?<\/strong><br \/>\u2013Bueno, tanto como gustarle la adrenalina, no\u2026 pero va de extremo a extremo del estado; te descuidas, y ya anda en M\u00e9xico y si volteas, ya est\u00e1 en Houston o Canad\u00e1\u2026<br \/><strong>\u2013Entiendo lo de \u201cExtremo a Extremo\u201d, pero cu\u00e1l riesgo le ve que ande de un lado para otro\u2026<\/strong><br \/>\u2013Bueno, despu\u00e9s de Mouri\u00f1o, del Conaguazo, y qui\u00e9n sabe cu\u00e1ntos avionazos m\u00e1s, \u00bfno me digas que viajar en avi\u00f3n no debe considerarse un deporte extremo?<br \/><strong>\u2013Bueno, visto as\u00ed\u2026 pero, nom\u00e1s me habla de su jefe\u2026 y a usted, \u00bfno le gustan los deportes extremos?<\/strong><br \/>\u2013Me gustaba el Gotcha pero ya no tengo con qui\u00e9n practicar\u2026<br \/><strong>\u2013\u00bfY eso?<\/strong><br \/>\u2013Es que como ya se fue Alma A\u00edda Lamadrid de Sedesol\u2026 \u00bfahora a qui\u00e9n le tiro?<br \/><strong>\u2013Bueno, pero hay otros deportes, como el paracaidismo\u2026<\/strong><br \/>\u2013No\u2026 \u00e9se lo tienen todo abarcado los hermanos Gu\u00edzar Valladares\u2026<br \/><strong>\u2013Oiga\u2026 \u00a1pero \u00e9sos son \u201cparacaidistas\u201d de terrenos!<\/strong><br \/>\u2013\u00bfAh s\u00ed?<br \/><strong>\u2013Bueno\u2026 \u00bfy qu\u00e9 me dice del descenso de r\u00edos?<\/strong><br \/>\u2013Pues era obvio\u2026 nunca se le cuadr\u00f3 al jefe y adem\u00e1s, era del grupo de Montano\u2026<br \/><strong>\u2013\u00bfDe qu\u00e9 me habla?<\/strong><br \/>\u2013Pues de Flavino R\u00edos\u2026 \u00bfno de eso me preguntaste?<br \/><strong>\u2013\u00a1Del rafting! Carvallo \u00a1rafting! Pero en fin\u2026 \u00bfqu\u00e9 tal el bungee?<\/strong><br \/>\u2013Ah\u00ed nom\u00e1s le entra Julio Salda\u00f1a\u2026<br \/><strong>\u2013\u00bfA poco a usted le da \u201cmello\u201d?<\/strong><br \/>\u2013A m\u00ed no \u201cme hache ach\u00ed\u201d, pero entiendo que el chiste del bungee es un salto al vac\u00edo\u2026 \u00bfo no?<br \/><strong>\u2013Bueno\u2026 vi\u00e9ndolo de ese modo, pus s\u00ed\u2026 pero, \u00bfqu\u00e9 me dice del Parapente?<\/strong><br \/>\u2013No\u2026 para nada\u2026 el parapente no es para m\u00ed\u2026<br \/><strong>\u2013Si no es para usted, \u00bfpara qui\u00e9n es?<\/strong><br \/>\u2013Pues hay varios, como el alcalde de Jamapa, \u00a1mira que no saber d\u00f3nde planean construir un reclusorio y perderse con el Gobernador! O \u00a1nuestras autoridades federales y su infructuosa lucha contra el narco que nos ha colmado de miles de bajas en nuestros soldados! O \u00a1la pol\u00edtica econ\u00f3mica del gobierno federal d\u00e1ndonos m\u00e1s y m\u00e1s millones de pobres!<br \/><strong>\u2013No entiendo\u2026 qu\u00e9 tiene que ver el parapente con estos casos\u2026<\/strong><br \/>\u2013\u00bfPues c\u00f3mo se llama a quienes practican el parapente?<br \/><strong>\u2013Mmm\u2026 \u00bfc\u00f3mo?<\/strong><br \/>\u2013\u00a1Para-pen\u2026tontos! \u00bfno lo practicas t\u00fa?<br \/><strong>\u2013\u00a1Ora! Yo no me llevo as\u00ed de pesado con usted\u2026 ya la \u00faltima pregunta\u2026 al inicio de su rueda de prensa dijo que fue un \u00e9xito la precampa\u00f1a de los aspirantes a candidatos por una diputaci\u00f3n federal\u2026 pero, hubo cr\u00edticas a la participaci\u00f3n de algunos como el de Cosamaloapan, los Tuxtlas, Cosoleacaque, Acayucan incluso hasta Xalapa urbano\u2026 \u00bfse cayeron algunos precandidatos?<\/strong><br \/>\u2013Ac\u00e1 entre nos\u2026 \u00a1s\u00ed!<br \/><strong>\u2013\u00a1Yes! \u00a1Ya tengo la principal! \u00a1D\u00edgame! \u00bfQu\u00e9 precandidatos se cayeron? \u00a1Nombres! \u00a1Nombres!<\/strong><br \/>\u2013\u00a1Se cayeron todos!<br \/><strong>\u2013\u00bfC\u00f3mo?<\/strong><br \/>\u2013S\u00ed, todos \u201cse cayeron\u201d con su \u201cmochada\u201d para poder financiar la excursi\u00f3n del alpinista Jorge Antonio Salazar Gavia al Makalu\u2026 \u00a130 mil por cabeza!<br \/><strong>\u2013Oiga\u2026 \u00a1yo quiero escalar la Torre Eiffel! \u00bfMe apoyar\u00eda?<\/strong><br \/>\u2013\u00a1Claro! \u00bfQu\u00e9 te parece la Torre Eiffel escala de 1 en 100, la m\u00e1s socorrida por los arquitectos?<br \/>Y as\u00ed entend\u00ed por qu\u00e9 le tuvo tanto miedo la de Sedesol a Carvallo\u2026 \u00a1si es m\u00e1s duro que una roca! \u00a1Y no del Makalu!<\/p>\n","protected":false},"excerpt":{"rendered":"<p>Salvador Mu\u00f1ozLos Pol\u00edticos Nuevamente me permito un par\u00e9ntesis antes de entrar en materia:(Gracias\u2026 quiero dar Gracias a la diputada Dalia P\u00e9rez ((no a la amiga porque est\u00e1 de m\u00e1s decir que de ese modo, lo hubiera hecho)) por el apoyo que brind\u00f3 y brinda a los vecinos de Jardines de Xalapa que hace unos d\u00edas [&hellip;]<\/p>\n","protected":false},"author":1,"featured_media":0,"comment_status":"open","ping_status":"open","sticky":false,"template":"","format":"standard","meta":{"_jetpack_newsletter_access":"","_jetpack_dont_email_post_to_subs":false,"_jetpack_newsletter_tier_id":0,"_jetpack_memberships_contains_paywalled_content":false,"_jetpack_memberships_contains_paid_content":false,"footnotes":""},"categories":[1],"tags":[],"class_list":["post-8971","post","type-post","status-publish","format-standard","hentry","category-sin-categoria"],"jetpack_featured_media_url":"","jetpack_sharing_enabled":true,"jetpack_shortlink":"https:\/\/wp.me\/p4Qcd3-2kH","_links":{"self":[{"href":"https:\/\/lospoliticosveracruz.com.mx\/index.php?rest_route=\/wp\/v2\/posts\/8971","targetHints":{"allow":["GET"]}}],"collection":[{"href":"https:\/\/lospoliticosveracruz.com.mx\/index.php?rest_route=\/wp\/v2\/posts"}],"about":[{"href":"https:\/\/lospoliticosveracruz.com.mx\/index.php?rest_route=\/wp\/v2\/types\/post"}],"author":[{"embeddable":true,"href":"https:\/\/lospoliticosveracruz.com.mx\/index.php?rest_route=\/wp\/v2\/users\/1"}],"replies":[{"embeddable":true,"href":"https:\/\/lospoliticosveracruz.com.mx\/index.php?rest_route=%2Fwp%2Fv2%2Fcomments&post=8971"}],"version-history":[{"count":0,"href":"https:\/\/lospoliticosveracruz.com.mx\/index.php?rest_route=\/wp\/v2\/posts\/8971\/revisions"}],"wp:attachment":[{"href":"https:\/\/lospoliticosveracruz.com.mx\/index.php?rest_route=%2Fwp%2Fv2%2Fmedia&parent=8971"}],"wp:term":[{"taxonomy":"category","embeddable":true,"href":"https:\/\/lospoliticosveracruz.com.mx\/index.php?rest_route=%2Fwp%2Fv2%2Fcategories&post=8971"},{"taxonomy":"post_tag","embeddable":true,"href":"https:\/\/lospoliticosveracruz.com.mx\/index.php?rest_route=%2Fwp%2Fv2%2Ftags&post=8971"}],"curies":[{"name":"wp","href":"https:\/\/api.w.org\/{rel}","templated":true}]}}