{"id":8974,"date":"2009-03-16T02:31:00","date_gmt":"2009-03-16T02:31:00","guid":{"rendered":"http:\/\/www.lospoliticosveracruz.com.mx\/?p=8974"},"modified":"2014-10-08T19:27:09","modified_gmt":"2014-10-08T19:27:09","slug":"carnaval-a-plebiscito","status":"publish","type":"post","link":"https:\/\/lospoliticosveracruz.com.mx\/?p=8974","title":{"rendered":"Carnaval, \u00bfa plebiscito?"},"content":{"rendered":"<blockquote><p>* Refuerzan operativo gr\u00faa<br \/>* El embajador de buena fe<\/p><\/blockquote>\n<p><strong>Jos\u00e9 Ortiz Medina<\/strong><br \/><em>En corto sin cortes<\/em><\/p>\n<p>Mucha pol\u00e9mica se gener\u00f3 en torno al Carnaval de Xalapa. Hubo quienes se manifestaron en contra de esta festividad, pero hay otros ciudadanos que desean que la algarab\u00eda carnestolenda contin\u00fae para el a\u00f1o entrante. <br \/>Al respecto, el alcalde David Velasco Chedraui se\u00f1al\u00f3 que en materia econ\u00f3mica hubo una importante derrama para la ciudad. \u201cPlatiqu\u00e9 con varias personas del comit\u00e9 y me comentaron que vino mucha gente de fuera lo que es muy bueno para la econom\u00eda de Xalapa\u201d, subray\u00f3.<br \/>En ese tenor, Velasco Chedraui coment\u00f3 que acatar\u00e1 la disposici\u00f3n de la poblaci\u00f3n para que el pr\u00f3ximo a\u00f1o no se realice el carnaval o en su  momento hacer una consulta p\u00fablica para conocer la opini\u00f3n de la ciudadan\u00eda y analizar si se hace o no para el pr\u00f3ximo a\u00f1o. <br \/>Finalmente, el Presidente Municipal David Velasco Chedraui, dijo que los festejos del Carnaval Xalapa 2009, cumplieron con las medidas de seguridad para disfrute de las familias que asistieron a disfrutar del cuarto desfile de carros aleg\u00f3ricos y reiter\u00f3 el saldo blanco en la fiesta.<br \/>Pues s\u00ed, no estar\u00eda mal que sea sometido a una consulta p\u00fablica el dichoso Carnaval, porque al parecer las opiniones est\u00e1n divididas.<\/p>\n<p>JAVIER DUARTE de Ochoa espera con tranquilidad el inicio de la campa\u00f1a electoral. Tiene elementos suficientes que le indican que arranca con una amplia ventaja sobre sus adversarios pol\u00edticos, y entre ellos se cuentan como los m\u00e1s importantes la imagen, trabajo y resultados del primer priista de la entidad, que sin duda es el activo m\u00e1s importante que tiene el PRI en este momento y que da a los abanderados priista una ventaja en esta elecci\u00f3n federal. El otro aspecto que le da un margen de maniobra pol\u00edtica es el respaldo en su calidad de priistas de los alcaldes de la regi\u00f3n. <br \/>En el caso  de C\u00f3rdoba el trabajo de  Juan Lav\u00edn ser\u00e1 de enorme ayuda  para las aspiraciones pol\u00edticas de Javier Duarte. La labor del edil en un territorio que hasta hace poco dominaban  los panistas ha facilitado la tarea del precandidato quien durante la precampa\u00f1a realiz\u00f3 una ardua y efectiva tarea de acercamiento con las bases priistas que se refleja en la aceptaci\u00f3n de la que hoy en d\u00eda goza, y que ser\u00e1 la base de la que parta para su campa\u00f1a formal que inicia el d\u00eda 3 de mayo. Por cierto, hace poco el edil cordob\u00e9s estuvo presente en la capital del estado para atender asuntos propios de su funci\u00f3n municipal, y tambi\u00e9n en calidad de embajador de buena fe de la causa de Javier Duarte de Ochoa, con quien tiene un compromiso personal y como priista.<\/p>\n<p>MUY NERVIOSOS puso a los panistas la salida de Gonzalo S\u00e1nchez Mart\u00ednez del ayuntamiento de Coatepec para incorporarse a la campa\u00f1a de Jos\u00e9 Yunes Zorrilla. Los azules saben que S\u00e1nchez Mart\u00ednez es el operador pol\u00edtico m\u00e1s  experimentado y que da resultados a su partido en Coatepec, de ah\u00ed las cr\u00edticas hacia su persona que han filtrado en algunos medios de comunicaci\u00f3n. Igual que hace dos a\u00f1os Silvia Monge sue\u00f1a con tener la victoria contundente. Conf\u00eda en su padrino pol\u00edtico: Santiago Creel, el mismo que fue derrotado por el presidente Calder\u00f3n y que fue destituido por Germ\u00e1n Mart\u00ednez como coordinador de la banca del PAN en el Senado. No obstante, en el 2006 do\u00f1a Silvia perdi\u00f3 por una ventaja de 62 por ciento, es decir, por m\u00e1s de seis mil votos. Muchos de esos votos los oper\u00f3 Gonzalo S\u00e1nchez. A lo mejor por eso los seguidores de do\u00f1a Silvia temen que les repitan la dosis y prefieren seguir la vieja escuela de la pol\u00edtica de cloaca: calumnia que algo queda.<\/p>\n<p>EL CONTRATO que la compa\u00f1\u00eda ITSA Construcciones de H\u00e9ctor Esparza P\u00e9rez se adjudic\u00f3 en materia de saneamiento, fue con la Comisi\u00f3n de Agua del Estado de Veracruz y jam\u00e1s con la Comisi\u00f3n Nacional del Agua, por lo tanto el director de Conagua V\u00edctor Manuel Esparza se libera de todo \u201csospechos\u00edsimo\u201d. En Consecuencia el funcionario queda al margen de todo conflicto de intereses y desde luego no pudi\u00e9ramos descartar el fuego amigo ante la atinada labor del servidor p\u00fablico al frente de este organismo federal y como el buen V\u00edctor es adicto a las cuentas claras y al chocolate espeso, jure usted que a las pruebas de remitir\u00e1. <\/p>\n<p>HACE UNOS d\u00edas el Consejo Distrital del IFE con cabecera en Tuxpan impuso una amonestaci\u00f3n al PAN para que en lo subsecuente deje de utilizar los elementos del equipamento urbano para fijar propaganda de sus precandidatos o candidatos e impuso una multa de 500 salarios m\u00ednimos a los precandidatos del mismo partido, Miguel Mart\u00edn L\u00f3pez y Jorge Vera Hern\u00e1ndez por haber colocado propaganda alusiva a la precampa\u00f1a en dichos lugares, lo cual se encuentra expresamente prohibido por la ley electoral. <\/p>\n<p>NOS INFORMAN que en breve ser\u00e1n puestas en circulaci\u00f3n cinco gr\u00faas m\u00e1s en esta capital. De esta forma, habr\u00e1 m\u00e1s vigilancia por parte de la direcci\u00f3n que encabeza Edmundo Mart\u00ednez Zaleta para quitar a las unidades mal estacionadas. De igual forma ser\u00e1n retirados de la v\u00eda p\u00fablica autos chatarras abandonados. <\/p>\n<p>RICARDO Ravelo adelant\u00f3 en esta capital que su pr\u00f3ximo libro ser\u00e1 sobre Osiel C\u00e1rdenas Guill\u00e9n.<\/p>\n<p>EL RUMOR de ayer: que no ser\u00eda Nemesio Dom\u00ednguez el sustituto de Silvia Dom\u00ednguez en la Sedesma sino Alberto Silva. \u00bfSer\u00e1?<\/p>\n<p>QUE EN el Orfis ya extra\u00f1an al caballeroso y atento Ren\u00e9 Mariani Ochoa.<\/p>\n","protected":false},"excerpt":{"rendered":"<p>* Refuerzan operativo gr\u00faa* El embajador de buena fe Jos\u00e9 Ortiz MedinaEn corto sin cortes Mucha pol\u00e9mica se gener\u00f3 en torno al Carnaval de Xalapa. Hubo quienes se manifestaron en contra de esta festividad, pero hay otros ciudadanos que desean que la algarab\u00eda carnestolenda contin\u00fae para el a\u00f1o entrante. Al respecto, el alcalde David Velasco [&hellip;]<\/p>\n","protected":false},"author":1,"featured_media":0,"comment_status":"open","ping_status":"open","sticky":false,"template":"","format":"standard","meta":{"_jetpack_newsletter_access":"","_jetpack_dont_email_post_to_subs":false,"_jetpack_newsletter_tier_id":0,"_jetpack_memberships_contains_paywalled_content":false,"_jetpack_memberships_contains_paid_content":false,"footnotes":""},"categories":[1],"tags":[],"class_list":["post-8974","post","type-post","status-publish","format-standard","hentry","category-sin-categoria"],"jetpack_featured_media_url":"","jetpack_sharing_enabled":true,"jetpack_shortlink":"https:\/\/wp.me\/p4Qcd3-2kK","_links":{"self":[{"href":"https:\/\/lospoliticosveracruz.com.mx\/index.php?rest_route=\/wp\/v2\/posts\/8974","targetHints":{"allow":["GET"]}}],"collection":[{"href":"https:\/\/lospoliticosveracruz.com.mx\/index.php?rest_route=\/wp\/v2\/posts"}],"about":[{"href":"https:\/\/lospoliticosveracruz.com.mx\/index.php?rest_route=\/wp\/v2\/types\/post"}],"author":[{"embeddable":true,"href":"https:\/\/lospoliticosveracruz.com.mx\/index.php?rest_route=\/wp\/v2\/users\/1"}],"replies":[{"embeddable":true,"href":"https:\/\/lospoliticosveracruz.com.mx\/index.php?rest_route=%2Fwp%2Fv2%2Fcomments&post=8974"}],"version-history":[{"count":0,"href":"https:\/\/lospoliticosveracruz.com.mx\/index.php?rest_route=\/wp\/v2\/posts\/8974\/revisions"}],"wp:attachment":[{"href":"https:\/\/lospoliticosveracruz.com.mx\/index.php?rest_route=%2Fwp%2Fv2%2Fmedia&parent=8974"}],"wp:term":[{"taxonomy":"category","embeddable":true,"href":"https:\/\/lospoliticosveracruz.com.mx\/index.php?rest_route=%2Fwp%2Fv2%2Fcategories&post=8974"},{"taxonomy":"post_tag","embeddable":true,"href":"https:\/\/lospoliticosveracruz.com.mx\/index.php?rest_route=%2Fwp%2Fv2%2Ftags&post=8974"}],"curies":[{"name":"wp","href":"https:\/\/api.w.org\/{rel}","templated":true}]}}