{"id":8975,"date":"2009-03-16T02:26:00","date_gmt":"2009-03-16T02:26:00","guid":{"rendered":"http:\/\/www.lospoliticosveracruz.com.mx\/?p=8975"},"modified":"2014-10-08T19:27:12","modified_gmt":"2014-10-08T19:27:12","slug":"gandara-en-alianza-con-su-ex-jefe-yunes-linares","status":"publish","type":"post","link":"https:\/\/lospoliticosveracruz.com.mx\/?p=8975","title":{"rendered":"\u00bfG\u00e1ndara en alianza con su ex jefe Yunes Linares?"},"content":{"rendered":"<p><a href=\"http:\/\/www.lospoliticosveracruz.com.mx\/wp-content\/uploads\/2009\/03\/G-C3-A1ndara.gif\"><img decoding=\"async\" style=\"display:block; margin:0px auto 10px; text-align:center;cursor:pointer; cursor:hand;width: 400px; height: 300px;\" src=\"http:\/\/www.lospoliticosveracruz.com.mx\/wp-content\/uploads\/2009\/03\/G-C3-A1ndara-300x225.gif\" border=\"0\" alt=\"\"id=\"BLOGGER_PHOTO_ID_5313607387398078418\" \/><\/a><br \/><strong>Jos\u00e9 Villegas L\u00f3pez<\/strong><br \/><em>Expresi\u00f3n Personal<\/em><\/p>\n<p>En un recorrido que hicimos por la tierra natal del Descoordinador de Comunicaci\u00f3n Social de Gobierno del Estado, Alfredo G\u00e1ndara Andrade alias el \u201cGordo\u201d Nos enteramos que se encuentra en plena precampa\u00f1a desde ahorita para contender en busca de la alcald\u00eda de esta ciudad petrolera, Sin duda que su necedad del enemigo n\u00famero uno de los medios de comunicaci\u00f3n, es il\u00f3gica al saber de antemano que nadie lo quiere aqu\u00ed y que siendo sinceros no gana pero ni en su cuadra donde vive en la zona residencial de Coapexpan en la capital del estado, lugar donde cambi\u00f3 su residencia y que ahora vive como un millonario desorientado y loco.<br \/>Bien, sabemos de buena fuente que el que se dice \u201cFidelista de hueso colorado\u201d Est\u00e1 convocando a amigos y conocidos que estuvieron trabajando o colaborando en el tiempo que fungi\u00f3 como Jefe de Prensa del PRI estatal con su gran amigo y protector: Miguel \u00c1ngel Yunes Linares y  de que no ha olvidado del todo sus grandes atenciones que tuvo para con \u00e9l, justamente cuando G\u00e1rgaras no era nadie aun, realmente la versi\u00f3n de que est\u00e1 en plena etapa de convencimiento de que lo apoyen en sus aspiraciones a los l\u00edderes representativos de su zona, as\u00ed como de empresarios acaudalados que est\u00e1n dispuestos para lograr acuerdos que les permitan tener canonj\u00edas en su momento so\u00f1ado de gobernar a Poza Rica, sue\u00f1os que a G\u00e1ndara no lo dejan dormir y tan empecinado se le ve al \u201cGordo\u201d que hasta se escucha que se va a trabajar de la mano al viable candidato panista Miguel \u00c1ngel Yunes Linares, con rumbo a la gubernatura, todo es una realidad.<br \/>Eso suena terrible cuando el Lic. Fidel Herrera Beltr\u00e1n le ha tenido mucha confianza y le ha aguantado tantas estupideces en su nefasta labor, que es precisamente manejar la imagen del mandatario estatal.<br \/>Nos preguntamos nosotros\u2026<br \/>Los golpes que ha recibido el gobernador a nivel estatal y nacional, el m\u00e1s reciente en el Noticiero de Joaqu\u00edn L\u00f3pez D\u00f3riga cuando se le fue pr\u00e1cticamente encima Miguel \u00c1ngel Yunes Linares\u2026 \u00bfPorque no da la cara Alfredo G\u00e1ndara para defenderlo?<br \/>A lo mejor porque no quiere confrontar a su exjefe y aliado en sus aspiraciones pol\u00edticas, \u201cAqu\u00ed lo mas conveniente es que el T\u00edo Fide, comience a mover sus alfiles y quite a ese sujeto regordete que solo empa\u00f1a su imagen en los diferentes medio de comunicaci\u00f3n, tan solo que pregunte como ha sido el trato que ha brindado a la mayor\u00eda de los Directores y periodistas de los medios de informaci\u00f3n impresos y electr\u00f3nicos, pero sabemos de antemano que conoce la situaci\u00f3n y el estilo d\u00e9spota y prepotente que el \u201cGordo\u201d como lo llama, ha mantenido desde el inicio de su gesti\u00f3n con tal de afectarlo\u201d Son las voces que alzan la voz para que tenga conocimiento.<br \/>Existen diferentes expresiones que lo acusan de enriquecimiento il\u00edcito, tr\u00e1fico de influencias, maltrato sicol\u00f3gico a los empleados que dependen de la oficina que dirige.<br \/>Espero que si no lo quita el gobernador, al menos le llame la atenci\u00f3n por su irreverente actuar, sentimos que como que ya le ha perdonado muchas\u2026S\u00f3lo resta la investigaci\u00f3n respectiva para constatar lo dicho aqu\u00ed.<\/p>\n<p><strong>Organizaci\u00f3n de Medios por Internet del Estado de Veracruz<\/strong><br \/>La Organizaci\u00f3n de Medios por Internet del Estado de Veracruz. (OMIEV) a trav\u00e9s del Comit\u00e9 Organizador que nos honramos en ser miembros activos, acompa\u00f1ados por la Lic. Blanca Estela Arg\u00fcelles, Directora General del portal de noticias www.el-totonacapan.com as\u00ed como el Lic. Mario Vel\u00e1squez Director General de www.imagenesdeorizaba.com, Miguel \u00c1ngel Landa Pe\u00f1a de www.elcalificativo.com  estamos convocando a los compa\u00f1eros que sean Directores de medios de informaci\u00f3n en la entidad,  para que nos acompa\u00f1en a la primera reuni\u00f3n con el fin de conocernos y exponerles el objetivo de formar la Organizaci\u00f3n de Medios por Internet del Estado de Veracruz.<br \/>La cita es el pr\u00f3ximo mi\u00e9rcoles en el tradicional caf\u00e9 La Parroquia, el que est\u00e1 ubicado en la calle de Zaragoza muy cerca de Palacio de Gobierno, en punto de las 12:00 del d\u00eda, sabemos que hay varias organizaciones en el estado pero lo relevante es que en dichas organizaciones son de medios impresos, de radio y televisi\u00f3n, pero de Internet no hay, entonces queremos de alguna manera ser pioneros en esta modalidad y esperamos su puntual asistencia para tal efecto.<br \/>La idea es poder contar con la asistencia de los propietarios de las p\u00e1ginas web\u00b4s y ah\u00ed mismo poder elegir libremente a quienes presidir\u00e1n dicha organizaci\u00f3n.<br \/>Remarcamos que el comit\u00e9 solo esta fungiendo como organizador, por lo que no se persigue ning\u00fan otro fin ni pol\u00edtico, ni nada que se le parezca, solo la firme convicci\u00f3n de conformarnos y poder conocer a los compa\u00f1eros que d\u00eda a d\u00eda est\u00e1n innovando en el quehacer  informativo a trav\u00e9s del Internet.<br \/>Hacemos la \u00fanica observaci\u00f3n de que como es una reuni\u00f3n no financiada por ning\u00fan partido pol\u00edtico, ni funcionario alguno, les pedimos amablemente tengan a bien pagar el consumo, que realicen, por su apoyo y comprensi\u00f3n mil gracias. <\/p>\n<p><strong>\u00bfY d\u00f3nde est\u00e1 To\u00f1o G\u00f3mez?<\/strong><br \/>Para los habitantes de la regi\u00f3n de Coatepec, no entienden a los pol\u00edticos que solo buscan su inter\u00e9s personal siempre que hay elecciones en Veracruz, brindando una cara mientras les venden la esperanza de que tienen todo para ser representantes populares, hoy se dan cuenta que la realidad supera por siempre a la misma, desde que al eterno aspirante a Presidente Municipal de su tierra Teocelo, Antonio G\u00f3mez Anell Director Administrativo de la SEDESMA, visitaba sus comunidades con apoyos que si efectivamente en mucho ayudaron en su momento a los que asist\u00edan a escuchar sus planteamientos con miras a la elecci\u00f3n de candidato a la diputaci\u00f3n federal, desde que le notificaron que el bueno para esa posici\u00f3n era Pepe Yunes\u2026\u00a1No se ha aparecido por esos rumbos y la gente lo extra\u00f1a! Que regrese\u2026las esperanzas de mejor nivel de vida que prometi\u00f3 cuando so\u00f1\u00f3 con la designaci\u00f3n para la candidatura pero en fin\u2026<\/p>\n<p><strong>Primer Congreso de Iniciaci\u00f3n para Exportadores<\/strong><br \/>Isace International, SA de CV es una empresa l\u00edder en la asesor\u00eda y difusi\u00f3n del comercio exterior en nuestro pa\u00eds, teniendo como respaldo varios a\u00f1os de experiencia y por la conformaci\u00f3n de profesionistas preparados en la materia. Una de nuestras principales actividades es la constante preparaci\u00f3n y difusi\u00f3n de las normas y procedimientos relacionados con los temas Aduaneros y de Comercio Exterior, por lo cual a trav\u00e9s de la Lic. Janneth Saucedo Ram\u00edrez, representante de ISACE Isace International, SA de CV, en el estado de Veracruz y con el apoyo mediante una aportaci\u00f3n de la Secretar\u00eda de Desarrollo Econ\u00f3mico y Portuario, han proyectado la realizaci\u00f3n del \u201cCongreso de Iniciaci\u00f3n para Exportadores\u201d dirigido a productores de la regi\u00f3n de Xalapa, Veracruz.<br \/>En virtud de lo anterior dicho congreso se llevar\u00e1 a cabo el d\u00eda 3 de abril del a\u00f1o en curso, mismo que tendr\u00e1 verificativo en el Auditorio Silvestre Moreno Cora ubicado en Leandro Valle, Esquina Zaragoza, Colonia Centro C.P. 91000, Xalapa, Veracruz en Palacio de Gobierno Planta Baja a las 9:30 a.m. <br \/> Se contar\u00e1 con la presencia de alcaldes de la regi\u00f3n teniendo en primera plana como anfitri\u00f3n al municipio de Xalapa, seguido del municipio de Coatepec, Xico, Acajete, Perote, Las Vigas y  Naolinco.<\/p>\n<p><strong>Amonestaci\u00f3n del IFE para PAN en Tuxpan<\/strong><br \/>El d\u00eda 13 de marzo, el 03 Consejo Distrital del Instituto Federal Electoral con cabecera en Tuxp\u00e1n, Veracruz, impuso una amonestaci\u00f3n al PAN para que en lo subsecuente, deje de utilizar los elementos del equipamiento urbano para fijar propaganda de sus precandidatos o candidatos e impuso una multa de 500 salarios m\u00ednimos a los precandidatos del mismo partido, MIGUEL MARTIN L\u00d3PEZ y JORGE VERA HERN\u00c1NDEZ por haber colocado propaganda alusiva a la precampa\u00f1a en dichos lugares, lo cual se encuentra expresamente prohibido por el C\u00f3digo Federal de Instituciones y Procedimientos Electorales.<br \/>Comentarios y sugerencias: expresionpersonal@hotmail.com<br \/>Celular: 0442281341440.<\/p>\n","protected":false},"excerpt":{"rendered":"<p>Jos\u00e9 Villegas L\u00f3pezExpresi\u00f3n Personal En un recorrido que hicimos por la tierra natal del Descoordinador de Comunicaci\u00f3n Social de Gobierno del Estado, Alfredo G\u00e1ndara Andrade alias el \u201cGordo\u201d Nos enteramos que se encuentra en plena precampa\u00f1a desde ahorita para contender en busca de la alcald\u00eda de esta ciudad petrolera, Sin duda que su necedad del [&hellip;]<\/p>\n","protected":false},"author":1,"featured_media":0,"comment_status":"open","ping_status":"open","sticky":false,"template":"","format":"standard","meta":{"_jetpack_newsletter_access":"","_jetpack_dont_email_post_to_subs":false,"_jetpack_newsletter_tier_id":0,"_jetpack_memberships_contains_paywalled_content":false,"_jetpack_memberships_contains_paid_content":false,"footnotes":""},"categories":[1],"tags":[],"class_list":["post-8975","post","type-post","status-publish","format-standard","hentry","category-sin-categoria"],"jetpack_featured_media_url":"","jetpack_sharing_enabled":true,"jetpack_shortlink":"https:\/\/wp.me\/p4Qcd3-2kL","_links":{"self":[{"href":"https:\/\/lospoliticosveracruz.com.mx\/index.php?rest_route=\/wp\/v2\/posts\/8975","targetHints":{"allow":["GET"]}}],"collection":[{"href":"https:\/\/lospoliticosveracruz.com.mx\/index.php?rest_route=\/wp\/v2\/posts"}],"about":[{"href":"https:\/\/lospoliticosveracruz.com.mx\/index.php?rest_route=\/wp\/v2\/types\/post"}],"author":[{"embeddable":true,"href":"https:\/\/lospoliticosveracruz.com.mx\/index.php?rest_route=\/wp\/v2\/users\/1"}],"replies":[{"embeddable":true,"href":"https:\/\/lospoliticosveracruz.com.mx\/index.php?rest_route=%2Fwp%2Fv2%2Fcomments&post=8975"}],"version-history":[{"count":0,"href":"https:\/\/lospoliticosveracruz.com.mx\/index.php?rest_route=\/wp\/v2\/posts\/8975\/revisions"}],"wp:attachment":[{"href":"https:\/\/lospoliticosveracruz.com.mx\/index.php?rest_route=%2Fwp%2Fv2%2Fmedia&parent=8975"}],"wp:term":[{"taxonomy":"category","embeddable":true,"href":"https:\/\/lospoliticosveracruz.com.mx\/index.php?rest_route=%2Fwp%2Fv2%2Fcategories&post=8975"},{"taxonomy":"post_tag","embeddable":true,"href":"https:\/\/lospoliticosveracruz.com.mx\/index.php?rest_route=%2Fwp%2Fv2%2Ftags&post=8975"}],"curies":[{"name":"wp","href":"https:\/\/api.w.org\/{rel}","templated":true}]}}