{"id":8977,"date":"2009-03-15T21:04:00","date_gmt":"2009-03-15T21:04:00","guid":{"rendered":"http:\/\/www.lospoliticosveracruz.com.mx\/?p=8977"},"modified":"2014-10-08T19:27:12","modified_gmt":"2014-10-08T19:27:12","slug":"el-otro-ferras","status":"publish","type":"post","link":"https:\/\/lospoliticosveracruz.com.mx\/?p=8977","title":{"rendered":"El otro \u201cFerras\u201d"},"content":{"rendered":"<p><strong>Salvador Mu\u00f1oz<\/strong><br \/><em>Los Pol\u00edticos<\/em><\/p>\n<p>Tuve oportunidad de platicar con Felipe Ferras G\u00f3mez, alias \u201cEl Ferras\u201d.<br \/>Para quienes no lo ubican, \u201cel Ferras\u201d es un veracruzano que se hizo famoso a trav\u00e9s del \u201cyoutube\u201d cuando al ser entrevistado por \u201cTelever\u201d, narra el crimen que hab\u00eda cometido con una singularidad que en muchos ocasion\u00f3 gracia y en otros, sorprendi\u00f3.<br \/>Claro, \u201cEl Ferras\u201d que entrevist\u00e9 no tiene nada que ver con el del \u201cyoutube\u201d, no hay \u201chisteria\u201d, o mejor dicho, para no reflejar un t\u00e9rmino peyorativo: No hay histrionismo.<br \/>La teatralidad desapareci\u00f3 para dar paso a otra persona, m\u00e1s tranquila sin la locuacidad que se puede ver en la internet a trav\u00e9s de esta liga: <a href=\"http:\/\/www.youtube.com\/watch?v=mVC3R1U6NPg&amp;feature=related\">http:\/\/www.youtube.com\/watch?v=mVC3R1U6NPg&#038;feature=related<\/a>.<br \/>\u00bfQu\u00e9 pas\u00f3? \u00bfAcaso la rehabilitaci\u00f3n estaba ya actuando sobre este singular personaje?<br \/>\u00a1Qui\u00e9n sabe!<br \/>Lo cierto es que cuando lo cuestiono sobre sus famosas frases como \u201cla bebes o la derramas\u201d, \u201clas balas fr\u00edas\u201d, \u201cse me fue liso con una cadena adiamantada\u201d, me responde que le averg\u00fcenza haber dicho eso y haber actuado como lo hizo.<br \/>\u00bfPor qu\u00e9?<br \/>Asegura que lo hizo bajo los efectos del alcohol y la droga.<br \/>El asunto me lleva a otros famosos del \u201cyoutube\u201d\u2026<br \/>\u201cEl Dios Eolo\u201d, aquel personaje con \u201cpoderes\u201d capaz de apagar las c\u00e1maras y detectar a los buenos y \u201cpolear\u201d con los malos\u2026<br \/>O \u201cEl Canaca\u201d. \u00bfLo ubican? Es el \u201chijo del pap\u00e1\u201d, el de \u201c\u00bfY mis 50 mil pesos? \u00bfQu\u00e9?\u201d y \u201cMe amarraron como puerco\u201d.<br \/>\u00bfPor qu\u00e9?<br \/>Muy sencillo: De acuerdo a la informaci\u00f3n que dio Televisa cuando muere este personaje, da a conocer que a \u201cEl Canaca\u201d no le gustaba que la gente se le acercara a pedirle un aut\u00f3grafo o a tomarse una foto con \u00e9l\u2026<br \/>No le gustaba ser famoso, pudiera pensarse por principio.<br \/>Pero quiz\u00e1s a \u201cEl Canaca\u201d no le gustaba que la gente le recordara el rid\u00edculo que hizo a nivel nacional (\u00bfo internacional?) el d\u00eda en que fue detenido.<br \/>Volviendo a \u201cEl Ferras\u201d, este jarocho recluido en el penal de Allende est\u00e1 seguro que quien subi\u00f3 el video de su entrevista a \u201cyoutube\u201d se est\u00e1 haciendo rico a sus costillas.<br \/>Y al igual que \u201cEl Canaca\u201d se averg\u00fcenza de lo proferido en esa famosa entrevista que \u201cconcedi\u00f3\u201d a \u201cTelever\u201d. Incluso: Invita a los ni\u00f1os a que no lo imiten\u2026<br \/>Entonces\u2026 \u00bfcu\u00e1l es el asunto?<br \/>Le cuento la an\u00e9cdota r\u00e1pida que me platic\u00f3 un amigo en un viaje a Canc\u00fan.<br \/>Hicieron una fiesta en un departamento donde hubo muchachas, diversi\u00f3n y alcohol al grado que uno de ellos, acab\u00f3 muy ebrio y se le hizo f\u00e1cil dormirse en un sill\u00f3n con la pierna arriba del respaldo. Como tra\u00eda short, se evidenci\u00f3 que no tra\u00eda truza, b\u00f3xer o calz\u00f3n que cubriera sus miserias. La oportunidad de bromearlo estaba latente. Tras pintarlo, rayonearlo y videograbarlo, se les ocurri\u00f3 poner salsa \u201cValentina\u201d cerca del ano. Por supuesto, el ardor fue inmediato y fue la comidilla del momento.<br \/>Al final, todos fueron a dormir hasta que se hizo mediod\u00eda. Los gritos del bromeado despertaron a los dem\u00e1s: \u00a1Qu\u00e9 me pas\u00f3! \u00a1Qu\u00e9 me pas\u00f3! \u00a1Qu\u00e9 me pas\u00f3! Se preguntaba mientras en sus manos estaban ensalsadas\u2026 A lo mejor pensaba que era sangre\u2026. los amigos decidieron seguir con la broma y le dijeron: \u00bfTe acuerdas que llegaron dos muchachas con dos chavos?<br \/>\u2013\u00a1S\u00ed! \u00a1y qu\u00e9 me pas\u00f3!<br \/>\u2013Pues uno de ellos era gay\u2026<br \/>\u2013\u00bfY qu\u00e9 pas\u00f3?<br \/>\u2013Pues te fuiste con \u00e9l\u2026<br \/>El amigo se la crey\u00f3 y vivi\u00f3 durante dos d\u00edas la angustia de haber perdido su \u201cvirginidad\u201d y de manera sangrienta su hombr\u00eda\u2026 y lo peor\u2026 no recordaba nada.<br \/>Por supuesto\u2026 despu\u00e9s lo sacaron de su error y parece que dicho video desapareci\u00f3 por honor entre \u201ccuates\u201d\u2026 (ah pa\u2019 cuates)\u2026<br \/>A qu\u00e9 voy\u2026<br \/>A ponernos (no salsa, por supuesto) del otro lado. P\u00f3ngase del lado de \u201cEl Canaca\u201d, de \u201cEl Ferras\u201d, de \u201cEl Dios Eolo\u201d, o del amigo de Canc\u00fan, as\u00ed, en estado de ebriedad y que lo videograben .<br \/>La cantidad de sandeces ser\u00e1 extraordinaria. \u00bfEstar\u00eda de acuerdo a que las subieran a la internet despu\u00e9s de que fuera exhibido en la televisi\u00f3n local o en cadena nacional?<br \/>Parece que a estos personajes famosos del \u201cyoutube\u201d no les dieron la oportunidad de preguntarles y decidir si estaban de acuerdo que sus \u201csandeces\u201d fueran puestas al p\u00fablico.<br \/>Nohem\u00ed Quirasco Hern\u00e1ndez, presidenta estatal de los Derechos Humanos, pide que les hagan un examen psicol\u00f3gico (que dice la Secci\u00f3n 32 del SNTE que ya se los hacen) a los maestros para detectar si est\u00e1n aptos o no para dar clases.<br \/>Sin embargo, nunca o\u00ed que abogara, motu proprio, por la forma en que \u201cEl Ferras\u201d fue exhibido en \u201cyoutube\u201d\u2026 Digo: Parece que se atenta contra los derechos humanos de una persona al ser expuesta as\u00ed\u2026 digo: \u201cParece\u201d, ella es la maestra.<br \/>Solamente pregunto, no juzgo ni me erijo en Santo\u2026 pero hasta qu\u00e9 grado los medios de difusi\u00f3n o comunicaci\u00f3n tenemos el derecho \u2013 sin que nadie nos diga algo\u2013 de entrevistar a una persona que, es evidente, no se encuentra en sus cinco sentidos y lo que pueda hacer o decir, simplemente conllevar\u00eda a humillar a su entidad como ser humano.<br \/>Es pregunta\u2026 s\u00f3lo pregunta.<\/p>\n","protected":false},"excerpt":{"rendered":"<p>Salvador Mu\u00f1ozLos Pol\u00edticos Tuve oportunidad de platicar con Felipe Ferras G\u00f3mez, alias \u201cEl Ferras\u201d.Para quienes no lo ubican, \u201cel Ferras\u201d es un veracruzano que se hizo famoso a trav\u00e9s del \u201cyoutube\u201d cuando al ser entrevistado por \u201cTelever\u201d, narra el crimen que hab\u00eda cometido con una singularidad que en muchos ocasion\u00f3 gracia y en otros, sorprendi\u00f3.Claro, [&hellip;]<\/p>\n","protected":false},"author":1,"featured_media":0,"comment_status":"open","ping_status":"open","sticky":false,"template":"","format":"standard","meta":{"_jetpack_newsletter_access":"","_jetpack_dont_email_post_to_subs":false,"_jetpack_newsletter_tier_id":0,"_jetpack_memberships_contains_paywalled_content":false,"_jetpack_memberships_contains_paid_content":false,"footnotes":""},"categories":[1],"tags":[],"class_list":["post-8977","post","type-post","status-publish","format-standard","hentry","category-sin-categoria"],"jetpack_featured_media_url":"","jetpack_sharing_enabled":true,"jetpack_shortlink":"https:\/\/wp.me\/p4Qcd3-2kN","_links":{"self":[{"href":"https:\/\/lospoliticosveracruz.com.mx\/index.php?rest_route=\/wp\/v2\/posts\/8977","targetHints":{"allow":["GET"]}}],"collection":[{"href":"https:\/\/lospoliticosveracruz.com.mx\/index.php?rest_route=\/wp\/v2\/posts"}],"about":[{"href":"https:\/\/lospoliticosveracruz.com.mx\/index.php?rest_route=\/wp\/v2\/types\/post"}],"author":[{"embeddable":true,"href":"https:\/\/lospoliticosveracruz.com.mx\/index.php?rest_route=\/wp\/v2\/users\/1"}],"replies":[{"embeddable":true,"href":"https:\/\/lospoliticosveracruz.com.mx\/index.php?rest_route=%2Fwp%2Fv2%2Fcomments&post=8977"}],"version-history":[{"count":0,"href":"https:\/\/lospoliticosveracruz.com.mx\/index.php?rest_route=\/wp\/v2\/posts\/8977\/revisions"}],"wp:attachment":[{"href":"https:\/\/lospoliticosveracruz.com.mx\/index.php?rest_route=%2Fwp%2Fv2%2Fmedia&parent=8977"}],"wp:term":[{"taxonomy":"category","embeddable":true,"href":"https:\/\/lospoliticosveracruz.com.mx\/index.php?rest_route=%2Fwp%2Fv2%2Fcategories&post=8977"},{"taxonomy":"post_tag","embeddable":true,"href":"https:\/\/lospoliticosveracruz.com.mx\/index.php?rest_route=%2Fwp%2Fv2%2Ftags&post=8977"}],"curies":[{"name":"wp","href":"https:\/\/api.w.org\/{rel}","templated":true}]}}