{"id":8978,"date":"2009-03-14T01:21:00","date_gmt":"2009-03-14T01:21:00","guid":{"rendered":"http:\/\/www.lospoliticosveracruz.com.mx\/?p=8978"},"modified":"2014-10-08T19:27:12","modified_gmt":"2014-10-08T19:27:12","slug":"jeronimo-y-las-playas","status":"publish","type":"post","link":"https:\/\/lospoliticosveracruz.com.mx\/?p=8978","title":{"rendered":"\u00a1Jer\u00f3nimo y las playas!"},"content":{"rendered":"<p><strong>Salvador Mu\u00f1oz<\/strong><br \/><em>Los Pol\u00edticos<\/em><\/p>\n<p>En las playas de Navolato, Sinaloa, para esta Semana Santa, autoridades municipales tienen la intenci\u00f3n de cobrar el acceso a los turistas.<br \/>Ser\u00e1 una cuota simb\u00f3lica entre 30 y 40 pesos, seg\u00fan para recuperar parte de los gastos que se lleva en acondicionar este punto para el turismo.<br \/>Es decir, quieren recuperar un poco de lo que se invierte entre limpiar las playas, poner al tiro los caminos, gasolina y alimentaci\u00f3n a elementos de polic\u00eda como salvavidas y socorristas.<br \/>\u00bfUsted pagar\u00eda esos 30 \u00f3 40 pesitos? Lo m\u00e1s probable es que diga que las playas son p\u00fablicas, pero pues es cierto que los turistas dejan su cochinero una vez que las usan. Si a eso se le agrega a los valientes que hacen sus necesidades en las aguas \u00a1imag\u00ednese! \u00a1Yo pago por no ir!<br \/>Ac\u00e1 en Veracruz, Jer\u00f3nimo Folgueras, secretario de Turismo, simplemente no quiere meterse a las playas conurbadas de Veracruz y Boca del R\u00edo\u2026 parece que no le interesa demostrar que est\u00e1n aptas para nadar, chapotear o hacer pip\u00ed en ellas. \u00a1Le basta con que el monitoreo indique que est\u00e1n a todo dar!<br \/>Meterse a las aguas para que le tomen una foto para los peri\u00f3dicos, dice que es \u201cocioso\u201d\u2026<br \/>No es la primera vez que a un pol\u00edtico le quieren dar su \u201cs\u00e1bado de gloria\u201d por adelantado.<br \/>Ya lo hizo Iv\u00e1n Hillman Chapoy (\u00bfLiberen a Willy?), Manuel Lila de Arce (\u00bfPablo Morsa?) y Jon Rementer\u00eda (\u00bfPez payaso?)\u2026<br \/>\u00bfY qu\u00e9 pas\u00f3? Nada\u2026 As\u00ed es\u2026 \u00a1no demostraron nada! Porque igual, si les dio \u201cchorrillo\u201d o \u201csalpullido\u201d no lo iban a decir a los cuatro vientos\u2026<br \/>Pero, no fue en el fidelismo donde se dio esta moda de los chapuzones\u2026 si no mal recuerdo, fue en el chirinato, cuando un candidato a senador tuvo la puntada de meterse a nadar \u00a1pero en Laguna Verde!<br \/>\u00bfRecuerdan a don Miguel Alem\u00e1n? \u00bfTuvo consecuencias meterse a esas aguas?<br \/>\u00a1Claro que las tuvo! Al menos nunca envejeci\u00f3 durante seis a\u00f1os de Gobierno\u2026 viendo el lado positivo\u2026<br \/>Pero volviendo a Jer\u00f3nimo y sus motivos para no entrar al agua, uno pudiera pensar que\u2026<br \/>a) Al igual que los Gremlins (pel\u00edcula 80tera), al contacto con el agua, puede empezar a reproducirse sin control.<br \/>b) Siendo ni\u00f1o, se tom\u00f3 un gran buche de agua de mar y despu\u00e9s descubri\u00f3 que todo mundo se hace pip\u00ed en la playa.<br \/>c) Tiene tremendas u\u00f1as de \u201cchampi\u00f1\u00f3n\u201d y no quiere que se las vayan a fotografiar\u2026<br \/>d) El traje de ba\u00f1o pudiera evidenciar un triste camar\u00f3n de pacotilla\u2026<br \/>e) No sabe nadar\u2026<br \/>f) Cree que por tener en nuestro cuerpo un 80 por ciento de agua, si se mete, se puede ahogar por el exceso\u2026<br \/>g) Le agradar\u00eda m\u00e1s al Gobernador si se diera un chapuz\u00f3n en el mar Rojo\u2026<br \/>h) O est\u00e1 indeciso\u2026 \u00bfen el Mar Negro?<br \/>i) S\u00f3lo se mete al mar si trae su salvavidas de caballito\u2026<br \/>j) Ha de pensar que si se tira a la mar quede embarazada\u2026<br \/>k) Si ve a guapas ba\u00f1istas, lo manden a hacer turismo ecol\u00f3gico\u2026 por \u201crabo verde\u201d\u2026<br \/>En fin, uno puede tener miles y miles de hip\u00f3tesis de por qu\u00e9 chingaos no se quiere meter a las playas veracruzanas Jer\u00f3nimo Folgueras, pero a lo mejor, la respuesta m\u00e1s sencilla puede ser la siguiente:<br \/>Simplemente no se lo ha ordenado el Gobernador\u2026 Hagamos la apuesta: \u00bfSe meter\u00e1 a las aguas de las playas Jer\u00f3nimo antes de Semana Santa? \u00bfUsted qu\u00e9 cree?<br \/>Buen fin de semana\u2026<\/p>\n","protected":false},"excerpt":{"rendered":"<p>Salvador Mu\u00f1ozLos Pol\u00edticos En las playas de Navolato, Sinaloa, para esta Semana Santa, autoridades municipales tienen la intenci\u00f3n de cobrar el acceso a los turistas.Ser\u00e1 una cuota simb\u00f3lica entre 30 y 40 pesos, seg\u00fan para recuperar parte de los gastos que se lleva en acondicionar este punto para el turismo.Es decir, quieren recuperar un poco [&hellip;]<\/p>\n","protected":false},"author":1,"featured_media":0,"comment_status":"open","ping_status":"open","sticky":false,"template":"","format":"standard","meta":{"_jetpack_newsletter_access":"","_jetpack_dont_email_post_to_subs":false,"_jetpack_newsletter_tier_id":0,"_jetpack_memberships_contains_paywalled_content":false,"_jetpack_memberships_contains_paid_content":false,"footnotes":""},"categories":[1],"tags":[],"class_list":["post-8978","post","type-post","status-publish","format-standard","hentry","category-sin-categoria"],"jetpack_featured_media_url":"","jetpack_sharing_enabled":true,"jetpack_shortlink":"https:\/\/wp.me\/p4Qcd3-2kO","_links":{"self":[{"href":"https:\/\/lospoliticosveracruz.com.mx\/index.php?rest_route=\/wp\/v2\/posts\/8978","targetHints":{"allow":["GET"]}}],"collection":[{"href":"https:\/\/lospoliticosveracruz.com.mx\/index.php?rest_route=\/wp\/v2\/posts"}],"about":[{"href":"https:\/\/lospoliticosveracruz.com.mx\/index.php?rest_route=\/wp\/v2\/types\/post"}],"author":[{"embeddable":true,"href":"https:\/\/lospoliticosveracruz.com.mx\/index.php?rest_route=\/wp\/v2\/users\/1"}],"replies":[{"embeddable":true,"href":"https:\/\/lospoliticosveracruz.com.mx\/index.php?rest_route=%2Fwp%2Fv2%2Fcomments&post=8978"}],"version-history":[{"count":0,"href":"https:\/\/lospoliticosveracruz.com.mx\/index.php?rest_route=\/wp\/v2\/posts\/8978\/revisions"}],"wp:attachment":[{"href":"https:\/\/lospoliticosveracruz.com.mx\/index.php?rest_route=%2Fwp%2Fv2%2Fmedia&parent=8978"}],"wp:term":[{"taxonomy":"category","embeddable":true,"href":"https:\/\/lospoliticosveracruz.com.mx\/index.php?rest_route=%2Fwp%2Fv2%2Fcategories&post=8978"},{"taxonomy":"post_tag","embeddable":true,"href":"https:\/\/lospoliticosveracruz.com.mx\/index.php?rest_route=%2Fwp%2Fv2%2Ftags&post=8978"}],"curies":[{"name":"wp","href":"https:\/\/api.w.org\/{rel}","templated":true}]}}