{"id":8980,"date":"2009-03-12T14:55:00","date_gmt":"2009-03-12T14:55:00","guid":{"rendered":"http:\/\/www.lospoliticosveracruz.com.mx\/?p=8980"},"modified":"2014-10-08T19:27:12","modified_gmt":"2014-10-08T19:27:12","slug":"las-precampanas-no-levantaron","status":"publish","type":"post","link":"https:\/\/lospoliticosveracruz.com.mx\/?p=8980","title":{"rendered":"Las precampa\u00f1as no levantaron"},"content":{"rendered":"<blockquote><p>* El Congreso local y Salvemos el Agua<br \/>* Nuestra solidaridad con V\u00edctor Murgu\u00eda<\/p><\/blockquote>\n<p><strong>Inocencio  Vald\u00e9s V\u00e1zquez<\/strong><br \/><em>P\u00e1gina Tres<\/em><\/p>\n<p>Las precampa\u00f1as de los aspirantes a diputados federales que contender\u00e1n en las elecciones del primer domingo de julio de este a\u00f1o \u201cni se ven, ni se oyen y mucho menos se sienten\u201d, m\u00e1s bien se han realizado como un mero requisito que establecen las leyes electorales vigentes.<br \/>Algunos de los prospectos del PRI a ser legisladores federales incluso han hecho labor proselitista, hacia el interior de su militancia como lo acord\u00f3 con las nuevas reglas el IFE, de muy bajo nivel como si les hubieran advertido desde arriba que a lo mejor no eran los buenos y que podr\u00eda, tal vez, haber sustitutos de \u00faltimo momento.<br \/>Aunque ya el l\u00edder estatal, Jorge Carvallo Delf\u00edn rechaz\u00f3 que vaya a ver cambio de candidatos de ese partido. Sin embargo quien sabe.<br \/>Y es que hay, en el caso del Partido Revolucionario Institucional (PRI), precandidatos que no levantan ni con levadura, ya que adem\u00e1s de que fueron impuestos a chaleco por ya saben qui\u00e9n, las bases del tricolor est\u00e1n inconformes porque de nueva cuenta ese partido volvi\u00f3  a los tiempos de antes, a las imposiciones y los compadrazgos y se dej\u00f3 a un lado la consulta a las bases.<br \/>De los partidos opositores al PRI est\u00e1n en la misma situaci\u00f3n o peor, porque todav\u00eda no se ponen de acuerdo sobre quienes van a ser los candidatos..          <br \/>Si dec\u00edamos que las precampa\u00f1as no levantan, ser\u00e1 hasta cuando se confirmen, en las pr\u00f3ximas semanas, los candidatos de los diferentes partidos pol\u00edticos, entonces s\u00ed tendr\u00e1n que echarle toda la carne asador si en verdad quieren ocupar una curul en la C\u00e1mara Baja del Congreso de la Uni\u00f3n.<br \/>En ese tenor, analistas y conocedores del tema advierten que el tricolor no llegar\u00e1 a m\u00e1s de 14 triunfos en los 21 distritos electorales y eso si bien les va, porque con esos candidatos \u201cgolondrinos\u201d e impopulares la dirigencia tiene que hacer verdaderos esfuerzos para sacar adelante las victorias.       <br \/>Adem\u00e1s como est\u00e1n las cosas y el desv\u00edo de recursos oficiales tanto federales, estatales y hasta municipales para favorecer a determinados candidatos de diferentes partidos,  en varios distritos se tendr\u00e1n que ir a los tribunales electorales donde se va a decidir seguramente quienes ganaron la elecci\u00f3n. <br \/>Desgraciadamente para la democracia en M\u00e9xico ese tipo de instancias  como el IFE o el Trife han perdido credibilidad&#8211; y hasta seriedad por el abuso en el uso de los recursos p\u00fablicos&#8211;, desde que le escamotearon  el triunfo a Andr\u00e9s Manuel L\u00f3pez Obrador, as\u00ed que \u00a1cuidado!, porque el control de los \u00f3rganos electorales a nivel federal lo tiene el gobierno federal. <br \/>Claro esos \u00f3rganos ni son aut\u00f3nomos ni mucho menos independientes, est\u00e1n sujetos a lo que digan quienes tienen el Poder Presidencial.<\/p>\n<p><strong>El Congreso local y Salvemos el Agua<\/strong><br \/>El presidente de la Junta de Coordinaci\u00f3n Pol\u00edtica del Congreso local, H\u00e9ctor Yunes Landa, asegur\u00f3 que es necesario y urgente tomar medidas concretas para disminuir la contaminaci\u00f3n del planeta, evitar la destrucci\u00f3n de la naturaleza, particularmente del agua, y erradicar la explotaci\u00f3n irracional de los recursos naturales.<br \/>Destac\u00f3 que desde el inicio de la presente Legislatura Local se han dado a la tarea de recopilar las pilas que se consumen al interior de esa Soberan\u00eda.<br \/>Subray\u00f3 que con el Convenio de Colaboraci\u00f3n con la Fundaci\u00f3n \u201cSalvemos el Agua\u201d, signado por el presidente de la Mesa Directiva, diputado Fernando Gonz\u00e1lez Arroyo, y el titular de la Fundaci\u00f3n, Alejandro de la Madrid Trueba, el Congreso estatal se une a la tarea de recopilar pilas tanto de la Legislatura como de otras instancias y de la sociedad con la instalaci\u00f3n de un centro de acopio en las instalaciones del Poder Legislativo que se suma a los m\u00e1s de los 130 instalados por esta asociaci\u00f3n civil en toda la entidad.<br \/>Ante la presencia de diputados  y personal de la Legislatura, as\u00ed como la presidenta del Promotorado Voluntario, Ver\u00f3nica de la Medina de Yunes, representantes de medios de comunicaci\u00f3n y p\u00fablico en general, el diputado H\u00e9ctor Yunes Landa hizo un llamado a la sociedad para que \u201ctodos asumamos con responsabilidad, un proceso que no es a futuro, sino parte del presente, de recolectar las pilas usadas, y de esta manera evitar que sus componentes como el n\u00edkel, el plomo y mercurio entren en contacto con el agua y la contaminen\u201d.<\/p>\n<p><strong>En Corto<\/strong><br \/>La Federaci\u00f3n de Organizaciones de Mujeres Taxistas  Adolfo Ruiz Cortines(Fomtac) de la Cnop,  que dirige Rita Matus Astudillo, como parte de sus acciones en favor de los que menos tienen, ha implementando un programa de Cocinas Populares, el cual consiste en dar comidas calientes a los grupos m\u00e1s pobres como las personas de la tercera edad y quienes tienen problemas de discapacidad. En la primera etapa esta organizaci\u00f3n esta apoyando a las colonias 7 de Noviembre, D\u00edaz Mir\u00f3n, Reserva  Territorial y otras a quienes se les ofrecen de lunes a viernes estas comidas de manera gratuita. Por otra parte, Matus Estudillo envi\u00f3 un mensaje de felicitaci\u00f3n al gobernador Fidel Herrera Beltr\u00e1n con motivo de su cumplea\u00f1os el pasado s\u00e1bado 7 del presente y dijo que es \u201cun gobernador que \u201cno s\u00f3lo cumple a\u00f1os\u201d cumple su palabra y que \u201csiempre ha apoyado a las mujeres veracruzanas \u201c\u2026..El Ayuntamiento de Jilotepec, que preside Marcelino Caicedo Gonz\u00e1lez, brind\u00f3 todo su apoyo y respaldo para el acto de abanderamiento del Pentatl\u00f3n Deportivo Militarizado Universitario AC sub.-zona Jilotepec. En el acto se congregaron m\u00e1s de 500 conscriptos del Pentatl\u00f3n procedentes de: Coatepec, Xalapa, Xico, Banderilla, Veracruz puerto y los anfitriones Jilotepec.<br \/>En su mensaje de bienvenida, ante el Comandante del Penta, Roberto Salas Le\u00f3n, el edil inst\u00f3 a los j\u00f3venes reclutas a continuar form\u00e1ndose en las diversas disciplinas que este organismo les brinda, fortalecer el amor a la patria y el respeto a las leyes. \u2026.Desde este espacio le enviamos nuestro m\u00e1s sentido p\u00e9same y solidaridad  al amigo periodista y Subdirector de Diario de Xalapa, V\u00edctor Murgu\u00eda Velasco,por el sensible fallecimiento de su se\u00f1ora madre do\u00f1a Ernestina Velasco Ju\u00e1rez.(QEPD).<\/p>\n<p>Consulte: www.elmatutinovirtual.blogspot.com<\/p>\n<p>E.Mail:valdes6124@hotmail.com<\/p>\n","protected":false},"excerpt":{"rendered":"<p>* El Congreso local y Salvemos el Agua* Nuestra solidaridad con V\u00edctor Murgu\u00eda Inocencio Vald\u00e9s V\u00e1zquezP\u00e1gina Tres Las precampa\u00f1as de los aspirantes a diputados federales que contender\u00e1n en las elecciones del primer domingo de julio de este a\u00f1o \u201cni se ven, ni se oyen y mucho menos se sienten\u201d, m\u00e1s bien se han realizado como [&hellip;]<\/p>\n","protected":false},"author":1,"featured_media":0,"comment_status":"open","ping_status":"open","sticky":false,"template":"","format":"standard","meta":{"_jetpack_newsletter_access":"","_jetpack_dont_email_post_to_subs":false,"_jetpack_newsletter_tier_id":0,"_jetpack_memberships_contains_paywalled_content":false,"_jetpack_memberships_contains_paid_content":false,"footnotes":""},"categories":[1],"tags":[],"class_list":["post-8980","post","type-post","status-publish","format-standard","hentry","category-sin-categoria"],"jetpack_featured_media_url":"","jetpack_sharing_enabled":true,"jetpack_shortlink":"https:\/\/wp.me\/p4Qcd3-2kQ","_links":{"self":[{"href":"https:\/\/lospoliticosveracruz.com.mx\/index.php?rest_route=\/wp\/v2\/posts\/8980","targetHints":{"allow":["GET"]}}],"collection":[{"href":"https:\/\/lospoliticosveracruz.com.mx\/index.php?rest_route=\/wp\/v2\/posts"}],"about":[{"href":"https:\/\/lospoliticosveracruz.com.mx\/index.php?rest_route=\/wp\/v2\/types\/post"}],"author":[{"embeddable":true,"href":"https:\/\/lospoliticosveracruz.com.mx\/index.php?rest_route=\/wp\/v2\/users\/1"}],"replies":[{"embeddable":true,"href":"https:\/\/lospoliticosveracruz.com.mx\/index.php?rest_route=%2Fwp%2Fv2%2Fcomments&post=8980"}],"version-history":[{"count":0,"href":"https:\/\/lospoliticosveracruz.com.mx\/index.php?rest_route=\/wp\/v2\/posts\/8980\/revisions"}],"wp:attachment":[{"href":"https:\/\/lospoliticosveracruz.com.mx\/index.php?rest_route=%2Fwp%2Fv2%2Fmedia&parent=8980"}],"wp:term":[{"taxonomy":"category","embeddable":true,"href":"https:\/\/lospoliticosveracruz.com.mx\/index.php?rest_route=%2Fwp%2Fv2%2Fcategories&post=8980"},{"taxonomy":"post_tag","embeddable":true,"href":"https:\/\/lospoliticosveracruz.com.mx\/index.php?rest_route=%2Fwp%2Fv2%2Ftags&post=8980"}],"curies":[{"name":"wp","href":"https:\/\/api.w.org\/{rel}","templated":true}]}}