{"id":8981,"date":"2009-03-12T03:42:00","date_gmt":"2009-03-12T03:42:00","guid":{"rendered":"http:\/\/www.lospoliticosveracruz.com.mx\/?p=8981"},"modified":"2014-10-08T19:27:12","modified_gmt":"2014-10-08T19:27:12","slug":"vicho-y-rey","status":"publish","type":"post","link":"https:\/\/lospoliticosveracruz.com.mx\/?p=8981","title":{"rendered":"Vicho y Rey"},"content":{"rendered":"<p><strong>Salvador Mu\u00f1oz<\/strong><br \/><em>Los Pol\u00edticos<\/em><\/p>\n<p>Caos por todo Xalapa\u2026 excesivo cobro por el agua\u2026. Cerrar\u00e1n en breve el centro porque van a colocar pavimento estampado que dar\u00e1 mayor presentaci\u00f3n a la imagen urbana de la capital del estado\u2026 en L\u00e1zaro C\u00e1rdenas \u00a1histeria! En R\u00e9bsamen \u00a1igual!<br \/>\u00bfCu\u00e1l es el sentir de los ciudadanos?<br \/>\u00a1F\u00e1cil!<br \/>Un total repudio hacia nuestras autoridades municipales\u2026<br \/>En verdad que uno trata de entender que las obras traen beneficios y previo, molestias\u2026 \u00bfpero, colocar pavimento estampado en el centro y cerrarlo por remodelaci\u00f3n cuando colonias o calles requieren m\u00e1s atenci\u00f3n que el paso diario del Gobernador?<br \/>\u00bfQu\u00e9 pensar\u00e1 por cierto Fidel Herrera de que le cierren el paso a palacio de Gobierno? El colmo ser\u00eda que se plantara frente a Palacio Municipal reclamando al alcalde David Velasco por el cierre al paso de sus oficinas\u2026<br \/>Pongamos m\u00e1s sabor: El incremento a las tarifas por el Programa de Saneamiento\u2026<br \/>Creo que todos los xalape\u00f1os estamos conscientes de que nuestras aguas deben ser tratadas y no mandar porquer\u00eda y media a nuestros manantiales, r\u00edos o lagunas naturales.<br \/>Ser\u00eda un inconsciente el ciudadano que no pensara as\u00ed\u2026 pero tambi\u00e9n hay un dejo de inconsciencia de parte de las autoridades al querer sacar de golpe y porrazo la deuda que se tiene con Banobras\u2026<br \/>\u00a1Ojo!<br \/>Craso error del alcalde con esta declaraci\u00f3n: <br \/>\u201cPor eso la necesidad de incrementar y tener el recurso de casi ocho millones de pesos mensuales que NO TENIAMOS CONTEMPLADOS aqu\u00ed\u201d.<br \/>A ver\u2026 debo entender que la deuda que se tiene con Banobras por un monto de 476 millones de pesos para la ejecuci\u00f3n del Programa Integral de Saneamiento, \u00bfapenas la descubri\u00f3?<br \/>Peor a\u00fan, d\u00e1ndole el beneficio de la duda\u2026 la conoc\u00eda pero\u2026 \u00bfno la presupuest\u00f3 en este a\u00f1o?<br \/>\u00bfD\u00f3nde est\u00e1 su tesorero? \u00bfD\u00f3nde est\u00e1n sus asesores? \u00bfD\u00f3nde su experiencia como empresario?<br \/>Y para cerrar con broche de oro quiere privatizar la Limpia P\u00fablica.<br \/>\u00bfDe qu\u00e9 sirven tantos viajes si no los aprovecha?<br \/>En Monterrey piensan (si es que no lo hacen ya) mover el Metro a trav\u00e9s de energ\u00eda producida por basura\u2026 \u00a1bioenerg\u00eda pues!<br \/>Digo, por qu\u00e9 no invertir viajando a Nuevo Le\u00f3n y conocer, asesorarse (pero de a de veras), invertir en el manejo ecol\u00f3gico y procesamiento de desechos.<br \/>Adem\u00e1s de generar energ\u00eda por gas, \u00a1generar\u00eda empleo!<br \/>\u00bfNo es m\u00e1s f\u00e1cil hacer eso que poner en manos de una empresa de dudosa reputaci\u00f3n los desechos de los ciudadanos? \u00a1Apesta aqu\u00ed y no es basura!<br \/>En conclusi\u00f3n, para cerrar con el alcalde de Xalapa\u2026 hay malestar para con su trabajo por parte de la ciudadan\u00eda\u2026 y \u00e9ste puede tener un reflejo\u2026 las elecciones a diputados federales.<br \/>Vamos por otro lado: Reynaldo.<br \/>Despu\u00e9s de qui\u00e9n sabe cu\u00e1nto tiempo Reynaldo por fin habla de los se\u00f1alamientos que le hicieron de que mand\u00f3 a vigilar o espiar casas de funcionarios.<br \/>Todo ir\u00eda bien de no ser porque responsabiliza a alguien sobre el dichoso pr\u00e9stamo sobre el Programa de Saneamiento Integral: Ricardo Ahued.<br \/>Es decir, porque a veces la memoria nos traiciona: La deuda que contrajo Reynaldo Escobar era por 600 millones de pesos y (ojo, se\u00f1or secretario de Gobierno) gracias a la intervenci\u00f3n del Gobernador Fidel Herrera Beltr\u00e1n, la deuda se contrajo a 476 millones de pesos.<br \/>Pero no, responsabiliza a Ahued del atraso en la obra y de que se haya cambiado el plan financiero aunque, se insiste, el alcalde recibi\u00f3 el apoyo del gobernador y por lo tanto, comparte culpa (si nos atenemos al se\u00f1alamiento de Reynaldo) con Ahued.<br \/>Ya, para cerrar, llama la atenci\u00f3n las palabras de Jorge Carvallo, presidente del PRI estatal, quien dice que \u201cmeter\u00eda las manos al fuego\u201d por Ricardo Ahued \u201cy lo defenderemos con todas las fuerzas\u201d. Incluso llam\u00f3 a los partidos de oposici\u00f3n a hacer campa\u00f1as limpias ni manchar el prestigio de ciudadanos como Ricardo Ahued\u2026<br \/>Habr\u00e1 que preguntarle a Carvallo si tambi\u00e9n meter\u00eda las manos por Ahued \u201cal fuego amigo\u201d.<br \/>Ahora s\u00ed, en conclusi\u00f3n, si sumamos a David Velasco y sus \u201ctontiner\u00edas\u201d, as\u00ed como las declaraciones de Reynaldo, tal parece que es una invitaci\u00f3n, por el lado del alcalde, a que no voten por el PRI en estas elecciones (\u00bfestar\u00e1 apoyando a su t\u00eda que va como suplente?) y por el lado del secretario de Gobierno, a que Ahued desista ir por la candidatura a diputado federal\u2026<br \/>Digo, si es l\u00ednea de quien manda en el PRI de Veracruz, pues mejor que le digan a Ricardo Ahued y no lo fastidien tanto\u2026 \u00bfo se est\u00e1n yendo por la libre?<\/p>\n","protected":false},"excerpt":{"rendered":"<p>Salvador Mu\u00f1ozLos Pol\u00edticos Caos por todo Xalapa\u2026 excesivo cobro por el agua\u2026. Cerrar\u00e1n en breve el centro porque van a colocar pavimento estampado que dar\u00e1 mayor presentaci\u00f3n a la imagen urbana de la capital del estado\u2026 en L\u00e1zaro C\u00e1rdenas \u00a1histeria! En R\u00e9bsamen \u00a1igual!\u00bfCu\u00e1l es el sentir de los ciudadanos?\u00a1F\u00e1cil!Un total repudio hacia nuestras autoridades municipales\u2026En [&hellip;]<\/p>\n","protected":false},"author":1,"featured_media":0,"comment_status":"open","ping_status":"open","sticky":false,"template":"","format":"standard","meta":{"_jetpack_newsletter_access":"","_jetpack_dont_email_post_to_subs":false,"_jetpack_newsletter_tier_id":0,"_jetpack_memberships_contains_paywalled_content":false,"_jetpack_memberships_contains_paid_content":false,"footnotes":""},"categories":[1],"tags":[],"class_list":["post-8981","post","type-post","status-publish","format-standard","hentry","category-sin-categoria"],"jetpack_featured_media_url":"","jetpack_sharing_enabled":true,"jetpack_shortlink":"https:\/\/wp.me\/p4Qcd3-2kR","_links":{"self":[{"href":"https:\/\/lospoliticosveracruz.com.mx\/index.php?rest_route=\/wp\/v2\/posts\/8981","targetHints":{"allow":["GET"]}}],"collection":[{"href":"https:\/\/lospoliticosveracruz.com.mx\/index.php?rest_route=\/wp\/v2\/posts"}],"about":[{"href":"https:\/\/lospoliticosveracruz.com.mx\/index.php?rest_route=\/wp\/v2\/types\/post"}],"author":[{"embeddable":true,"href":"https:\/\/lospoliticosveracruz.com.mx\/index.php?rest_route=\/wp\/v2\/users\/1"}],"replies":[{"embeddable":true,"href":"https:\/\/lospoliticosveracruz.com.mx\/index.php?rest_route=%2Fwp%2Fv2%2Fcomments&post=8981"}],"version-history":[{"count":0,"href":"https:\/\/lospoliticosveracruz.com.mx\/index.php?rest_route=\/wp\/v2\/posts\/8981\/revisions"}],"wp:attachment":[{"href":"https:\/\/lospoliticosveracruz.com.mx\/index.php?rest_route=%2Fwp%2Fv2%2Fmedia&parent=8981"}],"wp:term":[{"taxonomy":"category","embeddable":true,"href":"https:\/\/lospoliticosveracruz.com.mx\/index.php?rest_route=%2Fwp%2Fv2%2Fcategories&post=8981"},{"taxonomy":"post_tag","embeddable":true,"href":"https:\/\/lospoliticosveracruz.com.mx\/index.php?rest_route=%2Fwp%2Fv2%2Ftags&post=8981"}],"curies":[{"name":"wp","href":"https:\/\/api.w.org\/{rel}","templated":true}]}}