{"id":8982,"date":"2009-03-11T23:46:00","date_gmt":"2009-03-11T23:46:00","guid":{"rendered":"http:\/\/www.lospoliticosveracruz.com.mx\/?p=8982"},"modified":"2014-10-08T19:27:13","modified_gmt":"2014-10-08T19:27:13","slug":"las-mujeres-que-cambiaron-mi-vida","status":"publish","type":"post","link":"https:\/\/lospoliticosveracruz.com.mx\/?p=8982","title":{"rendered":"\u00bfLas mujeres que cambiaron mi vida?"},"content":{"rendered":"<p><strong>Eva Varona<\/strong><br \/><em>Cuando las piedras hablan los hombres tiemblan<\/em><\/p>\n<p>Y bueno\u2026creo que ya todos estamos un poco artos de ver y leer por todos lados sobre el D\u00cdA INTERNACIONAL DE LA MUJER, que se realiza el 8 de marzo; yo soy mujer y no deber\u00eda decir esto\u2026 porque\u2026 ya estoy escuchando a las feministas activistas que deber\u00eda darme verg\u00fcenza al decir esto, ya que en nuestros pa\u00eds a\u00fan se lucha por una equidad de g\u00e9nero en muchos \u00e1mbitos de la vida actual de la mujer\u2026<br \/>Pero la verdad, es que por esta ocasi\u00f3n dejar\u00e9 de lado lo que en muchas veces he escrito y seguir\u00e9 escribiendo por lo largo de mi vida period\u00edstica y radiof\u00f3nica; misma en la que he estado maquilando varios proyectos en relaci\u00f3n a la mujer\u2026faltaba m\u00e1s.<br \/>Y es que resulta muy preocupando que a pesar de hacer \u201ctanto alboroto\u201d como dijeran por ah\u00ed algunos machistas, es poco el avance que se tiene en muchas materias que apoyan a las mujeres, de todas las edades, raza, cultura, etc.<br \/>Hablar de las grandes mujeres a trav\u00e9s de la historia, es muy v\u00e1lido y hasta necesario; pero en mi caso y para esta ocasi\u00f3n he decidido responder a una pregunta que me hicieron hace algunos a\u00f1os y de la que nunca pude responder, porque la pregunta original fue:<br \/>\u00bfQu\u00e9 mujer ha cambiado mi vida?<br \/>No, no hay una sino 4 para ser exactas.<br \/>As\u00ed que con todo mi amor, y en honor a ellas, que han sido inspiraci\u00f3n y motivo de superaci\u00f3n en mi vida, comparto con ustedes lo que son para m\u00ed: LAS MUJERES QUE HAN CAMBIADO MI VIDA.<br \/>Todas son importantes, sin embargo, la que por primera cuenta debo mencionar es sin duda a una mujer que no s\u00f3lo fue la creadora de mi vida, sino de la que me ense\u00f1o que la pasi\u00f3n y la inteligencia, es la mezcla perfecta, que el hombre siempre admirar\u00e1 de una mujer.<br \/>Mejor a\u00fan, es el motivo principal de atracci\u00f3n.<br \/>Mi madre, de nombre MARIA DE JESUS CONDE de Varona, naci\u00f3 de cuna muy humilde, curiosamente lo que s\u00e9 de ella cuando joven me lo cuenta mi abuelita Bertha, su mam\u00e1 y mi padre, porque cuando ella muri\u00f3 yo a\u00fan estaba muy chavita, ten\u00eda 12 a\u00f1os.<br \/>Pero no quiero hablar de drama, sino de lo contrario, de una aventura que mi madre construy\u00f3 y me dej\u00f3 como un gran legado.<br \/>Marichu como la llamaban de jovencita, estudi\u00f3 con mucho esfuerzos y sacrificios la carrera de secretariado, al recibirse muy joven y siendo siempre tan ambiciosa del conocimiento, decide estudiar la carrera de econom\u00eda.<br \/>Y luego de historiadora\u2026<br \/>Se dice f\u00e1cil decirlo con tres l\u00edneas, pero sin embargo mi madre y su madre, vivieron solas muchas penalidades y escases; los antojitos que mi abuelita Bertha vend\u00eda por las noches no eran suficientes para cubrir sus necesidades, por lo que mi madre, siempre con las boletas llenas de 10 de calificaci\u00f3n, ped\u00eda al gobierno una ayuda, misma que se le daba austeramente, as\u00ed que mi madre siempre fue becada.<br \/>Aunque en verdad no era un gusanito de libros, porque su f\u00edsico y su mirada siempre fueron distintos a esos estereotipos, ojos grandes y brillantes, con enormes pesta\u00f1as que cubr\u00edan en sombra sus mejillas de piel blanca; labios carnosos y cuerpo de reloj de arena, siempre supo que le abrieron las puertas para explorar otros mundo como la actuaci\u00f3n, la docencia, la administraci\u00f3n\u2026y no digo que para dedicarse a esto se necesita ser bonita\u2026pero claro, mi madre sab\u00eda que lo era, pero m\u00e1s que eso, sab\u00eda que era inteligente y que lo bonito s\u00f3lo ayuda a abrir la puerta, lo importante era entrar y permanecer ah\u00ed.<br \/>Los recuerdos m\u00e1s memorables que tengo de mi madre, son sin duda, aquellos en los que muy avanzada las noches, la ve\u00eda preparando sus clases, mismas que daba para la prepa; disciplina era tambi\u00e9n un factor inolvidable, siempre la vi muy bien arreglada y c\u00f3moda con lo que se pon\u00eda, me proyectaba mucha seguridad.<br \/>Y de ella, recuerdo tambi\u00e9n la entrega hacia todo lo que realizaba, con empe\u00f1o, amor\u2026pasi\u00f3n.<br \/>Una mujer entregada, esa ser\u00eda una definici\u00f3n exacta de mi madre\u2026hoy, despu\u00e9s de 20 a\u00f1os de su partida, a\u00fan la recuerdo tan v\u00edvida y apasionada por su labor de profesora, y tan entregada al amor que fueron siempre sus hijos y su pareja\u2026 su todo, mi padre.<br \/>mi mam\u00e1.<br \/><a href=\"http:\/\/www.lospoliticosveracruz.com.mx\/wp-content\/uploads\/2009\/03\/MAMITA.jpg\"><img decoding=\"async\" style=\"display:block; margin:0px auto 10px; text-align:center;cursor:pointer; cursor:hand;width: 400px; height: 263px;\" src=\"http:\/\/www.lospoliticosveracruz.com.mx\/wp-content\/uploads\/2009\/03\/MAMITA-300x197.jpg\" border=\"0\" alt=\"\"id=\"BLOGGER_PHOTO_ID_5312081382121513778\" \/><\/a><br \/>Estas dos mujeres que tambi\u00e9n han cambiado mi vida, no s\u00f3lo me dieron parte de la suya que ya merec\u00eda descanso, sino que siendo tan distintas de car\u00e1cter, son el reflejo de lo que seguramente ser\u00e1 en un futuro.<br \/>Mis dos abuelitas, EVA Y BERTHA, madre mi padre y madre de mi mam\u00e1; actualmente, dos viejecitas de 75 y 84 a\u00f1os respectivamente\u2026a ellas les he dedicado ya algunas columnas, puesto que les tengo una enorme gratitud y respeto, estas viejitas que ahora una casi no puede caminar y otra de plano ya con silla de ruedas, tras el avanzado efecto de la diabetes; en alg\u00fan momento de sus avanzados a\u00f1os, tuvieron que revivir el pasado criando de nuevo a 4 ni\u00f1os.<br \/>Una con los valores de la sierra, el campo, la comida cacera tras el fog\u00f3n, las tortillas de mano, los frijoles de olla, el saber hacer el quehacer\u2026do\u00f1a Eva cambio mi vida, no s\u00f3lo porque me ense\u00f1\u00f3 a poder sobrevivir haciendo las cosas por m\u00ed misma, sino que bajo su analfabetismo, me predic\u00f3 con su ejemplo, haber trabajado en numerosos hoteles y restaurantes sin saber leer ni escribir, de alguna manera se las arreglaba para sacar a su hijo (mi padre) adelante.<br \/>Mi abuelita Bertha, quien es m\u00e1s de car\u00e1cter d\u00f3cil, de ella aprend\u00ed el valor de un DIOS, de un ser que est\u00e1 ah\u00ed, que ve, que escucha, pero que debes aprender\u00e1 hablarle; de ella supe de la honestidad, de el coraje de abandonar todo y seguir a su instinto\u2026de ella, la buena memoria que nos platica de su vida de ni\u00f1a y la de sus padres\u2026de la historia.<br \/>De ella, ahora las memorias de mi madre, de su pasado, de su ejemplo; de ella ahora la paz y tranquilidad que trasmite y que necesito de vez en cuando.<br \/>Y claro, s\u00f3lo falta la que es mi compa\u00f1era de batallas, la que sabe c\u00f3mo soy, a la que no puedo esconder mi susceptibilidad ni coraje, a la que me trasmite alegr\u00eda y coraz\u00f3n, a la que defend\u00eda de peque\u00f1a y ahora, ya toda una mujer\u2026es el vivido retrato de mi madre la coqueta, la so\u00f1adora, la valiente y la que aunque lejos de m\u00ed a miles de kil\u00f3metros podemos sentir el alma de de cada una. Mi hermana ORIANNA.<br \/><a href=\"http:\/\/3.bp.blogspot.com\/_X4cSf6IM-UQ\/SbhN4LaUxcI\/AAAAAAAABj4\/MfF36oEHPVg\/s1600-h\/Varonita\"><img decoding=\"async\" style=\"display:block; margin:0px auto 10px; text-align:center;cursor:pointer; cursor:hand;width: 400px; height: 266px;\" src=\"http:\/\/3.bp.blogspot.com\/_X4cSf6IM-UQ\/SbhN4LaUxcI\/AAAAAAAABj4\/MfF36oEHPVg\/s400\/Varonita\" border=\"0\" alt=\"\"id=\"BLOGGER_PHOTO_ID_5312081388014716354\" \/><\/a><br \/>Estas son, han sido y ser\u00e1n las mujeres que han cambiado y seguir\u00e1n transformando mi vida en lo que soy y ser\u00e9 en el futuro\u2026y a tu:<br \/>\u00bfQU\u00c9 MUJER HA CAMBIADO TU VIDA?<br \/>Te invito a que comparta en este mes tan especial para nosotras, un peque\u00f1o homenaje a esa mujer que ha cambiado tu vida.<\/p>\n","protected":false},"excerpt":{"rendered":"<p>Eva VaronaCuando las piedras hablan los hombres tiemblan Y bueno\u2026creo que ya todos estamos un poco artos de ver y leer por todos lados sobre el D\u00cdA INTERNACIONAL DE LA MUJER, que se realiza el 8 de marzo; yo soy mujer y no deber\u00eda decir esto\u2026 porque\u2026 ya estoy escuchando a las feministas activistas que [&hellip;]<\/p>\n","protected":false},"author":1,"featured_media":0,"comment_status":"open","ping_status":"open","sticky":false,"template":"","format":"standard","meta":{"_jetpack_newsletter_access":"","_jetpack_dont_email_post_to_subs":false,"_jetpack_newsletter_tier_id":0,"_jetpack_memberships_contains_paywalled_content":false,"_jetpack_memberships_contains_paid_content":false,"footnotes":""},"categories":[1],"tags":[],"class_list":["post-8982","post","type-post","status-publish","format-standard","hentry","category-sin-categoria"],"jetpack_featured_media_url":"","jetpack_sharing_enabled":true,"jetpack_shortlink":"https:\/\/wp.me\/p4Qcd3-2kS","_links":{"self":[{"href":"https:\/\/lospoliticosveracruz.com.mx\/index.php?rest_route=\/wp\/v2\/posts\/8982","targetHints":{"allow":["GET"]}}],"collection":[{"href":"https:\/\/lospoliticosveracruz.com.mx\/index.php?rest_route=\/wp\/v2\/posts"}],"about":[{"href":"https:\/\/lospoliticosveracruz.com.mx\/index.php?rest_route=\/wp\/v2\/types\/post"}],"author":[{"embeddable":true,"href":"https:\/\/lospoliticosveracruz.com.mx\/index.php?rest_route=\/wp\/v2\/users\/1"}],"replies":[{"embeddable":true,"href":"https:\/\/lospoliticosveracruz.com.mx\/index.php?rest_route=%2Fwp%2Fv2%2Fcomments&post=8982"}],"version-history":[{"count":0,"href":"https:\/\/lospoliticosveracruz.com.mx\/index.php?rest_route=\/wp\/v2\/posts\/8982\/revisions"}],"wp:attachment":[{"href":"https:\/\/lospoliticosveracruz.com.mx\/index.php?rest_route=%2Fwp%2Fv2%2Fmedia&parent=8982"}],"wp:term":[{"taxonomy":"category","embeddable":true,"href":"https:\/\/lospoliticosveracruz.com.mx\/index.php?rest_route=%2Fwp%2Fv2%2Fcategories&post=8982"},{"taxonomy":"post_tag","embeddable":true,"href":"https:\/\/lospoliticosveracruz.com.mx\/index.php?rest_route=%2Fwp%2Fv2%2Ftags&post=8982"}],"curies":[{"name":"wp","href":"https:\/\/api.w.org\/{rel}","templated":true}]}}