{"id":8991,"date":"2009-03-09T20:58:00","date_gmt":"2009-03-09T20:58:00","guid":{"rendered":"http:\/\/www.lospoliticosveracruz.com.mx\/?p=8991"},"modified":"2014-10-08T19:27:13","modified_gmt":"2014-10-08T19:27:13","slug":"feliz-cumpleanos-tio-fide","status":"publish","type":"post","link":"https:\/\/lospoliticosveracruz.com.mx\/?p=8991","title":{"rendered":"\u00a1Feliz cumplea\u00f1os T\u00edo Fide!"},"content":{"rendered":"<p>Jos\u00e9 Villegas L\u00f3pez<\/p>\n<p>Felicitamos a nuestro amigo Lic. Fidel Herrera Beltr\u00e1n, Gobernador del Estado de Veracruz, por haber cumplido un a\u00f1o m\u00e1s de vida el d\u00eda 7 de marzo, como sabemos el mandatario se la pas\u00f3 trabajando y celebrando con la sociedad en cada reuni\u00f3n de trabajo, as\u00ed mismo en el magno evento del D\u00eda de la Familia y al mismo tiempo D\u00eda Internacional de la Mujer, en el Parque Natura, se vio rodeado de mujeres y familias enteras quienes lo esperaron sin chistar hasta que hizo su arribo acompa\u00f1ado de su esposa Rosa Margarita Borunda, la alegr\u00eda y entusiasmo prevaleci\u00f3 en el referido centro de diversi\u00f3n natural, pero tambi\u00e9n los dem\u00e1s veracruzanos quienes se unieron al festejo de cumplea\u00f1os y desde cada hogar  que habitan a lo largo y ancho del estado, le imploran una oraci\u00f3n a Dios para que lo conserve con mucha vida y salud.<br \/>Pero que los deseos no solamente sean hoy, sino todos los d\u00edas porque es un hombre que se ha ganado el cari\u00f1o, respeto y admiraci\u00f3n de la gente, por su incansable labor al frente de la administraci\u00f3n del estado de Veracruz.<\/p>\n<p><strong>Nace elcalificativo.com<\/strong><br \/>En breve se dar\u00e1 a conocer el nuevo proyecto que nuestro amigo y compa\u00f1ero de los medios de comunicaci\u00f3n Miguel \u00c1ngel Landa Pe\u00f1a, quien dirige el Peri\u00f3dico Impreso \u201cEl Calificativo\u201d; Siempre respaldado por su hija Norma Itzel Landa Hern\u00e1ndez, quien funge como Jefa de Redacci\u00f3n del mencionado tabloide, en esta versi\u00f3n Web: http:\/\/www.elcalificativo.com Noticias de altura al d\u00eda. Ser\u00e1 la Subdirectora General y autora de su columna: Calificando la noticia, desde donde dar\u00e1 a conocer a la opini\u00f3n p\u00fablica su estilo propio de cr\u00edtica constructiva a los principales actores de la pol\u00edtica y servicio p\u00fablico.<br \/>Hoy se muestran muy contentos porque inician una nueva era en los medios de informaci\u00f3n electr\u00f3nicos con su portal de noticias: Conocemos su trayectoria de gran trabajo durante muchos a\u00f1os, hoy el nuevo reto en el ciberespacio tienen la mayor oportunidad de su vida, de demostrar que cuando se quiere\u2026 \u00a1Se puede! Desde este espacio les deseamos muchas felicidades y bienvenidos. Por cierto se comenta que en esta semana se llevar\u00e1 a cabo el primer clic de apertura y habr\u00e1 un padrino de lujo haciendo el honor\u2026 \u00bfQui\u00e9n ser\u00e1?<\/p>\n<p><strong>Carvallo y las mujeres<\/strong><br \/>Al celebrarse el D\u00eda Internacional de la Mujer, Jorge Carvallo Delf\u00edn, presidente del Comit\u00e9 Directivo Estatal del PRI, destac\u00f3 que el 68 por ciento de los seccionales del Revolucionario Institucional est\u00e1 conformado por mujeres y reconoci\u00f3 el importante papel del sector femenil en la sociedad y en el n\u00facleo familiar. Al hacer entrega de reconocimientos a mujeres trabajadoras, resalt\u00f3 el valor de la mujer, su entrega y participaci\u00f3n activa al impulsar el desarrollo de forma significativa y valiosa en la familia. Hizo un amplio reconocimiento al esfuerzo de las madres solteras, a las mujeres viudas, a las profesionistas y cabezas de familia que d\u00eda a d\u00eda luchan en la educaci\u00f3n y formaci\u00f3n de sus hijos, en sus trabajos, comunidad y colonia. \u201cMi reconocimiento a las mujeres por la lucha que brindan d\u00eda a d\u00eda y como parte fundamental en el rol social activo y responsable que juegan al ser las gestoras de desarrollo con un claro compromiso social y humano\u201d. Asimismo, destac\u00f3 el trabajo din\u00e1mico y eficiente de la secretaria general del PRI, Carla Rodr\u00edguez G\u00f3mez, al encontrarse con los sectores, organizaciones y grupos de mujeres, para continuar sirviendo a Veracruz y acrecentar el desarrollo de la mujer en lo social y pol\u00edtico. Carvallo Delf\u00edn precis\u00f3 que si bien la mujer el d\u00eda de hoy se ha adaptado a los nuevos esquemas y momentos sociales, \u201cdeben ser cada vez m\u00e1s respetadas en su dignidad, debemos aplaudir su rol social como miembro fundamental de los n\u00facleos sociales y gestoras de progreso y valores\u201d. <\/p>\n<p><strong>Festejan a las damas<\/strong><br \/>En el marco de los festejo de la celebraci\u00f3n del D\u00eda Internacional de la Mujer que se lleva a cabo en la Secretar\u00eda de Educaci\u00f3n de Veracruz, mismo que ayer en un acto emotivo se dieron cita distinguidas personalidades como son la Subsecretaria de Educaci\u00f3n B\u00e1sica Profra. Xochitl Osorio Mart\u00ednez, la titular del Instituto Veracruzano de la Mujer y la Lic. Martha Mendoza Parissi, se unieron al homenaje de la mujer. <br \/>En ese tenor encontramos al Secretario General de la Delegaci\u00f3n D-III-2 del SNTE, Antrop. Mario Jes\u00fas Hern\u00e1ndez P\u00e9rez acompa\u00f1ado de las f\u00e9minas que integran el organismo sindical, Laura Gonz\u00e1lez Cajica, Norma Ang\u00e9lica Ceballos, Secretaria de Organizaci\u00f3n y Guadalupe Morales Mora, adem\u00e1s de todas las mujeres adheridas al SNTE, que laboran en las diversas \u00e1reas de la dependencia educativa; Mujeres muy valiosas por sus aportaciones que realizan a trav\u00e9s de sus responsabilidades de familia y en lo laboral. <br \/>Dicho Acto se realiz\u00f3 a trav\u00e9s de la Subsecretaria de Desarrollo Educativo y Cultural que encabeza el Lic. Domingo Alberto Mart\u00ednez Res\u00e9ndiz y de la Coordinaci\u00f3n de Actividades Art\u00edsticas en coordinaci\u00f3n con las Delegaciones Sindicales. D-III-1, D-III-2 y D-III-5 de la Secci\u00f3n 32 del SNTE.<\/p>\n<p><strong>Tambi\u00e9n en la CNOP<\/strong><br \/>Como parte de las actividades que realiza la dirigencia de la C.N.O.P-Xalapa, la Lic. Leticia Velazquez Herrera, Coordinadora de las Mujeres de dicha organizaci\u00f3n popular y Presidenta de la Asociaci\u00f3n Civil \u201cVidas\u201d, llevaron a cabo un convivio junto con sus compa\u00f1eras de la colonia el naranjal, en donde festejaron el D\u00eda Internacional de la Mujer, ah\u00ed les hicieron entrega de un peque\u00f1o presente con motivo de esa fecha tan especial, trabajando en bien de la militancia siempre con el \u00fanico objetivo de sacar adelante las tareas partidistas con miras refrendar la confianza ciudadana y verse reflejada el d\u00eda 5 de julio al evento la acompa\u00f1\u00f3 V\u00edctor Murueta Fern\u00e1ndez, Secretario General del sector popular en la capital, quien por cierto su gran labor se ja visto reflejada en una gran simpat\u00eda que los ciudadanos y lideres de seccionales le reconocen como una persona comprometida con servir a su partido, tambi\u00e9n la juventud se hizo presente con Santiago Estrada Velarde, Coordinador del Movimiento Juvenil, en quien recae la responsabilidad de unir a los j\u00f3venes a trabajar por la CNOP y por el PRI. As\u00ed las cosas vemos que se vive una gran unidad en ese organismo que aglutina a todos los sectores ciudadanos, la respuesta est\u00e1 en el cari\u00f1o y confianza de la gente.<\/p>\n<p><strong>No se queda atr\u00e1s Bueno Torio<\/strong><br \/>Al destacar que la mujer tiene un papel importante en nuestra sociedad, el Senador Juan Bueno Torio exhort\u00f3 a toda la ciudadan\u00eda para que reconozca que las mujeres tienen varias jornadas en sus m\u00faltiples actividades, como compa\u00f1eras, trabajadoras, l\u00edderes, esposas, madres y amas de casa; haciendo \u00e9nfasis en el hecho de que el respeto hacia su rol en  la comunidad debe empezar por ellas mismas, de modo tal que desde ni\u00f1as se les inculque el valor de ser mujer.<br \/> Juan Bueno, exdiputado federal por C\u00f3rdoba, reiter\u00f3 que el D\u00eda Internacional de la Mujer, debe ser un momento para reflexionar sobre lo que como sociedad hemos hecho en torno al respeto de los derechos de quienes conforman el mal llamado sexo d\u00e9bil y por el cumplimiento de la igualdad de condiciones y oportunidades entre hombres y mujeres, como se contempla en nuestra Carta Magna, lo cual fue abordado estos d\u00edas en la Semana Internacional de la Mujer que organiz\u00f3 un grupo de Senadoras y Senadores.<\/p>\n<p><strong>Se mocha Juan Humberto<\/strong><br \/>Cumpliendo con las acciones que el Mandatario Veracruzano encarg\u00f3 al titular de la Secretar\u00eda de Desarrollo Agropecuario, Rural, Forestal y Pesca (SEDARPA) Ing. Juan Humberto Garc\u00eda S\u00e1nchez,  el medio d\u00eda de este viernes entreg\u00f3 1 mill\u00f3n 269 mil 840 pesos en apoyos a trav\u00e9s del Programa de Actores para el Desarrollo Rural a representantes de los sistemas Productos de la cadena Pecuaria, las empresas que se beneficiaron con los apoyos entregados por parte de la Sedarpa: el Consejo Bovinos   Carne de Veracruz A. C., el Comit\u00e9 Veracruzano de Avicultores, A. C., el Sistema Producto Especie Ovino Veracruzano, A. C. y el Sistema Producto Especie Bovinos Leche, A. C. recibieron 317 mil 460 pesos de apoyos respectivamente. El Secretario de Despacho coment\u00f3 que la reuni\u00f3n de trabajo de la Asociaci\u00f3n Mexicana de Secretarios de Desarrollo Agropecuarios A.C. (AMSDA), asisti\u00f3 totalmente respaldado con una pol\u00edtica agropecuaria que el gobernador Fidel Herrera Beltr\u00e1n ha realizado para Veracruz. \u201cNuevamente rectificamos la gran alianza que el Estado tiene con la Federaci\u00f3n; los recursos deben llegar realmente a los productores de manera responsable, es por eso que se entregan poco a poco\u201d, expres\u00f3. As\u00ed mismo, en dicha reuni\u00f3n que tuvo lugar en el H. Congreso de la Uni\u00f3n y teniendo presente la visi\u00f3n del Gobernador, el Ing. Juan Humberto Garc\u00eda S\u00e1nchez trat\u00f3 el seguimiento del programa de inversi\u00f3n 2008 de la Sagarpa y el Gobierno del Estado.<\/p>\n<p><strong>Molinedo Hern\u00e1ndez, el vigila<\/strong><br \/>El Diputado Federal Agust\u00edn Mollinedo Hern\u00e1ndez Presidente de la Comisi\u00f3n de Vigilancia y Seguimiento de la Industria Azucarera de la C\u00e1mara de Diputados, en entrevista declar\u00f3 que la Comisi\u00f3n en cita, ser\u00e1 leal vigilante del respeto de los derechos de los productores de ca\u00f1a de az\u00facar. El legislador federal se\u00f1alo que el papel de la Comisi\u00f3n ser\u00e1 buscar se sienten las bases para que la relaci\u00f3n entre los distintos actores del ramo azucarero se de un marco de respeto y equidad, y en la cual los productores de ca\u00f1a sean respetados en sus derechos por parte de los industriales y que cargos como el de 7.5% (arrastre, carga y flete) por tonelada de az\u00facar base Standard, sean revisados pues es totalmente injusto este cargo para los productores, ya que provoca una merma importante  en sus ingresos. coment\u00f3 que pugnar\u00e1 por que los industriales no se aprovechen de los productores de ca\u00f1a y cumplan en tiempo y forma con los compromisos adquiridos en los Pinos, con el Presidente Felipe Calder\u00f3n el a\u00f1o pasado, pues los  productores han cumplido en todo momento con los acuerdos y por parte de los industriales se han encontrado resistencia para cumplir, por lo cual es imperativo que estos \u00faltimos cumplan con su parte y con la ley, para que este sector siga siendo viable, y siga siendo una fuente de generaci\u00f3n de empleos para el pa\u00eds.<br \/>Comentarios y sugerencias: expresionpersonal@hotmail.com<br \/>Celular: 0442281341440.<\/p>\n","protected":false},"excerpt":{"rendered":"<p>Jos\u00e9 Villegas L\u00f3pez Felicitamos a nuestro amigo Lic. Fidel Herrera Beltr\u00e1n, Gobernador del Estado de Veracruz, por haber cumplido un a\u00f1o m\u00e1s de vida el d\u00eda 7 de marzo, como sabemos el mandatario se la pas\u00f3 trabajando y celebrando con la sociedad en cada reuni\u00f3n de trabajo, as\u00ed mismo en el magno evento del D\u00eda [&hellip;]<\/p>\n","protected":false},"author":1,"featured_media":0,"comment_status":"open","ping_status":"open","sticky":false,"template":"","format":"standard","meta":{"_jetpack_newsletter_access":"","_jetpack_dont_email_post_to_subs":false,"_jetpack_newsletter_tier_id":0,"_jetpack_memberships_contains_paywalled_content":false,"_jetpack_memberships_contains_paid_content":false,"footnotes":""},"categories":[1],"tags":[],"class_list":["post-8991","post","type-post","status-publish","format-standard","hentry","category-sin-categoria"],"jetpack_featured_media_url":"","jetpack_sharing_enabled":true,"jetpack_shortlink":"https:\/\/wp.me\/p4Qcd3-2l1","_links":{"self":[{"href":"https:\/\/lospoliticosveracruz.com.mx\/index.php?rest_route=\/wp\/v2\/posts\/8991","targetHints":{"allow":["GET"]}}],"collection":[{"href":"https:\/\/lospoliticosveracruz.com.mx\/index.php?rest_route=\/wp\/v2\/posts"}],"about":[{"href":"https:\/\/lospoliticosveracruz.com.mx\/index.php?rest_route=\/wp\/v2\/types\/post"}],"author":[{"embeddable":true,"href":"https:\/\/lospoliticosveracruz.com.mx\/index.php?rest_route=\/wp\/v2\/users\/1"}],"replies":[{"embeddable":true,"href":"https:\/\/lospoliticosveracruz.com.mx\/index.php?rest_route=%2Fwp%2Fv2%2Fcomments&post=8991"}],"version-history":[{"count":0,"href":"https:\/\/lospoliticosveracruz.com.mx\/index.php?rest_route=\/wp\/v2\/posts\/8991\/revisions"}],"wp:attachment":[{"href":"https:\/\/lospoliticosveracruz.com.mx\/index.php?rest_route=%2Fwp%2Fv2%2Fmedia&parent=8991"}],"wp:term":[{"taxonomy":"category","embeddable":true,"href":"https:\/\/lospoliticosveracruz.com.mx\/index.php?rest_route=%2Fwp%2Fv2%2Fcategories&post=8991"},{"taxonomy":"post_tag","embeddable":true,"href":"https:\/\/lospoliticosveracruz.com.mx\/index.php?rest_route=%2Fwp%2Fv2%2Ftags&post=8991"}],"curies":[{"name":"wp","href":"https:\/\/api.w.org\/{rel}","templated":true}]}}