{"id":8992,"date":"2009-03-09T20:55:00","date_gmt":"2009-03-09T20:55:00","guid":{"rendered":"http:\/\/www.lospoliticosveracruz.com.mx\/?p=8992"},"modified":"2014-10-08T19:27:13","modified_gmt":"2014-10-08T19:27:13","slug":"saneamiento-y-limpia-publica-minita-de-oro-de-vicho-velasco","status":"publish","type":"post","link":"https:\/\/lospoliticosveracruz.com.mx\/?p=8992","title":{"rendered":"Saneamiento y Limpia P\u00fablica, minita de oro de Vicho Velasco"},"content":{"rendered":"<p><strong>Claudia Guerrero<\/strong><br \/><em>Entre lo ut\u00f3pico y lo verdadero<\/em><\/p>\n<p>Se destapan los fraudes en el Ayuntamiento de Xalapa, con la denuncia de cientos de usuarios  que se han manifestado en contra de cobros excesivos y exponen ser una burla lo declarado recientemente por el Alcalde David Velasco Chedraui y al calce citamos: \u201cLas personas que no cuenten con drenaje, los invitamos  vayan a las instalaciones de CMAS y les har\u00e1n el ajuste correspondiente, previa inspecci\u00f3n en su domicilio, para constatar que no cuenta con el servicio\u201d. Ante esto, queremos entender, que el mun\u00edcipe, en verdad, no quiso decir desconocer  cu\u00e1les son las colonias de la periferia de Xalapa sin drenaje o sus directores no le han informado. Las declaracionitis son una cosa y que se aplique es otra, pues la totalidad de los encuestados  exponen ser MENTIRA que se haga el ajuste, pues no hay \u00f3rdenes expresas del Presidente Municipal para realizar dicho ajuste. El saneamiento es otro impuesto   de la  \u201cocurrencia\u201d del mun\u00edcipe de Xalapa, para seguir ahorcando a los xalape\u00f1os con impuestos adelantados, ya que la Planta Potabilizadora, todav\u00eda no est\u00e1 en funcionamiento. Otra grave mentira, es haber declarado recientemente a los medios de comunicaci\u00f3n haber detenido el tr\u00e1mite para concesionar la Limpia P\u00fablica, cuando \u00e9l mismo ha gestionado con la comisi\u00f3n de diputados que estudian esta petici\u00f3n encabezadas por  el diputado Julio Hern\u00e1ndez y el propio David Velasco se ha entrevistado con todos los diputados de esta comisi\u00f3n para pedirles sea aceptada esta propuesta de concesionar la recolecci\u00f3n de Limpia P\u00fablica, pepena y control de unidades para dar el servicio. La doble  cara de David, quien da declaraciones contrarias a sus negociaciones oscuras, hace pensar su gran inter\u00e9s de conseguir el permiso para un  alguno de sus grandes amigos, de los cuales son sus socios directos. Adem\u00e1s, la propuesta carece de Nombre o raz\u00f3n social, domicilio fiscal, proyecto de recolecci\u00f3n, adquisici\u00f3n de unidades, monto que le pagar\u00e1 a esta compa\u00f1\u00eda, compromisos, duraci\u00f3n, entre otras cosas. En  concreto, dar la concesi\u00f3n a una empresa fantasma, para as\u00ed hacer un megafraude, con la venia de la mayor\u00eda priista en el Congreso. Creemos que esto es una burla para todos los que vivimos en Xalapa y pedimos parar  tanto desv\u00edo de recursos.  Ya basta se\u00f1ores, la capital del estado no es bot\u00edn de ladrones. Los ciudadanos \u201cNo estamos de acuerdo\u201d y basta de tanta encomienda gansteril por parte de funcionarios descarados y sin tener una gota de verg\u00fcenza\u2026<\/p>\n<p><strong>Sigue la violencia en Veracruz<\/strong><br \/>Los ataques y la violencia en Veracruz han llegado a niveles inimaginables, compar\u00e1ndose  en algunos casos con Tamaulipas, estado en que,  su   propio diputado federal, Luis Alonso Mej\u00eda Garc\u00eda hizo un comparativo entre ambos estados, teniendo desgraciadamente, similitudes como el incremento de levantones, secuestros, extorsiones  y pagos por protecci\u00f3n al crimen organizado. A medida que se daba esta entrevista, la gravedad de sus declaraciones iba en aumento, hasta acusar a Fidel Herrera Beltr\u00e1n  y Eugenio Hern\u00e1ndez Flores, Gobernadores de Veracruz y Tamaulipas, respectivamente, de hacer una \u201calianza perversa para fomentar el crimen organizado en estos estados\u201d. Acusaciones serias, pues adem\u00e1s asegur\u00f3 ser drogadicto el propio mandatario tamaulipeco y los dos gobernadores  tienen similitudes y gustos a productos no especificados.  Ante esto, es triste pensar que tienen que venir pol\u00edticos de otros estados, para denunciar realidades  que se viven, se respiran y hasta se sufren, pues en Veracruz, el miedo a la denuncia y a que atenten contra tu vida, son actividades de todos los d\u00edas y desgraciadamente ya no nos sorprende la violencia en Veracruz\u2026  Por otro lado,  hoy en d\u00eda, ya nadie se salva, pues los atentados se dan a empresarios, ciudadanos, profesionistas, periodistas y hasta diputados, como en el caso de Celerino Rivera, diputado de Tempoal, quien sufri\u00f3 atentado  en la comunidad de Pochuco, y ya  interpuso la denuncia correspondiente. Nuestra pregunta obligada: \u00bfCu\u00e1ndo terminar\u00e1 esta situaci\u00f3n o tendremos que sufrir ataques a\u00fan peores para que el Mandatario estatal haga algo?  Esperemos que este pensamiento presagiante, s\u00f3lo sea eso,  un pensamiento\u2026<\/p>\n","protected":false},"excerpt":{"rendered":"<p>Claudia GuerreroEntre lo ut\u00f3pico y lo verdadero Se destapan los fraudes en el Ayuntamiento de Xalapa, con la denuncia de cientos de usuarios que se han manifestado en contra de cobros excesivos y exponen ser una burla lo declarado recientemente por el Alcalde David Velasco Chedraui y al calce citamos: \u201cLas personas que no cuenten [&hellip;]<\/p>\n","protected":false},"author":1,"featured_media":0,"comment_status":"open","ping_status":"open","sticky":false,"template":"","format":"standard","meta":{"_jetpack_newsletter_access":"","_jetpack_dont_email_post_to_subs":false,"_jetpack_newsletter_tier_id":0,"_jetpack_memberships_contains_paywalled_content":false,"_jetpack_memberships_contains_paid_content":false,"footnotes":""},"categories":[1],"tags":[],"class_list":["post-8992","post","type-post","status-publish","format-standard","hentry","category-sin-categoria"],"jetpack_featured_media_url":"","jetpack_sharing_enabled":true,"jetpack_shortlink":"https:\/\/wp.me\/p4Qcd3-2l2","_links":{"self":[{"href":"https:\/\/lospoliticosveracruz.com.mx\/index.php?rest_route=\/wp\/v2\/posts\/8992","targetHints":{"allow":["GET"]}}],"collection":[{"href":"https:\/\/lospoliticosveracruz.com.mx\/index.php?rest_route=\/wp\/v2\/posts"}],"about":[{"href":"https:\/\/lospoliticosveracruz.com.mx\/index.php?rest_route=\/wp\/v2\/types\/post"}],"author":[{"embeddable":true,"href":"https:\/\/lospoliticosveracruz.com.mx\/index.php?rest_route=\/wp\/v2\/users\/1"}],"replies":[{"embeddable":true,"href":"https:\/\/lospoliticosveracruz.com.mx\/index.php?rest_route=%2Fwp%2Fv2%2Fcomments&post=8992"}],"version-history":[{"count":0,"href":"https:\/\/lospoliticosveracruz.com.mx\/index.php?rest_route=\/wp\/v2\/posts\/8992\/revisions"}],"wp:attachment":[{"href":"https:\/\/lospoliticosveracruz.com.mx\/index.php?rest_route=%2Fwp%2Fv2%2Fmedia&parent=8992"}],"wp:term":[{"taxonomy":"category","embeddable":true,"href":"https:\/\/lospoliticosveracruz.com.mx\/index.php?rest_route=%2Fwp%2Fv2%2Fcategories&post=8992"},{"taxonomy":"post_tag","embeddable":true,"href":"https:\/\/lospoliticosveracruz.com.mx\/index.php?rest_route=%2Fwp%2Fv2%2Ftags&post=8992"}],"curies":[{"name":"wp","href":"https:\/\/api.w.org\/{rel}","templated":true}]}}