{"id":90065,"date":"2022-05-18T10:19:41","date_gmt":"2022-05-18T15:19:41","guid":{"rendered":"https:\/\/lospoliticosveracruz.com.mx\/?p=90065"},"modified":"2022-05-18T10:19:47","modified_gmt":"2022-05-18T15:19:47","slug":"eleazar-guerrero-a-misantla","status":"publish","type":"post","link":"https:\/\/lospoliticosveracruz.com.mx\/?p=90065","title":{"rendered":"Eleazar Guerrero, a Misantla"},"content":{"rendered":"\n<p><strong>Sergio Gonz\u00e1lez Levet<\/strong><\/p>\n\n\n\n<p><em>Sin tacto<\/em><br><br><\/p>\n\n\n\n<p>[Me propuse esta semana no hablar de AMLO ni del gobernador Cuitl\u00e1huac, y ya llevaba dos d\u00edas de \u00e9xito en mi encomienda, pero ayer se puso en contacto conmigo un informante al que llamar\u00e9 Garganta Profunda (GP), y me pas\u00f3 una exclusiva que me obliga a regresar al tema de la pol\u00edtica estatal. Lo siento.]<br>Ha habido reuniones m\u00e1s o menos secretas tanto en la Sefiplan como en la casa del Subsecretario de Finanzas y en algunos lugares p\u00fablicos, y as\u00ed se fue conformando el equipo de trabajo que se encargar\u00e1 de llevar adelante el plan para hacer candidato de Morena a Eleazar Guerrero P\u00e9rez con el fin de conquistar la curul local del Distrito de Misantla en 2024.<br>Como buenos tecn\u00f3cratas, los funcionarios de las oficinas en la salida a Banderilla fueron delimitando un plan, con estrategia general, t\u00e1cticas particulares, equipo humano y material, necesidades de recursos y un cronograma estricto, que determina el quehacer espec\u00edfico para los pr\u00f3ximos dos a\u00f1os, con visitas programadas del pre-pre-candidato, apoyos a diversos sectores de la poblaci\u00f3n, as\u00ed como diversos encuentros y acercamientos con liderazgos de los 18 municipios que integran el Distrito Local Electoral 08, con cabecera en Misantla.<br>Y s\u00ed, en este distrito caben 18 ayuntamientos, a saber: Misantla, Acatl\u00e1n, Alto Lucero, Coacoatzintla, Colipa, Chiconquiaco, Jilotepec, Juchique de Ferrer, Landero y Coss, Miahuatl\u00e1n, Naolinco, Nautla, Tenochtitl\u00e1n, Tepetl\u00e1n, Tlacolulan, Tonay\u00e1n, Vega de Alatorre y Yecuatla.<br>Los trabajos del proyecto ya tienen fecha de inicio y no pasaran dos semanas para que est\u00e9n en camino. Empezar\u00e1 en Jilotepec, en donde Eleazar tiene intereses y familia, y precisamente su concu\u00f1o, Marino Esteban Moreno D\u00edaz ser\u00e1 el responsable de este municipio desde la comunidad del ingenio La Concha.<br>\u00bfPor qu\u00e9 querr\u00eda ser diputado local el poderoso Eleazar Guerrero P\u00e9rez? Algunos pensar\u00edan que por su posici\u00f3n pol\u00edtica y financiera deber\u00eda aspirar a una curul del Congreso de le Uni\u00f3n, pero lo cierto es que su inter\u00e9s est\u00e1 m\u00e1s cerca. Desde la Legislatura veracruzana tendr\u00eda el indispensable fuero que le d\u00e9 tranquilidad legal, pero, adem\u00e1s, en caso de que ganara el candidato o la candidata de Morena, ser\u00eda un aspirante natural a encabezar la Junta de Coordinaci\u00f3n Pol\u00edtica y con ello manejar el enorme poder y el jugoso presupuesto legislativo.<br>El plan, me dice GP, recorre todos los resquicios de la posibilidad y no olvida reconocer la indudable fuerza electoral que tiene el actual diputado misanteco, el panista Oth\u00f3n Hern\u00e1ndez Candanedo, quien es muy probable que busque la reelecci\u00f3n en 2024 y haga valer la importante reserva de votos que conserva a su favor. Contra \u00e9l ser\u00e1 la lucha desde ahora, y buscar\u00e1n bajar sus potencialidades en el distrito, para lo que cuentan incluso con el concurso de su propio hermano, el morenista alcalde misanteco Javier Hern\u00e1ndez Candanedo.<br>As\u00ed las cosas en el terru\u00f1o, e iremos hablando m\u00e1s del tema, que dar\u00e1 para mucho en los pr\u00f3ximos 24 meses.<\/p>\n\n\n\n<p>sglevet@gmail.com<\/p>\n","protected":false},"excerpt":{"rendered":"<p>Sergio Gonz\u00e1lez Levet Sin tacto [Me propuse esta semana no hablar de AMLO ni del gobernador Cuitl\u00e1huac, y ya llevaba dos d\u00edas de \u00e9xito en mi encomienda, pero ayer se puso en contacto conmigo un informante al que llamar\u00e9 Garganta Profunda (GP), y me pas\u00f3 una exclusiva que me obliga a regresar al tema de [&hellip;]<\/p>\n","protected":false},"author":2,"featured_media":0,"comment_status":"closed","ping_status":"closed","sticky":false,"template":"","format":"standard","meta":{"_jetpack_newsletter_access":"","_jetpack_dont_email_post_to_subs":false,"_jetpack_newsletter_tier_id":0,"_jetpack_memberships_contains_paywalled_content":false,"_jetpack_memberships_contains_paid_content":false,"footnotes":""},"categories":[70],"tags":[13912,9444,33341,13706,640,1282,33340],"class_list":["post-90065","post","type-post","status-publish","format-standard","hentry","category-de-opinion","tag-eleazar-guerrero-perez","tag-junta-de-coordinacion-politica","tag-marino-esteban-moreno-diaz","tag-othon-hernandez-candanedo","tag-sefiplan","tag-sergio-gonzalez-levet","tag-subsecretario-de-finanzas"],"jetpack_featured_media_url":"","jetpack_sharing_enabled":true,"jetpack_shortlink":"https:\/\/wp.me\/p4Qcd3-nqF","_links":{"self":[{"href":"https:\/\/lospoliticosveracruz.com.mx\/index.php?rest_route=\/wp\/v2\/posts\/90065","targetHints":{"allow":["GET"]}}],"collection":[{"href":"https:\/\/lospoliticosveracruz.com.mx\/index.php?rest_route=\/wp\/v2\/posts"}],"about":[{"href":"https:\/\/lospoliticosveracruz.com.mx\/index.php?rest_route=\/wp\/v2\/types\/post"}],"author":[{"embeddable":true,"href":"https:\/\/lospoliticosveracruz.com.mx\/index.php?rest_route=\/wp\/v2\/users\/2"}],"replies":[{"embeddable":true,"href":"https:\/\/lospoliticosveracruz.com.mx\/index.php?rest_route=%2Fwp%2Fv2%2Fcomments&post=90065"}],"version-history":[{"count":1,"href":"https:\/\/lospoliticosveracruz.com.mx\/index.php?rest_route=\/wp\/v2\/posts\/90065\/revisions"}],"predecessor-version":[{"id":90067,"href":"https:\/\/lospoliticosveracruz.com.mx\/index.php?rest_route=\/wp\/v2\/posts\/90065\/revisions\/90067"}],"wp:attachment":[{"href":"https:\/\/lospoliticosveracruz.com.mx\/index.php?rest_route=%2Fwp%2Fv2%2Fmedia&parent=90065"}],"wp:term":[{"taxonomy":"category","embeddable":true,"href":"https:\/\/lospoliticosveracruz.com.mx\/index.php?rest_route=%2Fwp%2Fv2%2Fcategories&post=90065"},{"taxonomy":"post_tag","embeddable":true,"href":"https:\/\/lospoliticosveracruz.com.mx\/index.php?rest_route=%2Fwp%2Fv2%2Ftags&post=90065"}],"curies":[{"name":"wp","href":"https:\/\/api.w.org\/{rel}","templated":true}]}}