{"id":9017,"date":"2009-02-26T01:57:00","date_gmt":"2009-02-26T01:57:00","guid":{"rendered":"http:\/\/www.lospoliticosveracruz.com.mx\/?p=9017"},"modified":"2014-10-08T19:27:18","modified_gmt":"2014-10-08T19:27:18","slug":"empistolados","status":"publish","type":"post","link":"https:\/\/lospoliticosveracruz.com.mx\/?p=9017","title":{"rendered":"\u00a1Empistolados!"},"content":{"rendered":"<p><strong>Salvador Mu\u00f1oz<\/strong><br \/><em>Los Pol\u00edticos<\/em><\/p>\n<p>Por seguridad de su familia y de usted, \u00bfadquirir\u00eda un arma de fuego?<br \/>La intenci\u00f3n de algunos senadores, entre ellos Ricardo Monreal, no se puede catalogar como una \u201cjalada\u201d cuando la misma Sedena ha declarado que pretende abrir m\u00e1s \u201csucursales\u201d de armer\u00eda en distintos puntos del pa\u00eds, entre los que incluye a Veracruz.<br \/>As\u00ed es el tama\u00f1o de nuestra seguridad\u2026 o inseguridad\u2026 cuesti\u00f3n de enfoques. M\u00e1s ahora que se habla a nivel internacional del \u201catentado\u201d perpetrado contra el gobernador de Chihuahua por el crimen organizado.<br \/>Pero, hablar de armarse para mayor seguridad no es tan sencillo.<br \/>Traer una pistola puede ser tan similar como quien se sube a conducir un carro\u2026 \u00a1se puede transformar!<br \/>La pistola como el carro pueden ser enfocados por mentes chiquitas como una forma de poder.<br \/>Se puede volver valiente, audaz y sobre todo prepotente.<br \/>Realmente estamos muy lejos la inmensa mayor\u00eda de los mexicanos de portar una Glock o una Baretta.<br \/>Nuestra educaci\u00f3n nos llevar\u00eda a situaciones de sacar la pistola por cualquier cosa, por ejemplo, \u201cMe mir\u00f3 feo\u201d, \u201c\u00bfqu\u00e9 me ves?\u201d o en una simple discusi\u00f3n por el tr\u00e1fico.<br \/>La ventaja de todo esto es que dif\u00edcilmente alguien desembolsar\u00eda entre 7 y 11 mil pesos por adquirir una pistola reglamentaria.<br \/>Claro que en el mercado negro se pueden encontrar armas de dos mil 500 a cuatro mil pesos y a lo mejor en c\u00f3modas mensualidades.<br \/>La pregunta es: \u00bftraer pistola implica estar protegido?<br \/>Tengo la plena seguridad que hay muchos veracruzanos que ya se \u201cprotegen\u201d sin necesidad de sacar una licencia ante Sedena.<br \/>Sin embargo, los veracruzanos, por nuestra propia manera de ser, usar\u00edamos diferentes armas o actuar\u00edamos dependiendo las circunstancias\u2026 por ejemplo:<br \/>\u2022 \u00bfAlguien sabe qu\u00e9 estar\u00eda haciendo el General L\u00f3pez Esquer, secretario de Seguridad P\u00fablica, pistola en mano metido hasta la cintura en las playas de Veracruz?&#8230; \u00a1Esperando la ola criminal de la que hablan los medios!<br \/>\u2022 \u00bfQu\u00e9 tipo de municiones usar\u00eda el procurador Salvador Mikel Rivera?&#8230; \u00a1Balas de Salva!<br \/>\u2022 \u00bfQu\u00e9 arma tienen las mujeres en su bolso?&#8230; Un Rev\u00f3lver\u2026 porque cuando buscan algo todo es Revolver y Revolver hasta encontrarlo.<br \/>\u2022 \u00bfEl arma favorita de los curas?&#8230; \u00a1Las e-p\u00edstolas!<br \/>\u2022 \u00bfQu\u00e9 preferir\u00eda Nemesio Dom\u00ednguez? \u00bfUn arma de fuego o una pistola?<br \/>\u2022 \u00bfQu\u00e9 pasa si Silvia Dom\u00ednguez se compra una pistola, un rifle y muchas municiones?&#8230; \u00a1Se arm\u00f3 la gorda!<br \/>\u2022 \u00bfQu\u00e9 arma utilizar\u00edan los columnistas y periodistas? La carabina 30-30 o la modificada 15-30<br \/>\u2022 \u00bfQu\u00e9 arma le dar\u00eda Manuel Bernal a su pareja? Le dar\u00eda\u2026 \u00a1en su m\u00e1user!<br \/>\u2022 \u00bfCon qu\u00e9 amenazar\u00eda el empresario radiof\u00f3nico Oliva Meza a sus ex reporteros? \u00a1Con puro fusil!<br \/>\u2022 \u00bfCu\u00e1l es calibre que utilizan algunos funcionarios para que no les hagan da\u00f1o los misiles de la prensa? \u00a1Ca\u00f1onazos de 50 mil pesos!<br \/>\u2022 La Superchava de Superchava ya est\u00e1 armada\u2026 \u00a1echa tiros por donde quiera que pasa!<br \/>En fin\u2026 s\u00e9 que la soluci\u00f3n a la inseguridad no es que nos armemos todos\u2026 aunque eso s\u00ed, los narcos tengan mejores armas que nuestras polic\u00edas\u2026<br \/>As\u00ed que yo propongo algo: Que se arme a diputados locales, diputados federales y senadores\u2026 algo ha de tener positivo ese armamento: quien quite y en una de \u00e9sas, se agarren a tiros entre ellos. \u00bfA cu\u00e1ntos pasos estamos de esas \u00e9pocas post-revolucionarias?<\/p>\n","protected":false},"excerpt":{"rendered":"<p>Salvador Mu\u00f1ozLos Pol\u00edticos Por seguridad de su familia y de usted, \u00bfadquirir\u00eda un arma de fuego?La intenci\u00f3n de algunos senadores, entre ellos Ricardo Monreal, no se puede catalogar como una \u201cjalada\u201d cuando la misma Sedena ha declarado que pretende abrir m\u00e1s \u201csucursales\u201d de armer\u00eda en distintos puntos del pa\u00eds, entre los que incluye a Veracruz.As\u00ed [&hellip;]<\/p>\n","protected":false},"author":1,"featured_media":0,"comment_status":"open","ping_status":"open","sticky":false,"template":"","format":"standard","meta":{"_jetpack_newsletter_access":"","_jetpack_dont_email_post_to_subs":false,"_jetpack_newsletter_tier_id":0,"_jetpack_memberships_contains_paywalled_content":false,"_jetpack_memberships_contains_paid_content":false,"footnotes":""},"categories":[1],"tags":[],"class_list":["post-9017","post","type-post","status-publish","format-standard","hentry","category-sin-categoria"],"jetpack_featured_media_url":"","jetpack_sharing_enabled":true,"jetpack_shortlink":"https:\/\/wp.me\/p4Qcd3-2lr","_links":{"self":[{"href":"https:\/\/lospoliticosveracruz.com.mx\/index.php?rest_route=\/wp\/v2\/posts\/9017","targetHints":{"allow":["GET"]}}],"collection":[{"href":"https:\/\/lospoliticosveracruz.com.mx\/index.php?rest_route=\/wp\/v2\/posts"}],"about":[{"href":"https:\/\/lospoliticosveracruz.com.mx\/index.php?rest_route=\/wp\/v2\/types\/post"}],"author":[{"embeddable":true,"href":"https:\/\/lospoliticosveracruz.com.mx\/index.php?rest_route=\/wp\/v2\/users\/1"}],"replies":[{"embeddable":true,"href":"https:\/\/lospoliticosveracruz.com.mx\/index.php?rest_route=%2Fwp%2Fv2%2Fcomments&post=9017"}],"version-history":[{"count":0,"href":"https:\/\/lospoliticosveracruz.com.mx\/index.php?rest_route=\/wp\/v2\/posts\/9017\/revisions"}],"wp:attachment":[{"href":"https:\/\/lospoliticosveracruz.com.mx\/index.php?rest_route=%2Fwp%2Fv2%2Fmedia&parent=9017"}],"wp:term":[{"taxonomy":"category","embeddable":true,"href":"https:\/\/lospoliticosveracruz.com.mx\/index.php?rest_route=%2Fwp%2Fv2%2Fcategories&post=9017"},{"taxonomy":"post_tag","embeddable":true,"href":"https:\/\/lospoliticosveracruz.com.mx\/index.php?rest_route=%2Fwp%2Fv2%2Ftags&post=9017"}],"curies":[{"name":"wp","href":"https:\/\/api.w.org\/{rel}","templated":true}]}}