{"id":9018,"date":"2009-02-25T01:22:00","date_gmt":"2009-02-25T01:22:00","guid":{"rendered":"http:\/\/www.lospoliticosveracruz.com.mx\/?p=9018"},"modified":"2014-10-08T19:27:18","modified_gmt":"2014-10-08T19:27:18","slug":"xalapa-extraordinaria","status":"publish","type":"post","link":"https:\/\/lospoliticosveracruz.com.mx\/?p=9018","title":{"rendered":"Xalapa, \u00a1extraordinaria!"},"content":{"rendered":"<p><strong>Salvador Mu\u00f1oz<\/strong><br \/><em>Los Pol\u00edticos<\/em><\/p>\n<p>Xalapa es una ciudad extraordinaria. Ac\u00e1 suceden cosas as\u00ed: \u00a1extraordinarias!<br \/>Por ejemplo: Que se desmayen de 20 a 30 ni\u00f1os en el acto a la Bandera en el Museo Interactivo de Xalapa es en s\u00ed un suceso extraordinario.<br \/>Afortunadamente T\u00edo Fide se dio cuenta de ello y pidi\u00f3 a log\u00edstica y materia educativa que dejen de utilizar, usar, agarrar a los infantes para asuntos de car\u00e1cter pol\u00edtico.<br \/>\u00a1Ojo! Porque se supone que todav\u00eda martes los ni\u00f1os \u00a1no ten\u00edan clases! Habr\u00e1 que investigar a qui\u00e9n se le ocurri\u00f3 la \u201cideota\u201d de llevarlos cuando debieron estar en el carnaval o en camita.<br \/>Y el mismo T\u00edo Fide lo ha dicho: En Veracruz, \u00a1los ni\u00f1os no se tocan! Ni para quedar bien con el gobernador.<br \/>Si eso no le parece extraordinario, este es un caso de omipresencia, cercano a la deidad: El alcalde de Xalapa.<br \/>El lunes, paseaba por los andenes y buses de Curitiba, Brasil, pero eso s\u00ed\u2026 en las primeras horas de la ma\u00f1ana de ayer martes, ya recib\u00eda al presidente del Comit\u00e9 organizador del Carnaval de Xalapa, Ernesto Aguilar Yarmuch, y a la reina Samantha I y sus princesas Margarita y Ana Leticia, quienes encabezar\u00e1n la fiesta en esta capital, eso de acuerdo a una foto que se publica en portales de Internet con la siguiente fecha: 24 de febrero.<br \/>Lo curioso es que haya mandado a Jos\u00e9 Alberto Hern\u00e1ndez Melgarejo, su secre del Ayuntamiento, a acompa\u00f1ar al Gobernador al acto del D\u00eda de la Bandera.<br \/>\u00bfPor qu\u00e9 habr\u00e1 cortado de a feo al Gobernador?<br \/>Pero, \u00bfqu\u00e9 tienen de extraordinario que haya llegado tan pronto el alcalde de Brasil a Xalapa?<br \/>Ah, pues es que el alcalde, el pasado 19 de febrero, sostuvo una reuni\u00f3n con Rui (no Riul) Hara, nota publicada al d\u00eda siguiente (20 de febrero) en el \u201cDiario Popular\u201d de Curitiba.<br \/>El 20 de febrero, nuestro alcalde visit\u00f3 la Universidad Libre del Medio Ambiente, instituci\u00f3n calificada (de acuerdo al portal del Ayuntamiento xalape\u00f1o), organizada por la sociedad civil, con el inter\u00e9s de promover el cuidado del medio ambiente urbano.<br \/>\u00a1Aqu\u00ed viene parte de lo extraordinario!<br \/>Para el 21, \u00a1el alcalde estaba en Xalapa! y recib\u00eda en sus oficinas de Palacio Municipal a la Corte Real del Carnaval Xalapa 2009: Reina Samantha Primera, sus princesas Margarita y Ana Leticia y el Presidente del Comit\u00e9 organizador, Ernesto Aguilar Yarmuch (igual, publicado en el portal del ayuntamiento). \u00a1Curiosamente tres d\u00edas despu\u00e9s los vuelve a recibir! Lo peor: \u00a1Todos con la misma ropa! (idem)<br \/>\u00bfNo es extraordinario? \u00bfY si le digo que al d\u00eda siguiente (22 de febrero) estaba de nuevo en Brasil con su tocayo Bouchez G\u00f3mez cual marchantes en los mercados?<br \/>Fue entonces que el lunes (23 de feb) se publica su foto en los camiones de Curitiba para que este 24 ya estuviera de vuelta en Xalapa en las actividades antes citadas\u2026<br \/>Aqu\u00ed hay de tres:<br \/>1) Alguien pretende enga\u00f1ar a los xalape\u00f1os, tratarlos como est\u00fapidos, pensarlos como seres carentes de materia gris, publicando fotos de un alcalde que sencillamente sigue en Curitiba, Brasil, (donde por cierto tambi\u00e9n hay Carnaval)\u2026<br \/>2) D\u00e1ndole el beneficio de la duda, a Vicho Velasco Chedraui, queriendo hacerle un favor, lo chingan\u2026 digo: Est\u00e1 en Brasil, puede que quienes quieran enga\u00f1ar a Xalapa lo hagan sin su autorizaci\u00f3n\u2026 insisto: Le damos el beneficio de la duda.<br \/>3) \u00bfO Vicho Velasco tiene el poder de la omnipresencia? \u00a1Dios! \u00a1Tenemos un alcalde Dios!<br \/>\u00a1Umta! Ya no s\u00e9 si preferir la omnipresencia\u2026 que ser\u00eda extraordinario\u2026<br \/>S\u00ed, Xalapa es extraordinaria\u2026<br \/>Si usted la visita, puede que se encuentre con un plant\u00f3n y no me refiero a una planta verde grande\u2026 sino a las cl\u00e1sicas manifestaciones en la Plaza Lerdo aunque ahora la modalidad sea pasarlas frente a Palacio Municipal.<br \/>\u00a1Es extraordinaria la manera que tienen algunos l\u00edderes para abusar de la necesidad de sus agremiados!<br \/>Antorcha Campesina ha sido el dolor de cabeza no s\u00f3lo del ayuntamiento, sino de los citadinos transe\u00fantes y conductores que ven impotentes c\u00f3mo nos rompen la madre bloqueando calles.<br \/>\u00bfEn qu\u00e9 est\u00e1 lo extraordinario si parece algo tan com\u00fan en las grandes ciudades?<br \/>\u00a1Ahhh! Pues que su l\u00edder Samuel Aguirre, aun con sus males de cola, digo, de columna, tenga las fuerzas para \u201cluchar por los pobres\u201d.<br \/>\u00bfModerno Hood Robin?<br \/>Es necesario reconocer la noble labor de Samuel Aguirre, connotado pol\u00edtico, l\u00edder social y ahora articulista.<br \/>\u00a1Mire que ayudar a los pobres! \u00a1Pocos ricos se dan ese lujo!<br \/>Bueno, digo rico porque para irse a Cuba a tratarse los males de su col&#8230;umna \u00a1durante tres meses! \u00a1es que se tiene lana!<br \/>La lucha antorchista tiene tintes de justa, pero las cosas no pasan por lo que son, sino por lo que parecen, dijera el maestro Graci\u00e1n.<br \/>Quieren m\u00e1s obra p\u00fablica para sus representados. Es justo el reclamo, \u00bfno? Pero tambi\u00e9n es justo reconocer que hace un a\u00f1o se invirti\u00f3 40 millones de pesos en obras en colonias donde cuentan con representaci\u00f3n y eso lo aval\u00f3 la misma regidora antorchista Minerva Salcedo, alias la cordobesa, ciudad donde tambi\u00e9n fue edil.<br \/>Para este a\u00f1o piden 87 obras que, haciendo cuentas, significar\u00eda chingarse todo el presupuesto en antorchistas\u2026 \u00bfy los dem\u00e1s ciudadanos?<br \/>Si algo hay que reconocer al Cabildo xalape\u00f1o es que no hacen obras como islas\u2026 una por aqu\u00ed, otra por ac\u00e1\u2026 sino que buscan que se extiendan, que sean parte de una continuidad, que beneficien realmente, que sean necesarias y sobre todo, que sean para todos, no s\u00f3lo para una organizaci\u00f3n, militancia o grupos.<br \/>\u00a1Aguas! Porque en \u00e9poca electoral cualquiera dir\u00eda que Samuel Aguirre busca otra vez \u201chueso\u201d tratando de enlistarse entre los potenciales \u201cpluris\u201d.<br \/>Digo, porque para Minerva Salcedo s\u00f3lo busque (bajita la mano) beneficiar a los integrantes de su organizaci\u00f3n, ocupando no nada m\u00e1s su tiempo oficial, sino los propios recursos p\u00fablicos que est\u00e9n a su alcance, como es el caso del delegado de la zona Este, Javier Calder\u00f3n Ortiz, dedicado a condicionar obras y acciones municipales s\u00f3lo si se afilian a Antorcha, es porque les preocupa ayudar m\u00e1s a Samuel que a la gente\u2026 \u00bfo no es extraordinario?<br \/>As\u00ed es Xalapa\u2026 Donde los ni\u00f1os se desmayan, donde su alcalde es omnipresente y el rico antorchista quiere ayudar a los pobres antorchistas\u2026 \u00a1totalmente extraordinario!<\/p>\n<p><strong>* \u00a1Play ball! *<\/strong><br \/>Pues resulta que Javier Duarte, cuando jovencito, fue alumno de beisbol del famoso \u201cToche\u201d Pel\u00e1ez, por lo que le dio un enorme gusto saludarlo ahora como precandidato del PRI a diputado, \u201cnuestro apoyo es para ti y tambi\u00e9n nuestro voto lo ser\u00e1 en su momento\u201d, le dijo quien tambi\u00e9n fuera lanzador de los Diablos Rojos y muchos otros equipos, especialista en la bola de nudillos, coco de cualquier bateador.<\/p>\n<p><strong>* \u00bfBusca chamba? *<\/strong><br \/>En el centro Cultural Los Lagos la Secretar\u00eda de Trabajo en coordinaci\u00f3n con el Ayuntamiento de Xalapa llevar\u00e1n al cabo la primera Feria del Empleo en el 2009 para esta ciudad.<br \/> Ser\u00e1n cerca de 100 empresas las que oferten al menos un mil 200 vacantes. Se espera la presencia de gente que quiera chamba y del Gobernador (no para ver si hay trabajo), quien inaugurar\u00e1 esta feria a partir de las trece horas bajo la premisa de que le d\u00e9 tiempo al alcalde de llegar a Xalapa. Cabe resaltar que la Polic\u00eda Federal Preventiva ofertar\u00e1 cinco mil puestos de trabajo para vacantes como agente investigador, custodio de penal federal, escolta de funcionarios y fuerza p\u00fablica.<\/p>\n<p><strong>* La comunidad gay tiene memoria *<\/strong><br \/>En el PSD vemos con simpat\u00eda que otros partidos como el PRI entren al tema sobre la diversidad sexual, de lo que s\u00ed estamos muy ciertos y perfectamente claros y no s\u00f3lo quienes militamos en este partido o tenemos alg\u00fan cargo de representaci\u00f3n, sino particularmente la comunidad L\u00e9sbico, Gay, Bisexual, Transexual, Travesti, Transg\u00e9nero e Intersexual  (Lgbttti), es que en el caso de  ellos (PRI) el reciente nombramiento de su coordinador para la atenci\u00f3n a dicho grupo obedece a una estrategia con prop\u00f3sitos electorales, ya que resulta que si alguien ha desatendido y empantanado los trabajos legislativos a favor de la diversidad sexual son precisamente, por un lado, la derecha retr\u00f3grada y mocha, y por otro, el oficialismo rancio y autoritario\u2026 <br \/> En la memoria y en el conocimiento del Colectivo Lgbttti no hay Alzheimer y tienen presente que ha sido la izquierda y los partidos socialdem\u00f3cratas los que los han acompa\u00f1ado en su lucha a trav\u00e9s de su historia.<\/p>\n","protected":false},"excerpt":{"rendered":"<p>Salvador Mu\u00f1ozLos Pol\u00edticos Xalapa es una ciudad extraordinaria. Ac\u00e1 suceden cosas as\u00ed: \u00a1extraordinarias!Por ejemplo: Que se desmayen de 20 a 30 ni\u00f1os en el acto a la Bandera en el Museo Interactivo de Xalapa es en s\u00ed un suceso extraordinario.Afortunadamente T\u00edo Fide se dio cuenta de ello y pidi\u00f3 a log\u00edstica y materia educativa que [&hellip;]<\/p>\n","protected":false},"author":1,"featured_media":0,"comment_status":"open","ping_status":"open","sticky":false,"template":"","format":"standard","meta":{"_jetpack_newsletter_access":"","_jetpack_dont_email_post_to_subs":false,"_jetpack_newsletter_tier_id":0,"_jetpack_memberships_contains_paywalled_content":false,"_jetpack_memberships_contains_paid_content":false,"footnotes":""},"categories":[1],"tags":[],"class_list":["post-9018","post","type-post","status-publish","format-standard","hentry","category-sin-categoria"],"jetpack_featured_media_url":"","jetpack_sharing_enabled":true,"jetpack_shortlink":"https:\/\/wp.me\/p4Qcd3-2ls","_links":{"self":[{"href":"https:\/\/lospoliticosveracruz.com.mx\/index.php?rest_route=\/wp\/v2\/posts\/9018","targetHints":{"allow":["GET"]}}],"collection":[{"href":"https:\/\/lospoliticosveracruz.com.mx\/index.php?rest_route=\/wp\/v2\/posts"}],"about":[{"href":"https:\/\/lospoliticosveracruz.com.mx\/index.php?rest_route=\/wp\/v2\/types\/post"}],"author":[{"embeddable":true,"href":"https:\/\/lospoliticosveracruz.com.mx\/index.php?rest_route=\/wp\/v2\/users\/1"}],"replies":[{"embeddable":true,"href":"https:\/\/lospoliticosveracruz.com.mx\/index.php?rest_route=%2Fwp%2Fv2%2Fcomments&post=9018"}],"version-history":[{"count":0,"href":"https:\/\/lospoliticosveracruz.com.mx\/index.php?rest_route=\/wp\/v2\/posts\/9018\/revisions"}],"wp:attachment":[{"href":"https:\/\/lospoliticosveracruz.com.mx\/index.php?rest_route=%2Fwp%2Fv2%2Fmedia&parent=9018"}],"wp:term":[{"taxonomy":"category","embeddable":true,"href":"https:\/\/lospoliticosveracruz.com.mx\/index.php?rest_route=%2Fwp%2Fv2%2Fcategories&post=9018"},{"taxonomy":"post_tag","embeddable":true,"href":"https:\/\/lospoliticosveracruz.com.mx\/index.php?rest_route=%2Fwp%2Fv2%2Ftags&post=9018"}],"curies":[{"name":"wp","href":"https:\/\/api.w.org\/{rel}","templated":true}]}}