{"id":9019,"date":"2009-02-25T00:22:00","date_gmt":"2009-02-25T00:22:00","guid":{"rendered":"http:\/\/www.lospoliticosveracruz.com.mx\/?p=9019"},"modified":"2014-10-08T19:27:18","modified_gmt":"2014-10-08T19:27:18","slug":"no-es-broma-o-si","status":"publish","type":"post","link":"https:\/\/lospoliticosveracruz.com.mx\/?p=9019","title":{"rendered":"No es broma&#8230; \u00bfo s\u00ed?"},"content":{"rendered":"<p><strong>Eva Varona Conde<\/strong><br \/><em>Cuando las piedras hablan&#8230; los hombres tiemblan<\/em><\/p>\n<p>\u00daltimamente me est\u00e1n sucediendo cosas extra\u00f1as\u2026 en las que no s\u00e9 si es broma tal o cual cosa; o m\u00e1s bien, no s\u00e9 si nos est\u00e1n viendo la cara de &#038;##% dejos.<br \/>Que si no fue atentado lo de Chihuahua\u2026 \u00bfes broma?<br \/>Que si Eduardo Santamarina, quien fuera el rey del pasado carnaval de Veracruz, se ve\u00eda \u201csexi\u201d con ese trajecito festivo de llamas ardientes\u2026 \u00bfes broma?; bueno depende quien lo diga\u2026<br \/>Que si Xalapa est\u00e1 creciendo m\u00e1s que nunca con todo el apoyo de las y los veracruzanos, se han invertido en obras y carreteras que agilizar\u00e1n el tr\u00e1fico (texto de discurso fidelista)\u2026 \u00bfes broma?<br \/>\u00bfSaben lo que s\u00ed es una broma o m\u00e1s bien\u2026 es un chiste?<br \/>Que Carolina Gudi\u00f1o as\u00ed como sus compa\u00f1eros militantes pasen nuevamente, por las zonas marginadas y m\u00e1s jodidas del puerto de Veracruz, como lo hicieron hace algunos a\u00f1os\u2026 con gritos, banderas, gorras y toda esa parafernalia; el mismo camino sin pavimentar sigue ah\u00ed, los mismos charcos con lodo siguen ah\u00ed, las colonias sin drenaje\u2026 son las mismas, pero la broma consiste en que la candidata, como fingiendo demencia, salta p\u00edcaramente los charcos de aguas negras, para tocar la puerta de la casa de l\u00e1mina que sigue, y repartirles volantes\u2026 claro..El chiste no termina sin que ella se d\u00e9 cuenta que la se\u00f1ora a la que le habla (una vez m\u00e1s) de promesas, ni siquiera sabe leer lo que hay en el mendigo papel.<br \/>Y una vez m\u00e1s miro a mi alrededor, cuando s\u00e9 que todos ven lo que yo&#8230; esperando alguna reacci\u00f3n; no puedo evitar preguntarme: \u00bfes broma? No pasa nada, todos lo toman de forma cotidiana.<br \/>Que si el organizador del carnaval jarocho renunciar\u00e1 porque no logr\u00f3 tener el \u00e9xito deseado\u2026 \u00bfes broma? M\u00e1s bien: \u00bfhip es broma&#8230; hip hip?<br \/>Que la comisi\u00f3n de asuntos ind\u00edgenas s\u00f3lo reconoce a 4 de los 9 pueblos ind\u00edgenas que existen realmente\u2026 \u00bfes broma?<br \/>Que si Jacinta Francisco Marcial, mujer ind\u00edgena otom\u00ed fue acusada y sentenciada injustamente en Quer\u00e9taro, acusada del secuestro de seis agentes de la AFI\u2026 s\u00ed de la \u00a1LA AFI\u00a1 pazuuu mechaaa \u00bfes broma? 0_0<br \/>Yo ya no entiendo\u2026<br \/>En d\u00f3nde vivimos, de qu\u00e9 o qui\u00e9nes estamos rodeados\u2026 \u00a1con una chingada\u00a1 afuera est\u00e1n los pri\u00edstas gritando como en una procesi\u00f3n mientras escribo esta columna y no me dejan concentrar\u2026 \u00bfes broma?<\/p>\n","protected":false},"excerpt":{"rendered":"<p>Eva Varona CondeCuando las piedras hablan&#8230; los hombres tiemblan \u00daltimamente me est\u00e1n sucediendo cosas extra\u00f1as\u2026 en las que no s\u00e9 si es broma tal o cual cosa; o m\u00e1s bien, no s\u00e9 si nos est\u00e1n viendo la cara de &#038;##% dejos.Que si no fue atentado lo de Chihuahua\u2026 \u00bfes broma?Que si Eduardo Santamarina, quien fuera [&hellip;]<\/p>\n","protected":false},"author":1,"featured_media":0,"comment_status":"open","ping_status":"open","sticky":false,"template":"","format":"standard","meta":{"_jetpack_newsletter_access":"","_jetpack_dont_email_post_to_subs":false,"_jetpack_newsletter_tier_id":0,"_jetpack_memberships_contains_paywalled_content":false,"_jetpack_memberships_contains_paid_content":false,"footnotes":""},"categories":[1],"tags":[],"class_list":["post-9019","post","type-post","status-publish","format-standard","hentry","category-sin-categoria"],"jetpack_featured_media_url":"","jetpack_sharing_enabled":true,"jetpack_shortlink":"https:\/\/wp.me\/p4Qcd3-2lt","_links":{"self":[{"href":"https:\/\/lospoliticosveracruz.com.mx\/index.php?rest_route=\/wp\/v2\/posts\/9019","targetHints":{"allow":["GET"]}}],"collection":[{"href":"https:\/\/lospoliticosveracruz.com.mx\/index.php?rest_route=\/wp\/v2\/posts"}],"about":[{"href":"https:\/\/lospoliticosveracruz.com.mx\/index.php?rest_route=\/wp\/v2\/types\/post"}],"author":[{"embeddable":true,"href":"https:\/\/lospoliticosveracruz.com.mx\/index.php?rest_route=\/wp\/v2\/users\/1"}],"replies":[{"embeddable":true,"href":"https:\/\/lospoliticosveracruz.com.mx\/index.php?rest_route=%2Fwp%2Fv2%2Fcomments&post=9019"}],"version-history":[{"count":0,"href":"https:\/\/lospoliticosveracruz.com.mx\/index.php?rest_route=\/wp\/v2\/posts\/9019\/revisions"}],"wp:attachment":[{"href":"https:\/\/lospoliticosveracruz.com.mx\/index.php?rest_route=%2Fwp%2Fv2%2Fmedia&parent=9019"}],"wp:term":[{"taxonomy":"category","embeddable":true,"href":"https:\/\/lospoliticosveracruz.com.mx\/index.php?rest_route=%2Fwp%2Fv2%2Fcategories&post=9019"},{"taxonomy":"post_tag","embeddable":true,"href":"https:\/\/lospoliticosveracruz.com.mx\/index.php?rest_route=%2Fwp%2Fv2%2Ftags&post=9019"}],"curies":[{"name":"wp","href":"https:\/\/api.w.org\/{rel}","templated":true}]}}