{"id":9024,"date":"2009-02-23T03:30:00","date_gmt":"2009-02-23T03:30:00","guid":{"rendered":"http:\/\/www.lospoliticosveracruz.com.mx\/?p=9024"},"modified":"2014-10-08T19:27:18","modified_gmt":"2014-10-08T19:27:18","slug":"el-oscar-es-para","status":"publish","type":"post","link":"https:\/\/lospoliticosveracruz.com.mx\/?p=9024","title":{"rendered":"\u00a1El \u00d3scar es para\u2026!"},"content":{"rendered":"<p><strong>Salvador Mu\u00f1oz<\/strong><br \/><em>Los Pol\u00edticos<\/em><\/p>\n<p>Cuando lea esta columna, ya habr\u00e1 pasado la entrega de los \u00d3scar. Ni modo\u2026 pero el cierre de edici\u00f3n no me permite dar m\u00e1s datos para hablarles a detalle de este evento m\u00e1s que mis buenos deseos. Mis favoritos, a ver si tengo voz de pitoniso, \u201cBenjam\u00edn Button\u201d, \u201cEl Luchador\u201d y \u201cQuiero ser millonario\u201d\u2026 por supuesto, filmes que no he visto y s\u00f3lo he seguido en sinopsis y cr\u00edticas. Pero mi esperanza como la de la mayor\u00eda de los comic-maniacos, es que el difunto Heath Ledger, se lleve el \u00d3scar como \u201cMejor Actor secundario\u201d en \u201cEl Caballero de la Noche\u201d interpretando a \u201cEl Guas\u00f3n\u201d.<br \/>La aportaci\u00f3n cultural de mi hija Cecilia es que el nombre de \u201cHeath\u201d es la contracci\u00f3n de \u201cHeathcliff\u201d, el protagonista, junto con \u201cCatherine\u201d de la hermosa obra \u201cCumbres Borrascosas\u201d.<br \/>El \u00d3scar es un reconocimiento a este g\u00e9nero en diversas modalidades que va desde Mejor Pel\u00edcula hasta Mejor Cortometraje\u2026<br \/>Y es que el cine es m\u00e1gico\u2026 no s\u00f3lo por la catarsis al que nos llevan pel\u00edculas como \u201cRocky\u201d (la primera, la de 1976 que, incluso, se llev\u00f3 un \u00d3scar), \u201cGladiador\u201d o \u201cLo que el viento se llev\u00f3\u201d, sino tambi\u00e9n porque a veces, sin querer, reflejan nuestros sue\u00f1os o nuestras  realidades, como \u201cLa Ley de Herodes\u201d.<br \/>Y es as\u00ed, entonces, que podemos ver c\u00f3mo nos podemos identificar con algunas pel\u00edculas que pueden ser merecedoras de un \u00d3scar o no, o sencillamente nos recuerden a nuestros pol\u00edticos o vida cotidiana como por ejemplo:<br \/>* \u201cSin city\u201d, ahora que est\u00e1 de moda el Carnaval jarocho.<br \/>* \u201cHell Boy\u201d me recuerda a Pe\u00f1a Nieto aunque m\u00e1s bien es \u201cGel-boy\u201d por tanto fijador de pelo en su cabeza.<br \/>* \u201cBlanca Nieves\u201d evoca al diputado Gonzalo Gu\u00edzar Valladares aunque no est\u00e1 rodeado de enanos, sino m\u00e1s bien de chaneques.<br \/>* Para Hugo Ch\u00e1vez, quiz\u00e1 pudiera gustarle \u201cEl \u00faltimo emperador\u201d.<br \/>* A Sergio Vaca Betancourt, adem\u00e1s de \u201cAlejandro Magno\u201d y \u201cNapole\u00f3n\u201d, le gustar\u00eda \u201cToro Salvaje\u201d.<br \/>* Para el amigo Javier Duarte le encantar\u00eda \u201cFarinelli\u201d\u2026 que conste que es por su voz porque de lo dem\u00e1s, \u00a1sabe fajarse!<br \/>* Para los nost\u00e1lgicos como Amadeo Flores Espinosa: \u201cTibur\u00f3n\u201d.<br \/>* No pod\u00edan faltar las de guerra que nos recuerden a Alfredo G\u00e1ndara: \u201cPelot\u00f3n\u201d.<br \/>* Algo de Stephen King debe de estar: \u201cLos P\u00e1jaros\u201d, para Nemesio Dom\u00ednguez.<br \/>* Para el diputado Manuel Bernal, algo como \u201cBajos Instintos\u201d o \u201cRocky\u201d. Ojal\u00e1 no las vea con su pareja y se emocione.<br \/>* No podemos ser omisos para Jos\u00e9 Luis Santiago, Fidel Herrera, Alfredo Ferrari y el Negro Cruz, con \u201cAfrica M\u00eda\u201d.<br \/>* La s\u00edndica Rosa Mar\u00eda J\u00e1come y la regidora Nieves S\u00e1nchez, del ayuntamiento porte\u00f1o, les encantar\u00eda \u201cCampanita\u201d.<br \/>* Hablando de mujeres porte\u00f1as, para Patricia Coello estar\u00eda bien \u201cControl total\u201d.<br \/>* Para el hijo de Margarita Guillaumin, quien tuvo que ser recluido en una celda por conducir en estado de ebriedad: \u201cMamma m\u00eda\u201d\u2026<br \/>* Al secretario de Educaci\u00f3n, V\u00edctor Arredondo, una ochentera: \u201cCocoon\u201d\u2026<br \/>* Para el alcalde de Tehuipango, que se pas\u00f3 al PRI y al d\u00eda siguiente regres\u00f3 al PAN: \u201cLa delgada l\u00ednea roja\u201d.<br \/>* Volviendo con Stephen King, al empresario de la radio Jos\u00e9 Luis Oliva: \u201cMiseria\u201d.<br \/>* A Julio Salda\u00f1a y Fernando Yunes M\u00e1rquez, precandidatos por el distrito 12 en el puerto, les podr\u00eda quedar \u201cDumb and Dumber\u201d, no recuerdo cu\u00e1l fue la traducci\u00f3n al espa\u00f1ol pero actuaba Jim Carrey.<br \/>* Para los transportistas que ocasionaron un caos con su paro: \u201c102 D\u00e1lmatas\u201d, \u00a1porque se mancharon bien gacho!<br \/>* Al gabinete fidelista le quedar\u00eda la pel\u00edcula \u201cHombres de Negro\u201d.<br \/>* Para las hijas de Lupita Porras, algo como \u201cJuego de gemelas\u201d\u2026<br \/>En fin, la lista es larga\u2026<br \/>S\u00f3lo esperemos que gane \u201cel Guas\u00f3n\u201d un \u00d3scar\u2026 \u00a1ah! Y si quiere divertirse, vea \u201cRudo y Cursi\u201d pero no \u201cBig Stan\u201d, la pel\u00edcula m\u00e1s chafa de Rob Schnider.<br \/>Pero si quiere divertirse m\u00e1s, s\u00f3lo lea peri\u00f3dicos y vea noticias, nuestros pol\u00edticos s\u00ed merecen un \u00d3scar \u00a1qu\u00e9 actores!<br \/>PD \u00a1Gan\u00f3 el Oscar Heath Ledger! \u00a1A la inmortalidad!<\/p>\n<p><strong>* \u00a1400 mdp para precampa\u00f1a! *<\/strong><br \/>Como una  verdadera inconsciencia e irresponsabilidad del PAN calific\u00f3 Jorge Carvallo Delf\u00edn, Presidente estatal del PRI, la solicitud de 400 millones de pesos para hacer precampa\u00f1a en beneficio de sus precandidatos a diputados federales, en un momento en que el pa\u00eds sufre los efectos de una crisis econ\u00f3mica internacional, agravada por las pol\u00edticas err\u00e1ticas en materia econ\u00f3mica que ha venido aplicando desde hace dos a\u00f1os el gobierno federal que preside Felipe Calder\u00f3n.<\/p>\n<p><strong>* \u00a1Hey Naolinco! *<\/strong><br \/>Amigos de Naolinco y comunidades aleda\u00f1as, este d\u00eda habr\u00e1 servicio y atenci\u00f3n personalizada dentro de la Jornada de Atenci\u00f3n Ciudadana a realizarse en la explanada del Palacio Municipal  para atender demandas, necesidades y peticiones de los habitantes. <br \/>La Subsecretaria de Gobierno a trav\u00e9s de la Subdirecci\u00f3n de Atenci\u00f3n Ciudadana, ha convocado a todas las dependencias del gobierno estatal a participar de manera activa en este evento, con la instrucci\u00f3n precisa de que se atienda con prontitud  todas y cada una de las demandas, pero sobre todo dar a conocer con veracidad, si hay soluciones  inmediatas a mediano o largo plazo, as\u00ed como a aquellas que habr\u00e1 que buscarles alternativas de soluci\u00f3n.<br \/>El evento dar\u00e1 inicio a las 8 de la ma\u00f1ana con la instalaci\u00f3n de la Feria de la Salud, donde enfermeras y personal de la Secretar\u00eda de Salud brindar\u00e1n consultas gratuitas, entregar\u00e1n medicamentos a quienes se les prescriba, y se realizar\u00e1n detecciones de c\u00e1ncer de mama y c\u00e9rvico-uterino, an\u00e1lisis cl\u00ednicos y de enfermedades cardio-vasculares, entre otros servicios m\u00e1s, atendiendo con calidez y eficiencia a todos los asistentes a este evento de gobierno.<br \/>Una hora despu\u00e9s habr\u00e1 29  mesas de atenci\u00f3n ciudadana, donde funcionarios p\u00fablicos comenzar\u00e1n a recibir peticiones, d\u00e1ndoles tramite inmediato y estas ser\u00e1n  en materia de educaci\u00f3n, empleo, capacitaci\u00f3n para el trabajo, proyectos productivos, asesor\u00eda legal, becas, seguridad p\u00fablica, tenencia de la tierra, construcci\u00f3n y rehabilitaci\u00f3n de caminos, introducci\u00f3n de servicios b\u00e1sicos, rehabilitaci\u00f3n de espacios educativos, entre otros.<\/p>\n<p>e-mail: dor00@hotmail.com<\/p>\n","protected":false},"excerpt":{"rendered":"<p>Salvador Mu\u00f1ozLos Pol\u00edticos Cuando lea esta columna, ya habr\u00e1 pasado la entrega de los \u00d3scar. Ni modo\u2026 pero el cierre de edici\u00f3n no me permite dar m\u00e1s datos para hablarles a detalle de este evento m\u00e1s que mis buenos deseos. Mis favoritos, a ver si tengo voz de pitoniso, \u201cBenjam\u00edn Button\u201d, \u201cEl Luchador\u201d y \u201cQuiero [&hellip;]<\/p>\n","protected":false},"author":1,"featured_media":0,"comment_status":"open","ping_status":"open","sticky":false,"template":"","format":"standard","meta":{"_jetpack_newsletter_access":"","_jetpack_dont_email_post_to_subs":false,"_jetpack_newsletter_tier_id":0,"_jetpack_memberships_contains_paywalled_content":false,"_jetpack_memberships_contains_paid_content":false,"footnotes":""},"categories":[1],"tags":[],"class_list":["post-9024","post","type-post","status-publish","format-standard","hentry","category-sin-categoria"],"jetpack_featured_media_url":"","jetpack_sharing_enabled":true,"jetpack_shortlink":"https:\/\/wp.me\/p4Qcd3-2ly","_links":{"self":[{"href":"https:\/\/lospoliticosveracruz.com.mx\/index.php?rest_route=\/wp\/v2\/posts\/9024","targetHints":{"allow":["GET"]}}],"collection":[{"href":"https:\/\/lospoliticosveracruz.com.mx\/index.php?rest_route=\/wp\/v2\/posts"}],"about":[{"href":"https:\/\/lospoliticosveracruz.com.mx\/index.php?rest_route=\/wp\/v2\/types\/post"}],"author":[{"embeddable":true,"href":"https:\/\/lospoliticosveracruz.com.mx\/index.php?rest_route=\/wp\/v2\/users\/1"}],"replies":[{"embeddable":true,"href":"https:\/\/lospoliticosveracruz.com.mx\/index.php?rest_route=%2Fwp%2Fv2%2Fcomments&post=9024"}],"version-history":[{"count":0,"href":"https:\/\/lospoliticosveracruz.com.mx\/index.php?rest_route=\/wp\/v2\/posts\/9024\/revisions"}],"wp:attachment":[{"href":"https:\/\/lospoliticosveracruz.com.mx\/index.php?rest_route=%2Fwp%2Fv2%2Fmedia&parent=9024"}],"wp:term":[{"taxonomy":"category","embeddable":true,"href":"https:\/\/lospoliticosveracruz.com.mx\/index.php?rest_route=%2Fwp%2Fv2%2Fcategories&post=9024"},{"taxonomy":"post_tag","embeddable":true,"href":"https:\/\/lospoliticosveracruz.com.mx\/index.php?rest_route=%2Fwp%2Fv2%2Ftags&post=9024"}],"curies":[{"name":"wp","href":"https:\/\/api.w.org\/{rel}","templated":true}]}}