{"id":9027,"date":"2009-02-23T03:24:00","date_gmt":"2009-02-23T03:24:00","guid":{"rendered":"http:\/\/www.lospoliticosveracruz.com.mx\/?p=9027"},"modified":"2014-10-08T19:27:19","modified_gmt":"2014-10-08T19:27:19","slug":"el-cambio-en-la-rectoria-de-la-uv","status":"publish","type":"post","link":"https:\/\/lospoliticosveracruz.com.mx\/?p=9027","title":{"rendered":"El cambio en la Rector\u00eda de la UV"},"content":{"rendered":"<p>* Calder\u00f3n intervendr\u00e1 en elecciones<br \/>* Salas Torres, a la Contralor\u00eda<\/p>\n<p><strong>Inocencio Vald\u00e9s V\u00e1zquez<\/strong><br \/><em>P\u00e1gina 3<\/em><\/p>\n<p>El actual rectorado en la Universidad Veracruzana (UV),a cargo de Ra\u00fal Arias Lovillo, ha sido de luces y sombras, aunque en este caso de m\u00e1s sombras, por los casos negativos renombrados que afectaron gravemente a la m\u00e1xima casa de estudios de Veracruz, cuyo prestigio ya no es obviamente el que tuvo en el pasado.<br \/>Y es que antes, los Rectores como Roberto Bravo Garz\u00f3n, Rafael Velasco Fern\u00e1ndez, H\u00e9ctor Salmer\u00f3n Roiz, Emilio Gidi Villareal y hasta V\u00edctor Arredondo Alvarez, ten\u00edan excelente  nivel y amplia trayectoria acad\u00e9mica con un prestigio nacional e internacional , desde que asumieron el cargo. No eran improvisados.<br \/>Ocuparon la principal silla de Rector\u00eda por m\u00e9ritos propios y no por componendas o circunstancias muy extra\u00f1as como el actual,&#8211;con imagen por dem\u00e1s negativa&#8211; que no ha sabido cumplir bien su encomienda, am\u00e9n de enfrentarse con el gobernador Fidel Herrera Beltr\u00e1n, por cuestiones pol\u00edticas futuristas y de soberbia, al creer que en verdad la Universidad es aut\u00f3noma, aunque en la pr\u00e1ctica s\u00ed en lo pol\u00edtico no ,por los millonarios recursos que aporta el Estado.<br \/>Los errores que ha cometido Arias Lovillo y su camarilla, son varios y de mucho peso, por eso empezaron a promover homenajes a destacadas personalidades y hasta para el propio FHB,  que no se va con el Canto de las Sirenas, pues  como dijeron \u201cse le cay\u00f3 un diente, pero el colmillo no\u201d\u2026<br \/>As\u00ed las cosas en la Universidad Veracruzana, va a ser  muy dif\u00edcil que , en el segundo semestre de a\u00f1o cuando se de el proceso interno de renovaci\u00f3n en esa instituci\u00f3n,  Lovillo se pueda reelegir . Los nombres de los posibles ir\u00e1n saliendo poco a poco, puesto que la UV  necesita recobrar su prestigio . <\/p>\n<p><strong>Calder\u00f3n y su intervenci\u00f3n en las elecciones federales<\/strong><\/p>\n<p>El comisionado pol\u00edtico nacional del Partido del Trabajo (PT) en Veracruz, Arturo P\u00e9rez P\u00e9rez asegur\u00f3 que detr\u00e1s de las manifestaciones sociales en contra del Ejercito Mexicano se encuentra el Gobierno Federal<br \/>Agreg\u00f3 que s\u00f3lo quiere crear psicosis y p\u00e1nico en la sociedad para inhibir el voto en el proceso electoral para la renovaci\u00f3n de la C\u00e1mara Baja del congreso de la Uni\u00f3n\u201d.<br \/>P\u00e9rez P\u00e9rez afirm\u00f3 que con este tipo de acciones, \u201cen donde participan encapuchados y tratan de desprestigiar la labor del ejercito, solo tienen como fin, el crear miedo en la gente y que esta no participe en la jornada electoral de este a\u00f1o, ya que con ello el Gobierno puede manipular los resultados de la elecci\u00f3n a su favor\u201d.<br \/>El dirigente petista dijo que la delincuencia organizada causa un grave da\u00f1o al pa\u00eds, a sus habitantes e instituciones; genera inseguridad y zozobra, y pervierte casi todos los \u00e1mbitos de la vida nacional. <br \/>\u201cLa ola criminal en la que se encuentra inmerso Veracruz y M\u00e9xico causa una profunda incertidumbre entre la ciudadan\u00eda\u201d, manifest\u00f3.<br \/>Estableci\u00f3 que hace ya m\u00e1s de dos a\u00f1os el gobierno de Calder\u00f3n se inaugur\u00f3 con espectaculares operativos y desplazamientos de soldados y polic\u00edas por medio territorio nacional, \u201ccon el supuesto prop\u00f3sito de restablecer el estado de derecho en las regiones controladas por la criminalidad e instaurar en ellas la seguridad p\u00fablica y la confianza de los ciudadanos\u201d. <br \/>Tiene mucha raz\u00f3n el l\u00edder petista, ya que sin duda, el presidente Felipe Calder\u00f3n buscar\u00e1 a toda costa obtener el control de la C\u00e1mara Baja del Congreso de la Uni\u00f3n y despu\u00e9s gubernaturas como la de Veracruz.<\/p>\n<p><strong>En Corto<\/strong><\/p>\n<p>El gobernador Fidel Herrera acaba de exhortar a los funcionarios de su gabinete a trabajar m\u00e1s y hablar menos . Sin embargo eso lo debi\u00f3 haber hecho desde el inicio de su administraci\u00f3n, ya que ha sido p\u00fablico, que hay muchos que hablan y declaran mucho, incluso contradiciendo a su jefe y \u2026han trabajado poco, s\u00f3lo han utilizado el cargo\u2026Bien por el nombramiento a Jos\u00e9 Luis Salas Torres, como Director General de Responsabilidades de la Contralor\u00eda del Estado, donde podr\u00eda ascender m\u00e1s\u2026Salas dej\u00f3 la Direcci\u00f3n  de Gobernaci\u00f3n de la Subsecretar\u00eda de Gobierno, donde va cumpliendo bien su responsabilidad, el ex diputado local,Francisco Portilla Bonilla\u2026.Habr\u00e1 que ver que noticias buenas da en los pr\u00f3ximos d\u00edas el Director del ISSSTE, Miguel \u00c1ngel Yunes Linares, quien siempre que est\u00e1 en Veracruz o hace declaraciones acapara los reflectores\u2026 <\/p>\n<p>Visite:www.elmatutinovirtual.blogspot.com<br \/>E-Mail:valdes6124@hotmail.com<\/p>\n","protected":false},"excerpt":{"rendered":"<p>* Calder\u00f3n intervendr\u00e1 en elecciones* Salas Torres, a la Contralor\u00eda Inocencio Vald\u00e9s V\u00e1zquezP\u00e1gina 3 El actual rectorado en la Universidad Veracruzana (UV),a cargo de Ra\u00fal Arias Lovillo, ha sido de luces y sombras, aunque en este caso de m\u00e1s sombras, por los casos negativos renombrados que afectaron gravemente a la m\u00e1xima casa de estudios de [&hellip;]<\/p>\n","protected":false},"author":1,"featured_media":0,"comment_status":"open","ping_status":"open","sticky":false,"template":"","format":"standard","meta":{"_jetpack_newsletter_access":"","_jetpack_dont_email_post_to_subs":false,"_jetpack_newsletter_tier_id":0,"_jetpack_memberships_contains_paywalled_content":false,"_jetpack_memberships_contains_paid_content":false,"footnotes":""},"categories":[1],"tags":[],"class_list":["post-9027","post","type-post","status-publish","format-standard","hentry","category-sin-categoria"],"jetpack_featured_media_url":"","jetpack_sharing_enabled":true,"jetpack_shortlink":"https:\/\/wp.me\/p4Qcd3-2lB","_links":{"self":[{"href":"https:\/\/lospoliticosveracruz.com.mx\/index.php?rest_route=\/wp\/v2\/posts\/9027","targetHints":{"allow":["GET"]}}],"collection":[{"href":"https:\/\/lospoliticosveracruz.com.mx\/index.php?rest_route=\/wp\/v2\/posts"}],"about":[{"href":"https:\/\/lospoliticosveracruz.com.mx\/index.php?rest_route=\/wp\/v2\/types\/post"}],"author":[{"embeddable":true,"href":"https:\/\/lospoliticosveracruz.com.mx\/index.php?rest_route=\/wp\/v2\/users\/1"}],"replies":[{"embeddable":true,"href":"https:\/\/lospoliticosveracruz.com.mx\/index.php?rest_route=%2Fwp%2Fv2%2Fcomments&post=9027"}],"version-history":[{"count":0,"href":"https:\/\/lospoliticosveracruz.com.mx\/index.php?rest_route=\/wp\/v2\/posts\/9027\/revisions"}],"wp:attachment":[{"href":"https:\/\/lospoliticosveracruz.com.mx\/index.php?rest_route=%2Fwp%2Fv2%2Fmedia&parent=9027"}],"wp:term":[{"taxonomy":"category","embeddable":true,"href":"https:\/\/lospoliticosveracruz.com.mx\/index.php?rest_route=%2Fwp%2Fv2%2Fcategories&post=9027"},{"taxonomy":"post_tag","embeddable":true,"href":"https:\/\/lospoliticosveracruz.com.mx\/index.php?rest_route=%2Fwp%2Fv2%2Ftags&post=9027"}],"curies":[{"name":"wp","href":"https:\/\/api.w.org\/{rel}","templated":true}]}}