{"id":9029,"date":"2009-02-20T16:26:00","date_gmt":"2009-02-20T16:26:00","guid":{"rendered":"http:\/\/www.lospoliticosveracruz.com.mx\/?p=9029"},"modified":"2014-10-08T19:27:19","modified_gmt":"2014-10-08T19:27:19","slug":"se-buscan-reporteros-de-500-pesos-oliva-radio","status":"publish","type":"post","link":"https:\/\/lospoliticosveracruz.com.mx\/?p=9029","title":{"rendered":"Se buscan reporteros de 500 pesos: Oliva Radio"},"content":{"rendered":"<p><a href=\"http:\/\/www.lospoliticosveracruz.com.mx\/wp-content\/uploads\/2009\/02\/Oliva.jpg\"><img decoding=\"async\" style=\"float:right; margin:0 0 10px 10px;cursor:pointer; cursor:hand;width: 228px; height: 320px;\" src=\"http:\/\/www.lospoliticosveracruz.com.mx\/wp-content\/uploads\/2009\/02\/Oliva-213x300.jpg\" border=\"0\" alt=\"\"id=\"BLOGGER_PHOTO_ID_5304919747593073362\" \/><\/a><br \/>Al gremio period\u00edstico:<br \/>Antes que nada les mando a todos un cordial saludo.  <\/p>\n<p>Como sabr\u00e1n, desde ayer martes 17 de febrero tanto Williams como Sandra, Brisa y yo dejamos de laborar para <em>Noticentro<\/em>, empresa en donde yo estuve casi 5 a\u00f1os colaborando y que hasta hace unos d\u00edas ten\u00eda puesta la camiseta&#8230;<br \/>Mientras que nuestro ex jefe Jos\u00e9 Luis Oliva Meza se queja de la crisis a bordo de sus BMWs con sus guaruras, decidi\u00f3 de manera arbitraria y sin decir agua va, reducirnos el salario hasta los 600 pesos quincenales, esto desde hace casi tres semanas. La sorpresa fue cuando a inicios de este mes fuimos a cobrar y nos fuimos para atr\u00e1s al ver los supersueldos. <br \/>Nadie nos dio una respuesta, solicitamos una junta en reiteradas ocasiones, misma que supuestamente qued\u00f3 programada para este lunes y faltando 5 minutos para la cita cancel\u00f3 debido a que ten\u00eda otras cosas que hacer, en v\u00eda de mientras ya eran dos quincenas de 600 pesotes y el se\u00f1or nos dec\u00edan no estaba dispuesto recibirnos en grupo, sino de manera individual.  <br \/>Finalmente, como nunca nos dio la cara para ver qu\u00e9 era lo que pasamos, acudimos el d\u00eda de ayer a la Junta de Conciliaci\u00f3n y Arbitraje Federal e interpusimos un recurso para que se diera una reuni\u00f3n conciliatoria este jueves.  <br \/>Por la tarde fuimos los cuatro  a dejar el citatorio y casualmente ya estaba en la oficina, nos recibi\u00f3 y comenz\u00f3 entonces la agresi\u00f3n, pues cuestion\u00f3 si \u00e9ramos sindicato o qu\u00e9 -y eso que el se\u00f1or dice ser abogado-, y cuando expusimos nuestra inconformidad acus\u00f3 que nuestro trabajo era una \u00abporquer\u00eda, chocholeo y refritos\u00bb como \u00e9l los calific\u00f3 y que no estaba dispuesto a pagar esas notas.   <br \/>Quienes nos conocen a los cuatro,  aunque sea un poco, saben de nuestro trabajo y cu\u00e1nto nos hemos esforzado por prepararnos y tener nuestras maestr\u00edas, lo que de nada vali\u00f3 el Oliva Radio pues gana m\u00e1s la muchacha que viene a hacer la limpieza de mi casa que lo que yo como su reportera.<br \/>Como no lleg\u00e1bamos a ning\u00fan punto y \u00e9l insist\u00eda en denigrar nuestro trabajo, le dejamos el citatorio en el escritorio -el cual por cierto se neg\u00f3 a recibir-, y entonces explot\u00f3 acusando que yo era la encargada de liderarlos, que lo \u00fanico que quer\u00edamos era dinero, que est\u00e1bamos manchando el nombre de su empresa, y fue entonces cuando le recordamos que ya hab\u00eda enfrentado 3 denuncias laborales, las tres ganadas y una de las cuales fue por mas de 600 mil pesos.  Seg\u00fan \u00e9l, esta \u00faltima persona es una ladrona, aunque eso claro se lo tendr\u00e1 que probar a su ex apoderada legal.<br \/>Me amenaz\u00f3 entonces con llamar a TV Azteca, por lo que yo misma le di mi celular con el n\u00famero del Director General para que en ese momento le marcara, me acus\u00f3 de haberle clavado una pu\u00f1alada en la espalda por haberle dejado los noticieros sin notas y haberlo ido a acusar ante la autoridad laboral, me dijo pr\u00e1cticamente \u00abmal agradecida\u00bb por haberme enviado al Vaticano a trabajar.<br \/>Como ustedes me conocen, sabr\u00e1n bien que no me qued\u00e9 callada y le dije sus verdades, finalmente no est\u00e1bamos peleando nada m\u00e1s, s\u00f3lo que nos pagara lo que nos qued\u00f3 a deber y tuviera un poco de respeto hacia nuestra persona, pues tanto a Sandra, que tenia 3 a\u00f1os ah\u00ed trabajando, como a Williams con m\u00e1s de un a\u00f1o, don Jos\u00e9 Luis no los conoc\u00eda&#8230; \u00a1Qu\u00e9 bien conoce el funcionamiento de su propia empresa!<br \/>Para no hacerles el cuento largo no nos pag\u00f3, ni nos va a liquidar ni nada, anda buscando reporteros dignos de su nivel: de 500 pesos quincenales.  <br \/>S\u00f3lo quer\u00eda comunicarles el porqu\u00e9 ya no estar\u00e9 ah\u00ed, s\u00f3lo quer\u00eda que no se quedar\u00e1 como una m\u00e1s de las pisoteadas que nos dan a los periodistas los empresarios -que ahora entiendo como muchos hacen su dinero-, y que como gremio entendamos que tenemos que estar unidos.  <br \/>No quer\u00edamos ni su dinero ni un sindicato, que no se le olvide al se\u00f1or que llegamos siendo quienes somos -para bien o para mal-, y que igual nos vamos, eso si con la frente muy en alto, no como \u00e9l, con una cola muy, muy larga.<\/p>\n<p>Saludos<br \/><strong>Yamiri<\/strong><\/p>\n","protected":false},"excerpt":{"rendered":"<p>Al gremio period\u00edstico:Antes que nada les mando a todos un cordial saludo. Como sabr\u00e1n, desde ayer martes 17 de febrero tanto Williams como Sandra, Brisa y yo dejamos de laborar para Noticentro, empresa en donde yo estuve casi 5 a\u00f1os colaborando y que hasta hace unos d\u00edas ten\u00eda puesta la camiseta&#8230;Mientras que nuestro ex jefe [&hellip;]<\/p>\n","protected":false},"author":1,"featured_media":0,"comment_status":"open","ping_status":"open","sticky":false,"template":"","format":"standard","meta":{"_jetpack_newsletter_access":"","_jetpack_dont_email_post_to_subs":false,"_jetpack_newsletter_tier_id":0,"_jetpack_memberships_contains_paywalled_content":false,"_jetpack_memberships_contains_paid_content":false,"footnotes":""},"categories":[1],"tags":[],"class_list":["post-9029","post","type-post","status-publish","format-standard","hentry","category-sin-categoria"],"jetpack_featured_media_url":"","jetpack_sharing_enabled":true,"jetpack_shortlink":"https:\/\/wp.me\/p4Qcd3-2lD","_links":{"self":[{"href":"https:\/\/lospoliticosveracruz.com.mx\/index.php?rest_route=\/wp\/v2\/posts\/9029","targetHints":{"allow":["GET"]}}],"collection":[{"href":"https:\/\/lospoliticosveracruz.com.mx\/index.php?rest_route=\/wp\/v2\/posts"}],"about":[{"href":"https:\/\/lospoliticosveracruz.com.mx\/index.php?rest_route=\/wp\/v2\/types\/post"}],"author":[{"embeddable":true,"href":"https:\/\/lospoliticosveracruz.com.mx\/index.php?rest_route=\/wp\/v2\/users\/1"}],"replies":[{"embeddable":true,"href":"https:\/\/lospoliticosveracruz.com.mx\/index.php?rest_route=%2Fwp%2Fv2%2Fcomments&post=9029"}],"version-history":[{"count":0,"href":"https:\/\/lospoliticosveracruz.com.mx\/index.php?rest_route=\/wp\/v2\/posts\/9029\/revisions"}],"wp:attachment":[{"href":"https:\/\/lospoliticosveracruz.com.mx\/index.php?rest_route=%2Fwp%2Fv2%2Fmedia&parent=9029"}],"wp:term":[{"taxonomy":"category","embeddable":true,"href":"https:\/\/lospoliticosveracruz.com.mx\/index.php?rest_route=%2Fwp%2Fv2%2Fcategories&post=9029"},{"taxonomy":"post_tag","embeddable":true,"href":"https:\/\/lospoliticosveracruz.com.mx\/index.php?rest_route=%2Fwp%2Fv2%2Ftags&post=9029"}],"curies":[{"name":"wp","href":"https:\/\/api.w.org\/{rel}","templated":true}]}}