{"id":9031,"date":"2009-02-20T01:56:00","date_gmt":"2009-02-20T01:56:00","guid":{"rendered":"http:\/\/www.lospoliticosveracruz.com.mx\/?p=9031"},"modified":"2014-10-08T19:27:20","modified_gmt":"2014-10-08T19:27:20","slug":"la-belleza-y-victor-flores","status":"publish","type":"post","link":"https:\/\/lospoliticosveracruz.com.mx\/?p=9031","title":{"rendered":"La belleza y V\u00edctor Flores"},"content":{"rendered":"<p><a href=\"http:\/\/www.lospoliticosveracruz.com.mx\/wp-content\/uploads\/2009\/02\/Flores-Victor-0000.jpg\"><img decoding=\"async\" style=\"float:right; margin:0 0 10px 10px;cursor:pointer; cursor:hand;width: 214px; height: 320px;\" src=\"http:\/\/www.lospoliticosveracruz.com.mx\/wp-content\/uploads\/2009\/02\/Flores-Victor-0000-200x300.jpg\" border=\"0\" alt=\"\"id=\"BLOGGER_PHOTO_ID_5304693480768485426\" \/><\/a><br \/><strong>Salvador Mu\u00f1oz<\/strong><br \/><em>Los Pol\u00edticos<\/em><\/p>\n<p>No s\u00e9 cu\u00e1ndo el hombre (y la mujer) se vio en la necesidad de adornarse, buscar la ostentosidad, el lujo, pero desde tiempos muy lejanos ha sido siempre as\u00ed.<br \/>En los animales se entiende. Su majestuosidad, en el caso del macho, es para atraer la atenci\u00f3n del mayor n\u00famero de hembras. En otros, es para destacar en la manada como el macho Alfa. En el reino animal, el macho es m\u00e1s bello que la hembra. Entre los insectos y humanos creo que sucede lo contrario. Los hombres son feos (habemos excepciones) y las mujeres bellas.<br \/>En el caso de las mujeres, pudiera decirse que una dama bien arreglada, vestida, ataviada con alg\u00fan collar, aretes, u otro adorno, es s\u00edmbolo de que quiere llamar la atenci\u00f3n o simplemente sabe emplear muy bien su tarjeta\u2026 \u00a1o la del marido!<br \/>Lo incre\u00edble en la mujer es que le puede quitar sus joyas y dejarla en un simple vestido e igual puede lucir bella.<br \/>En el hombre, puede ocurrir lo mismo\u2026 \u00a1y no!<br \/>\u00bfQu\u00e9 nos hace bonitos, bellos, hermosos? \u00bfLa ostentosidad? \u00bfLa marca que vistes? \u00bfTu apariencia? \u00bfTu cerebro?<br \/>A ciencia cierta, no lo s\u00e9. Fuera de relajo, yo me s\u00e9 feo pero con ganas aunque tengo una mujer bella\u2026 puede que le gusten las cosas raras porque no creo que sea por mi dinero\u2026<br \/>Pero, \u00bfqu\u00e9 pasa cuando el hombre\/mujer es agradable visualmente para los c\u00e1nones de belleza establecidos en esta era contempor\u00e1nea pero por dentro realmente es un monstruo? \u00bfConoce a alguien as\u00ed, bello por fuera, feo por dentro?<br \/>Igual, hay casos a la inversa\u2026 feos por fuera y bellos por dentro. Tambi\u00e9n debe haber bellos por dentro y por fuera. Pero los que no tienen abuela son los feos por dentro y por fuera y si a eso se le agrega poder\u2026 \u00a1qu\u00e9 chinga!<br \/>Viene todo este cuento a colaci\u00f3n por el balc\u00f3n que les dio el peri\u00f3dico \u201cReforma\u201d a los l\u00edderes sindicales que entronizaron a Gamboa Pascoe como cabeza en el Congreso del Trabajo.<br \/>En serio resulta insultante el reloj de V\u00edctor Flores, l\u00edder de los ferrocarrileros. De acuerdo al estimado del peri\u00f3dico \u201cReforma\u201d, su valor es superior a los 50 mil d\u00f3lares. \u00bfParece exagerado valuar un reloj en casi 700 mil pesos? Hay relojes de esta marca que su precio est\u00e1 por encima de los 280 mil euros.<br \/>Es fant\u00e1stico, surrealista, incre\u00edble\u2026 y todav\u00eda Gamboa Pascoe en el colmo del cinismo, le dice a Felipe Calder\u00f3n que est\u00e1n con \u201cla tripa a medio comer\u201d.<br \/>\u00a1Estos s\u00ed son feos con ganas! Los representantes de la clase obrera \u00a1son modernos Rico MacPatos!<br \/>Nos avocamos exclusivamente a Flores Morales porque es veracruzano (qu\u00e9 joda) y se pregunta uno\u2026 \u00bfcon esos lujos de verdad cree que se ve bien? \u00bfDe verdad piensa que har\u00e1 sentir mejor a una clase trabajadora que sobrevive a la quincena o al mes?<br \/>No es con ostentosidad como vamos a salir de estas crisis ni mucho menos viendo c\u00f3mo estos l\u00edderes charros ab-usan los dineros de sus sindicalizados (Remember las Hummer de Gordillo).<br \/>\u00a1Claro! Me puede decir que dinero mata carita pero le pongo esta prueba (exclusiva para mujeres y alternativos) y si la pasa, admito que V\u00edctor Flores Morales tiene el derecho a usar los relojes m\u00e1s caros del mundo que quiera, a traer una camioneta de lujo y seguir fregando a los ferrocarrileros.<br \/>Imagine entonces la cara lectora a V\u00edctor F\u00e9lix Flores Morales\u2026 \u00bfno lo conoce? Bueno, si uno creyera en la teor\u00eda Lombrosiana (\u00e9sa que, por los rasgos faciales, dice qui\u00e9n puede ser un potencial criminal), el l\u00edder de los ferrocarrileros encajar\u00eda en ella. Si es complicado, se la pongo f\u00e1cil: Se parece a Daniel Arizmendi\u2026 \u00a1el mochaorejas! O a Saddam Hussein cuando los gringos lo sacaron del refugio en que se ocultaba.<br \/>Bueno, comentaba: Imagine la lectora a V\u00edctor F\u00e9lix Flores Morales en una calle cualquiera, en una esquina cualquiera. Usted tiene que pasar junto a \u00e9l, \u00bfqu\u00e9 piensa?:<br \/>a) \u00a1Es el Mochaorejas!<br \/>b) \u00a1Un catarr\u00edn! \u00a1Me va a pedir coperacha!<br \/>c) \u00a1Ni un polic\u00eda cerca! \u00a1como siempre!<br \/>d) \u00a1Qu\u00e9 guapo!<br \/>\u00c9stas pueden ser las potenciales respuestas.<br \/>Ahhh, entonces, agreguemos un ingrediente\u2026 un reloj Vacheron Constantin\u2026 \u00bfno lo conoce? No se preocupe\u2026 s\u00f3lo podremos verlo por la Internet, es lo m\u00e1s cerca que podemos estar de \u00e9l. De acuerdo a c\u00f3mo lo describen, tiene correa de piel, bisel y caja en oro amarillo y m\u00e1scara de turquesa.<br \/>El reloj es imposible no verlo a diez metros de distancia, entonces usted lo ver\u00e1 cuando vaya a pasar junto a \u00e9l\u2026 \u00bfqu\u00e9 piensa?<br \/>a) \u00a1Guauuu! \u00bfA qui\u00e9n le habr\u00e1 chingado el reloj este naco?<br \/>b) De seguro es un pinche reloj chino\u2026 \u00a1da el gatazo!<br \/>c) Si trajera un machete\u2026 \u00a1le corto la mano!<br \/>d) Qu\u00e9 cosa tan bonita\u2026 \u00bfse le parar\u00e1?<br \/>Posibles respuestas\u2026 pero pongamos m\u00e1s sabor al asunto\u2026<br \/>Misma calle, misma esquina, mismo Flores Morales, mismo reloj pero\u2026 ahora el l\u00edder ferrocarrilero est\u00e1 al pie de la camioneta en la que anda\u2026 Ford Expedition Max\u2026 humildemente con valor de 464 mil pesos\u2026 asientos de piel, calefacci\u00f3n y sistema DVD en la parte trasera\u2026 \u00bfqu\u00e9 es lo que piensa a la hora de que va a pasar junto a \u00e9l?<br \/>a) \u00a1\u00c9ste tiene cara de guachoma* de funcionario! (* Guachoma= Guarura, chofer y mayate).<br \/>b) \u00a1Poca madre! \u00bfA poco vot\u00e9 por este naco para diputado?<br \/>c) \u00a1Un narco!<br \/>d) \u00a1Ojal\u00e1 me llevara a donde \u00e9l quisiera!<br \/>Si la lectora (o alternativos) respondieron tres veces D, \u00a1que sigan fregando a los ferrocarrileros, caso contrario \u00bfqu\u00e9 demonios estamos pagando para que haya l\u00edderes sindicales sin verg\u00fcenza, c\u00ednicos y caraduras que usen con fines particulares los dineros de sus agremiados?<br \/>Por \u00faltimo, si el lector (hombre) se encuentra a Juan Gabriel, Pedro Sola u alg\u00fan pol\u00edtico de conductas alternativas nunca le diga:<br \/>\u2013\u00bfMe das tu hora?<br \/>Porque le puede responder:<br \/>\u2013\u00a1Y t\u00fa me das ma\u00f1ana!<\/p>\n<p><strong>* Duarte\u2026 \u00a1firmes! *<\/strong><br \/>Un reconocimiento amplio al Ej\u00e9rcito Mexicano por los importantes servicios que presta a la Patria, hizo el precandidato priista a diputado federal por C\u00f3rdoba, Javier Duarte de Ochoa. Con motivo del d\u00eda del Ej\u00e9rcito, Duarte destac\u00f3 la solidaridad de los soldados mexicanos en situaciones de contingencia y la decisi\u00f3n y valent\u00eda con la que participan en la lucha contra la inseguridad y la delincuencia organizada en el pa\u00eds, por lo que consider\u00f3 que su presencia brinda tranquilidad y confianza a los ciudadanos. Sobre quienes bloquearon casetas de cobro exigiendo su salida de territorio estatal, dijo que buscan otros fines nada claros.<\/p>\n","protected":false},"excerpt":{"rendered":"<p>Salvador Mu\u00f1ozLos Pol\u00edticos No s\u00e9 cu\u00e1ndo el hombre (y la mujer) se vio en la necesidad de adornarse, buscar la ostentosidad, el lujo, pero desde tiempos muy lejanos ha sido siempre as\u00ed.En los animales se entiende. Su majestuosidad, en el caso del macho, es para atraer la atenci\u00f3n del mayor n\u00famero de hembras. En otros, [&hellip;]<\/p>\n","protected":false},"author":1,"featured_media":0,"comment_status":"open","ping_status":"open","sticky":false,"template":"","format":"standard","meta":{"_jetpack_newsletter_access":"","_jetpack_dont_email_post_to_subs":false,"_jetpack_newsletter_tier_id":0,"_jetpack_memberships_contains_paywalled_content":false,"_jetpack_memberships_contains_paid_content":false,"footnotes":""},"categories":[1],"tags":[],"class_list":["post-9031","post","type-post","status-publish","format-standard","hentry","category-sin-categoria"],"jetpack_featured_media_url":"","jetpack_sharing_enabled":true,"jetpack_shortlink":"https:\/\/wp.me\/p4Qcd3-2lF","_links":{"self":[{"href":"https:\/\/lospoliticosveracruz.com.mx\/index.php?rest_route=\/wp\/v2\/posts\/9031","targetHints":{"allow":["GET"]}}],"collection":[{"href":"https:\/\/lospoliticosveracruz.com.mx\/index.php?rest_route=\/wp\/v2\/posts"}],"about":[{"href":"https:\/\/lospoliticosveracruz.com.mx\/index.php?rest_route=\/wp\/v2\/types\/post"}],"author":[{"embeddable":true,"href":"https:\/\/lospoliticosveracruz.com.mx\/index.php?rest_route=\/wp\/v2\/users\/1"}],"replies":[{"embeddable":true,"href":"https:\/\/lospoliticosveracruz.com.mx\/index.php?rest_route=%2Fwp%2Fv2%2Fcomments&post=9031"}],"version-history":[{"count":0,"href":"https:\/\/lospoliticosveracruz.com.mx\/index.php?rest_route=\/wp\/v2\/posts\/9031\/revisions"}],"wp:attachment":[{"href":"https:\/\/lospoliticosveracruz.com.mx\/index.php?rest_route=%2Fwp%2Fv2%2Fmedia&parent=9031"}],"wp:term":[{"taxonomy":"category","embeddable":true,"href":"https:\/\/lospoliticosveracruz.com.mx\/index.php?rest_route=%2Fwp%2Fv2%2Fcategories&post=9031"},{"taxonomy":"post_tag","embeddable":true,"href":"https:\/\/lospoliticosveracruz.com.mx\/index.php?rest_route=%2Fwp%2Fv2%2Ftags&post=9031"}],"curies":[{"name":"wp","href":"https:\/\/api.w.org\/{rel}","templated":true}]}}