{"id":9032,"date":"2009-02-19T03:14:00","date_gmt":"2009-02-19T03:14:00","guid":{"rendered":"http:\/\/www.lospoliticosveracruz.com.mx\/?p=9032"},"modified":"2014-10-08T19:27:20","modified_gmt":"2014-10-08T19:27:20","slug":"carnaval-semen-y-alcohol","status":"publish","type":"post","link":"https:\/\/lospoliticosveracruz.com.mx\/?p=9032","title":{"rendered":"\u00a1Carnaval, semen y alcohol!"},"content":{"rendered":"<p><strong>Salvador Mu\u00f1oz<\/strong><br \/><em>Los Pol\u00edticos<\/em><\/p>\n<p>Ya con el t\u00edtulo, los ojos puros y transparentes de las damas y caballeros de la Vela Perpetua del Santo Abascal pueden omitir la lectura.<br \/>La informaci\u00f3n siguiente llamar\u00e1 la atenci\u00f3n de algunos caballeros, algunas damas adem\u00e1s de uno que otro metrosexual.<br \/>Dos puntos que llaman la atenci\u00f3n ahora que arranc\u00f3 el Carnaval jarocho con la quema del mal humor (aunque dicen los porte\u00f1os que debi\u00f3 ser la quema del mal r(h)umor llevando a la hoguera a la s\u00edndica Rosa Mar\u00eda J\u00e1come y la regidora Nieves S\u00e1nchez.<br \/>Por cierto, de haber sido as\u00ed, no habr\u00eda necesidad de utilizar encendedores o cerillos para el holocausto, pues dicen que hubiera bastado la lengua de las damas\u2026 \u00a1con su boquita queman a un ayuntamiento!).<br \/>Se menciona al Carnaval por la supuesta fiesta de la carne, el desenfreno y la locuacidad propia de tal fiesta que siempre origina pol\u00e9mica, pues por la venta de bebidas alcoholizadas y la aparente desinhibici\u00f3n a tener sexo (gracias por los Condones, sector Salud) con quien uno quiera.<br \/>Primer Punto:<br \/>Ahora resulta que el alcohol puede mejorar el desempe\u00f1o sexual de quien toma moderadamente\u2026<br \/>Entonces, por favor, no culpemos a Juan \u201cChuperto\u201d ni a do\u00f1a Nieves si les encanta el vino\u2026 si les encanta hacerla de Jes\u00fas (por eso de \u201candar en el agua\u201d) ahora se entiende\u2026<br \/>Y efectivamente, de acuerdo a los estudios del australiano Kew-Kin Chew, si uno bebe moderadamente la impotencia pasa a ser historia\u2026<br \/>Pero\u2026 con exceso, no hay sexo; aunque en el caso de Juan \u201cChuperto\u201d se mantiene la constante: Un buen desempe\u00f1o en la cama\u2026 \u00a1Dicen que se queda bien dormido!<br \/>El otro punto es todav\u00eda m\u00e1s sorprendente\u2026<br \/>Le advierto caro lector que si es f\u00e1cil de asquearse, omita de una vez la lectura porque sencillamente ni yo ni esta casa editorial nos hacemos responsables si \u201cguacarea\u201d:<br \/>\u00a1Ahora resulta que aplicando semen en la cara se produce un retroceso en la vejez!<br \/>\u00a1R\u00edase! Pero son las palabras de un cirujano pl\u00e1stico colombiano que, tras cientos de experimentos, praxis y repeticiones constantes ha llegado a esa conclusi\u00f3n.<br \/>Mart\u00edn Carrillo es el \u201cescatol\u00f3gico\u201d doctor que asegura que las egipcias (por supuesto, incluyendo a Cleopatra) utilizaban ese m\u00e9todo.<br \/>\u00a1Pero no s\u00f3lo en cara! \u00a1Tambi\u00e9n en busto y gl\u00fateos!<br \/>Bueno, he de precisar que el doctor asegura utilizar el semen como materia prima junto con otras sustancias que culminan en un frasco; aunque, en estos tiempos de crisis, sugiere utilizar a las damas, el \u201cel\u00edxir de la belleza\u201d de sus parejas.<br \/>\u00bfNot\u00f3 algo en los dos comentarios?<br \/>\u00a1Son sexistas!<br \/>En el primer punto, si eres mujer, ya estuvo que no te funciona ponerte hasta las chanclas para ser una bomba sexual. \u00a1Lo siento do\u00f1a Nieves! Queda descartada su afici\u00f3n a Baco con fines cient\u00edficos. Lo suyo es otro ped.. digo, otra cosa.<br \/>En el segundo punto, acaso menciona qu\u00e9 pasa con los \u201cmetrosexuales\u201d\u2026 \u00bfo habr\u00e1n de aplicarse por propia mano el menjurje hecho en casa?<br \/>\u00a1Son las locuras de la ciencia!<br \/>\u00bfSe imagina el d\u00eda en que salgan diciendo que la coca es buena para la educaci\u00f3n?<br \/>\u00bfO que las neuronas en una cabeza de lata funcionan mejor?<br \/>\u00bfO que golpear a tu novia garantiza tenerla a tus pies? Bueno, a menos que seas un ca-bernal y la noquees?<br \/>De verdad\u2026 no quiero imaginar el d\u00eda que nos salgan que el copro da m\u00e1s inteligencia porque eso s\u00ed se podr\u00eda rebatir\u2026 bastar\u00eda con ver la actitud de la regidora Nieves y de la s\u00edndica Rosa para ver que eso \u00a1jam\u00e1s ser\u00e1 posible! \u00a1Ah! Y apunten al Pen\u2026sado.<\/p>\n<p><strong>* <em>El Cemental Rojo<\/em> \u00a1en Tepetzintla! *<\/strong><br \/>El subsecretario de Infraestructura Regional de la Sedesma, Alberto Silva Ramos, inaugur\u00f3 a nombre del Gobernador del Estado, Fidel Herrera Beltr\u00e1n, la  Segunda Etapa de Construcci\u00f3n del Palacio Municipal de Tepetzintla. En el evento estuvieron presentes el alcalde Roberto Miguel Galv\u00e1n, as\u00ed como representantes de los sectores sociales y productivos de la regi\u00f3n. La obra se construye con recursos de la bursatlizaci\u00f3n, del programa \u201cPesos a Peso\u201d y del Ramo 033, con un monto aproximado a los 6 millones de pesos. El Subsecretario Alberto Silva, anunci\u00f3 500 acciones de piso fiel de manera inmediata para el municipio, el cual est\u00e1 catalogado de alta marginaci\u00f3n.<\/p>\n<p><strong>* Carla \u00a1qu\u00e9 buena onda!<\/strong><br \/>Tras una intensa jornada de audiencias a la militancia, Carla Rodr\u00edguez, Secretaria General del CDE del PRI, acudi\u00f3 a la Casa Hogar de la madre Angelita, en la colonia Rafael Lucio de Xalapa, para reconocer el esfuerzo escolar de las aproximadamente 30 ni\u00f1as que habitan ah\u00ed. La Casa Hogar alberga a 30 ni\u00f1as de entre uno a 13 a\u00f1os, tanto en situaci\u00f3n de abandono como hijas de madres trabajadoras de escasos recursos.<br \/>En un discreto y emotivo convivio, compartieron un pastel, algunos juegos y muchas sonrisas. Con sus acciones, Rodr\u00edguez G\u00f3mez reafirma que el PRI se preocupa por los sectores desprotegidos no s\u00f3lo cuando hay campa\u00f1as o cuando son d\u00edas festivos. El compromiso del Comit\u00e9 Directivo es una lucha constante por la justicia social.<\/p>\n","protected":false},"excerpt":{"rendered":"<p>Salvador Mu\u00f1ozLos Pol\u00edticos Ya con el t\u00edtulo, los ojos puros y transparentes de las damas y caballeros de la Vela Perpetua del Santo Abascal pueden omitir la lectura.La informaci\u00f3n siguiente llamar\u00e1 la atenci\u00f3n de algunos caballeros, algunas damas adem\u00e1s de uno que otro metrosexual.Dos puntos que llaman la atenci\u00f3n ahora que arranc\u00f3 el Carnaval jarocho [&hellip;]<\/p>\n","protected":false},"author":1,"featured_media":0,"comment_status":"open","ping_status":"open","sticky":false,"template":"","format":"standard","meta":{"_jetpack_newsletter_access":"","_jetpack_dont_email_post_to_subs":false,"_jetpack_newsletter_tier_id":0,"_jetpack_memberships_contains_paywalled_content":false,"_jetpack_memberships_contains_paid_content":false,"footnotes":""},"categories":[1],"tags":[],"class_list":["post-9032","post","type-post","status-publish","format-standard","hentry","category-sin-categoria"],"jetpack_featured_media_url":"","jetpack_sharing_enabled":true,"jetpack_shortlink":"https:\/\/wp.me\/p4Qcd3-2lG","_links":{"self":[{"href":"https:\/\/lospoliticosveracruz.com.mx\/index.php?rest_route=\/wp\/v2\/posts\/9032","targetHints":{"allow":["GET"]}}],"collection":[{"href":"https:\/\/lospoliticosveracruz.com.mx\/index.php?rest_route=\/wp\/v2\/posts"}],"about":[{"href":"https:\/\/lospoliticosveracruz.com.mx\/index.php?rest_route=\/wp\/v2\/types\/post"}],"author":[{"embeddable":true,"href":"https:\/\/lospoliticosveracruz.com.mx\/index.php?rest_route=\/wp\/v2\/users\/1"}],"replies":[{"embeddable":true,"href":"https:\/\/lospoliticosveracruz.com.mx\/index.php?rest_route=%2Fwp%2Fv2%2Fcomments&post=9032"}],"version-history":[{"count":0,"href":"https:\/\/lospoliticosveracruz.com.mx\/index.php?rest_route=\/wp\/v2\/posts\/9032\/revisions"}],"wp:attachment":[{"href":"https:\/\/lospoliticosveracruz.com.mx\/index.php?rest_route=%2Fwp%2Fv2%2Fmedia&parent=9032"}],"wp:term":[{"taxonomy":"category","embeddable":true,"href":"https:\/\/lospoliticosveracruz.com.mx\/index.php?rest_route=%2Fwp%2Fv2%2Fcategories&post=9032"},{"taxonomy":"post_tag","embeddable":true,"href":"https:\/\/lospoliticosveracruz.com.mx\/index.php?rest_route=%2Fwp%2Fv2%2Ftags&post=9032"}],"curies":[{"name":"wp","href":"https:\/\/api.w.org\/{rel}","templated":true}]}}