{"id":9033,"date":"2009-02-19T03:12:00","date_gmt":"2009-02-19T03:12:00","guid":{"rendered":"http:\/\/www.lospoliticosveracruz.com.mx\/?p=9033"},"modified":"2014-10-08T19:27:20","modified_gmt":"2014-10-08T19:27:20","slug":"el-costo-del-agua-y-el-valor-del-arbol","status":"publish","type":"post","link":"https:\/\/lospoliticosveracruz.com.mx\/?p=9033","title":{"rendered":"El costo del Agua y el valor del \u00c1rbol"},"content":{"rendered":"<p><strong>Jaime Gregorio Ortiz Alarc\u00f3n<\/strong><\/p>\n<p>Es verdaderamente incre\u00edble la propuesta de cobrarle a los Xalape\u00f1os  $15.00 adicional en el recibo del agua para apoyar a mitigar las zonas da\u00f1adas del Cofre de Perote. Incre\u00edble por dos razones, pro que se nos acaba de aumentar el cobro en el recibo por concepto de saneamiento lo que ha originado que los recibos lleguen a ser de casi el doble de costo anterior, pero lo que hace m\u00e1s incre\u00edble la propuesta es la forma tan desesperante con la que se plantea, por que estamos seguros que tanto Investigadores Universitarios como Autoridades de los Municipios colindantes del Cofre conocen la situaci\u00f3n de los Xalape\u00f1os en el costo del consumo del agua.  Reforestar o quedarnos sin agua es el gran dilema, porque quienes tendremos que pagar ambos costos, el de la reforestaci\u00f3n y el de consumo de agua somos nosotros, los usuarios, quienes debemos participar en ambos casos, pero sin que nos veamos afectados aun m\u00e1s en nuestros bolsillos, casi vac\u00edos por los efectos de esta crisis, por ello es que me atrevo a escribir estas l\u00edneas y proponer a las autoridades y lectores lo que a continuaci\u00f3n describo.  <br \/>1. Los Organismos Operadores del Agua de lo que  recaudan por medio del cobro por el consumo del agua a los usuarios, pagan a la Federaci\u00f3n por concepto de aprovechamiento de los mantos acu\u00edferos, r\u00edos, manantiales o lagunas a trav\u00e9s de CONAGUA, quien debe de dedicar una partida de esos recursos a la reforestaci\u00f3n de zonas de reserva ecol\u00f3gica como la del Cofre de Perote, esto significa que nosotros los usuarios siempre hemos aportado y participado con nuestro pago.<br \/>2. Que si bien es cierto, debemos mejorar los mecanismos de recaudaci\u00f3n para que estos sean justos, no se debe sobre cobrar a quienes lo hacemos con puntualidad.<br \/>3. Para apoyar las medidas de conservaci\u00f3n del Cofre se deben tomar paralelamente otras medidas, como la de evitar la deforestaci\u00f3n y para ello es necesario que la tala y venta de madera deje de ser un jugoso negocio, por que de nada sirve reforestar hoy sino no se acaba con el negocio de la tala, por que estaremos sembrando la materia prima de los talamontes del ma\u00f1ana. Esto no es tan dif\u00edcil como parece, se requiere apoyo y apertura a empresas de reciclaje de pl\u00e1sticos \u201cPET\u201d. Hace apenas un par de a\u00f1o, SIRBE Veracruz , Sistemas Integrales de Recuperaci\u00f3n de Basura Especializada se instalo cerca de las oficinas de la Delegaci\u00f3n Norte del Ayuntamiento presentaba acciones encaminadas a la b\u00fasqueda de nuevas alternativas para resolver el problema de la limpia p\u00fablica y trasforma los desechos de pl\u00e1stico en tablas pl\u00e1sticas con las que se pueden construir muebles o todo tipo de objetos o art\u00edculos para el hogar, oficina o escuelas trayendo como principal consecuencia una opci\u00f3n para evitar la tala de \u00e1rboles y acabar con ese negocio il\u00edcito, la contaminaci\u00f3n del subsuelo con residuos s\u00f3lidos pl\u00e1sticos que no se biodegradan, que tapan los drenajes provocando inundaciones, que permite que todos los envases, envolturas de celof\u00e1n en que nos venden los comestibles, detergentes, suavizantes y dem\u00e1s art\u00edculos se reutilicen y sirvan para elaborar la tabla de pl\u00e1stico, sustituto de la madera. La recicla del pl\u00e1stico ayuda a dar mas vida a los rellenos sanitarios, disminuye los costos de la recolecci\u00f3n de basura, su volumen en casi un 40%, retira los pl\u00e1sticos de los recipientes de basura y de las calles, los transforma en materia prima para la elaboraci\u00f3n de la tabla pl\u00e1stica, da empleo a quienes mas lo necesitan y pone precio a la basura pl\u00e1stica,  la empresa era dirigida, por el Cap. Rub\u00e9n Franco Vallejo quien por falta de apoyo cerro pocos meses despu\u00e9s. Para prueba visite el Parque Natura y observe que la bancas que parecen de madera rustica son de pl\u00e1stico.<br \/>Las ventajas de este material son en primer lugar que se convertir\u00e1 en el sustituto de la madera lo que evitara la tala inmoderada de \u00e1rboles y con ello el deterioro del medio ambiente, reducir\u00e1 en un 40 o 50 % la cantidad de basura en las calles y en el relleno sanitario ya que se convertir\u00e1 en materia prima y no en basura como sucede hasta la fecha<br \/>4. Consideramos que una acci\u00f3n a mediano plazo para ayudar a la conservaci\u00f3n del medio ambiente es la creaci\u00f3n de una Escuela de Guardabosques, en las faldas del Cofre de Perote, que se  instale en alg\u00fan municipio o poblado ubicado en las faldas del Cofre para aprovechar la oportunidad  que este  brinda para conjuntar practica y teor\u00eda, con un programa de estudio t\u00e9cnico a nivel bachillerato que sea una opci\u00f3n para hombres y mujeres con vocaci\u00f3n para el cuidado y salvaguarda del medio ambiente, que no busquen el t\u00edtulo profesional como meta, si no el rescate y supervivencia de la vida como servicio a la humanidad, que les de los conocimientos: legales, administrativos, t\u00e9cnicos, forestales, agr\u00edcolas, pisc\u00edcolas, ganadero, flora, fauna, aforo de nacimiento y caudales y calidad del agua, calidad del aire, prevenci\u00f3n de incendios, siniestros, medio ambiente, contaminaci\u00f3n, delitos forestales y contra flora y la fauna, el comercio y aprovechamiento de los recursos naturales, reforestaci\u00f3n o repoblaci\u00f3n forestal, viveros, plagas y enfermedades, participaci\u00f3n ciudadana, programa de ense\u00f1anza a ni\u00f1os y j\u00f3venes, planeaci\u00f3n, investigaci\u00f3n, que otorguen la seguridad al turismos ecol\u00f3gico, de monta\u00f1a y de deportes extremos. Que en s\u00edntesis asegure la vigilancia, conservaci\u00f3n, mantenimiento y protecci\u00f3n del medio natural.<br \/>Sin duda tendremos que buscar la mejor forma de enfrentar esta otra gran crisis y apoyar a nuestros hermanos de Perote, pero tenemos que combinar esfuerzos  para optimizar recursos, si se debe hacer crecer el empleo que sea en \u00e1reas que mejoren y conserven el ambiente, si queremos fortalecer la industria que sea para fortalecer las medidas para su cuidado, si apoyamos la econom\u00eda de la sociedad, ofertemos art\u00edculos duraderos hechos por nuestros artesanos. Solo falta organizaci\u00f3n y combinaci\u00f3n de voluntades.<\/p>\n<p>Xalapa Ver. Febrero 18 de 2009<\/p>\n<p>jymortiz@hotmail.com<\/p>\n","protected":false},"excerpt":{"rendered":"<p>Jaime Gregorio Ortiz Alarc\u00f3n Es verdaderamente incre\u00edble la propuesta de cobrarle a los Xalape\u00f1os $15.00 adicional en el recibo del agua para apoyar a mitigar las zonas da\u00f1adas del Cofre de Perote. Incre\u00edble por dos razones, pro que se nos acaba de aumentar el cobro en el recibo por concepto de saneamiento lo que ha [&hellip;]<\/p>\n","protected":false},"author":1,"featured_media":0,"comment_status":"open","ping_status":"open","sticky":false,"template":"","format":"standard","meta":{"_jetpack_newsletter_access":"","_jetpack_dont_email_post_to_subs":false,"_jetpack_newsletter_tier_id":0,"_jetpack_memberships_contains_paywalled_content":false,"_jetpack_memberships_contains_paid_content":false,"footnotes":""},"categories":[1],"tags":[],"class_list":["post-9033","post","type-post","status-publish","format-standard","hentry","category-sin-categoria"],"jetpack_featured_media_url":"","jetpack_sharing_enabled":true,"jetpack_shortlink":"https:\/\/wp.me\/p4Qcd3-2lH","_links":{"self":[{"href":"https:\/\/lospoliticosveracruz.com.mx\/index.php?rest_route=\/wp\/v2\/posts\/9033","targetHints":{"allow":["GET"]}}],"collection":[{"href":"https:\/\/lospoliticosveracruz.com.mx\/index.php?rest_route=\/wp\/v2\/posts"}],"about":[{"href":"https:\/\/lospoliticosveracruz.com.mx\/index.php?rest_route=\/wp\/v2\/types\/post"}],"author":[{"embeddable":true,"href":"https:\/\/lospoliticosveracruz.com.mx\/index.php?rest_route=\/wp\/v2\/users\/1"}],"replies":[{"embeddable":true,"href":"https:\/\/lospoliticosveracruz.com.mx\/index.php?rest_route=%2Fwp%2Fv2%2Fcomments&post=9033"}],"version-history":[{"count":0,"href":"https:\/\/lospoliticosveracruz.com.mx\/index.php?rest_route=\/wp\/v2\/posts\/9033\/revisions"}],"wp:attachment":[{"href":"https:\/\/lospoliticosveracruz.com.mx\/index.php?rest_route=%2Fwp%2Fv2%2Fmedia&parent=9033"}],"wp:term":[{"taxonomy":"category","embeddable":true,"href":"https:\/\/lospoliticosveracruz.com.mx\/index.php?rest_route=%2Fwp%2Fv2%2Fcategories&post=9033"},{"taxonomy":"post_tag","embeddable":true,"href":"https:\/\/lospoliticosveracruz.com.mx\/index.php?rest_route=%2Fwp%2Fv2%2Ftags&post=9033"}],"curies":[{"name":"wp","href":"https:\/\/api.w.org\/{rel}","templated":true}]}}