{"id":9036,"date":"2009-02-17T18:42:00","date_gmt":"2009-02-17T18:42:00","guid":{"rendered":"http:\/\/www.lospoliticosveracruz.com.mx\/?p=9036"},"modified":"2014-10-08T19:27:53","modified_gmt":"2014-10-08T19:27:53","slug":"torneo-de-golf-de-la-amistad-luis-benitez-cordoba","status":"publish","type":"post","link":"https:\/\/lospoliticosveracruz.com.mx\/?p=9036","title":{"rendered":"Torneo de Golf de la Amistad Luis Ben\u00edtez C\u00f3rdoba"},"content":{"rendered":"<p><a href=\"http:\/\/www.lospoliticosveracruz.com.mx\/wp-content\/uploads\/2009\/02\/golf.jpg\"><img decoding=\"async\" style=\"display:block; margin:0px auto 10px; text-align:center;cursor:pointer; cursor:hand;width: 400px; height: 266px;\" src=\"http:\/\/www.lospoliticosveracruz.com.mx\/wp-content\/uploads\/2009\/02\/golf-300x199.jpg\" border=\"0\" alt=\"\"id=\"BLOGGER_PHOTO_ID_5303839906642827346\" \/><\/a><br \/><strong>Pedro Rizo<\/strong><\/p>\n<p>Con gran \u00e9xito se llev\u00f3 a cabo el torneo de golf de la amistad Luis Ben\u00edtez C\u00f3rdoba  2009, el fin de semana pasado, en el club de golf de Xalapa.<br \/>El torneo se jug\u00f3 en la modalidad de parejas y la premiaci\u00f3n se festej\u00f3 con una comida organizada por la comitiva del club a cargo del presidente Alberto Barrenechea quien pidi\u00f3 a Luis Ben\u00edtez hijo dirigiera unas palabras.<br \/>Despu\u00e9s, Germ\u00e1n Herrera, encargado de la organizaci\u00f3n de los torneos, dio comienzo a la premiaci\u00f3n de los ganadores.<br \/>En la categor\u00eda \u201cA\u201d Caballeros, la pareja de Gast\u00f3n Hern\u00e1ndez pap\u00e1 e hijo, se adjudicaron el primer lugar, seguido de ellos Carlos Vel\u00e1squez y Carlos Silva.<br \/>En la categor\u00eda \u201cB\u201d la pareja de Samuel Tapia y Francisco Fern\u00e1ndez abrieron el primer lugar, el segundo lugar fue para Alberto Nava y Erick Nava.<br \/>En la categor\u00eda Damas las ganadoras del primer lugar fueron Lilia Rivas y Ana Gabriela Morales, el segundo lugar fue para Susana de Galv\u00e1n y Adriana Fern\u00e1ndez.  <br \/>Finalmente se premi\u00f3 a los mejores \u201cO\u201dyes de los dos d\u00edas, para as\u00ed mismo dar por concluido este torneo.<\/p>\n","protected":false},"excerpt":{"rendered":"<p>Pedro Rizo Con gran \u00e9xito se llev\u00f3 a cabo el torneo de golf de la amistad Luis Ben\u00edtez C\u00f3rdoba 2009, el fin de semana pasado, en el club de golf de Xalapa.El torneo se jug\u00f3 en la modalidad de parejas y la premiaci\u00f3n se festej\u00f3 con una comida organizada por la comitiva del club a [&hellip;]<\/p>\n","protected":false},"author":1,"featured_media":0,"comment_status":"open","ping_status":"open","sticky":false,"template":"","format":"standard","meta":{"_jetpack_newsletter_access":"","_jetpack_dont_email_post_to_subs":false,"_jetpack_newsletter_tier_id":0,"_jetpack_memberships_contains_paywalled_content":false,"_jetpack_memberships_contains_paid_content":false,"footnotes":""},"categories":[1],"tags":[],"class_list":["post-9036","post","type-post","status-publish","format-standard","hentry","category-sin-categoria"],"jetpack_featured_media_url":"","jetpack_sharing_enabled":true,"jetpack_shortlink":"https:\/\/wp.me\/p4Qcd3-2lK","_links":{"self":[{"href":"https:\/\/lospoliticosveracruz.com.mx\/index.php?rest_route=\/wp\/v2\/posts\/9036","targetHints":{"allow":["GET"]}}],"collection":[{"href":"https:\/\/lospoliticosveracruz.com.mx\/index.php?rest_route=\/wp\/v2\/posts"}],"about":[{"href":"https:\/\/lospoliticosveracruz.com.mx\/index.php?rest_route=\/wp\/v2\/types\/post"}],"author":[{"embeddable":true,"href":"https:\/\/lospoliticosveracruz.com.mx\/index.php?rest_route=\/wp\/v2\/users\/1"}],"replies":[{"embeddable":true,"href":"https:\/\/lospoliticosveracruz.com.mx\/index.php?rest_route=%2Fwp%2Fv2%2Fcomments&post=9036"}],"version-history":[{"count":0,"href":"https:\/\/lospoliticosveracruz.com.mx\/index.php?rest_route=\/wp\/v2\/posts\/9036\/revisions"}],"wp:attachment":[{"href":"https:\/\/lospoliticosveracruz.com.mx\/index.php?rest_route=%2Fwp%2Fv2%2Fmedia&parent=9036"}],"wp:term":[{"taxonomy":"category","embeddable":true,"href":"https:\/\/lospoliticosveracruz.com.mx\/index.php?rest_route=%2Fwp%2Fv2%2Fcategories&post=9036"},{"taxonomy":"post_tag","embeddable":true,"href":"https:\/\/lospoliticosveracruz.com.mx\/index.php?rest_route=%2Fwp%2Fv2%2Ftags&post=9036"}],"curies":[{"name":"wp","href":"https:\/\/api.w.org\/{rel}","templated":true}]}}